{"id":63,"date":"2008-10-12T10:09:00","date_gmt":"2008-10-12T08:09:00","guid":{"rendered":"http:\/\/blogs.avui.cat\/jaumepubill\/2008\/10\/12\/catalunya-cap-on-vas\/"},"modified":"2008-12-23T23:22:10","modified_gmt":"2008-12-23T23:22:10","slug":"catalunya-cap-on-vas","status":"publish","type":"post","link":"https:\/\/blogs.avui.cat\/jaumepubill\/2008\/10\/12\/catalunya-cap-on-vas\/","title":{"rendered":"Catalunya, cap on vas?"},"content":{"rendered":"<p><a href=\"https:\/\/i0.wp.com\/4.bp.blogspot.com\/_zjWZlCuhS_k\/SPGxJLtAIqI\/AAAAAAAALM0\/Tw_xuk57BVI\/s1600-h\/P9100154.JPG\"><img data-recalc-dims=\"1\" decoding=\"async\" border=\"0\" src=\"https:\/\/i0.wp.com\/4.bp.blogspot.com\/_zjWZlCuhS_k\/SPGxJLtAIqI\/AAAAAAAALM0\/Tw_xuk57BVI\/s400\/P9100154.JPG\" \/><\/a><\/p>\n<h4>Avui m\u2019he trobat un amic quan sortia a passejar. Els dissabtes tinc m\u00e9s temps. Hem caminat una bona estona junts tot parlant de mil temes.<\/h4>\n<h4>Per\u00f2 el tema estrella ha estat la crisi, com quasi en totes les converses intrascendents d\u2019aquest intrascendent pa\u00eds nostre.<\/h4>\n<h4>I dic aix\u00f2 perqu\u00e8 la conversa ha derivat cap a com ens afectar\u00e0 la crisi al nostre pa\u00eds. Perqu\u00e8 no tinc cap mena de dubte que ens afectar\u00e0 m\u00e9s que a altres pa\u00efsos. Sobretot perqu\u00e8 \u00a0tenim uns governants que no saben enfrontar els problemes importants units. \u00c9s clar que cada partit t\u00e9 el dret -i el deure- de seguir el seu propi cam\u00ed. Per\u00f2 enfront a problemes com els que ens venen no hi ha dret que estiguin tan dividits. Madrid se\u2019ns menjar\u00e0 vius.\u00a0<\/h4>\n<h4>Li deia al meu amic que Catalunya d\u00f3na la impressi\u00f3 que no sap on va. I els catalans (\u00e9s clar que parlo per mi mateix, per\u00f2 ho sento sovint a altres) no sabr\u00edem a qui votar per tal que ens representessin dignament. I aix\u00f2 considero que \u00e9s de les coses m\u00e9s tristes que poden passar en un pa\u00eds.<\/h4>\n<h4>\u00c9s clar que no passarem gana. Per\u00f2 les reivindicacions nacionals \u00a0de molta gent es veuran estroncades i abandonades per m\u00e9s endavant. I els de m\u00e9s enll\u00e0 de l\u2019 Ebre es faran un tip de riure.<\/h4>\n<h4>El meu amic -que est\u00e0 prejubilat- diu que ell ja no vota. Que ja se n\u2019ha cansat de tanta farsa i tantes promeses incomplertes. Em sembla que aquesta bossa cada cop es far\u00e0 m\u00e9s gran i els pol\u00edtics continuaran impert\u00e8rrits. No s\u00e9 fins quan\u2026\u00a0<\/h4>\n","protected":false},"excerpt":{"rendered":"<p>Avui m\u2019he trobat un amic quan sortia a passejar. Els dissabtes tinc m\u00e9s temps. Hem caminat una bona estona junts tot parlant de mil temes. Per\u00f2 el tema estrella ha estat la crisi, com quasi en totes les converses intrascendents d\u2019aquest intrascendent pa\u00eds nostre. I dic aix\u00f2 perqu\u00e8 la conversa ha derivat cap a com [&hellip;]<\/p>\n","protected":false},"author":214,"featured_media":0,"comment_status":"open","ping_status":"open","sticky":false,"template":"","format":"standard","meta":{"_jetpack_memberships_contains_paid_content":false,"footnotes":"","jetpack_publicize_message":"","jetpack_publicize_feature_enabled":true,"jetpack_social_post_already_shared":false,"jetpack_social_options":{"image_generator_settings":{"template":"highway","default_image_id":0,"font":"","enabled":false},"version":2}},"categories":[877],"tags":[],"class_list":["post-63","post","type-post","status-publish","format-standard","hentry","category-catalunya"],"jetpack_publicize_connections":[],"jetpack_featured_media_url":"","jetpack_shortlink":"https:\/\/wp.me\/pagkjs-11","jetpack-related-posts":[],"jetpack_sharing_enabled":true,"_links":{"self":[{"href":"https:\/\/blogs.avui.cat\/jaumepubill\/wp-json\/wp\/v2\/posts\/63","targetHints":{"allow":["GET"]}}],"collection":[{"href":"https:\/\/blogs.avui.cat\/jaumepubill\/wp-json\/wp\/v2\/posts"}],"about":[{"href":"https:\/\/blogs.avui.cat\/jaumepubill\/wp-json\/wp\/v2\/types\/post"}],"author":[{"embeddable":true,"href":"https:\/\/blogs.avui.cat\/jaumepubill\/wp-json\/wp\/v2\/users\/214"}],"replies":[{"embeddable":true,"href":"https:\/\/blogs.avui.cat\/jaumepubill\/wp-json\/wp\/v2\/comments?post=63"}],"version-history":[{"count":0,"href":"https:\/\/blogs.avui.cat\/jaumepubill\/wp-json\/wp\/v2\/posts\/63\/revisions"}],"wp:attachment":[{"href":"https:\/\/blogs.avui.cat\/jaumepubill\/wp-json\/wp\/v2\/media?parent=63"}],"wp:term":[{"taxonomy":"category","embeddable":true,"href":"https:\/\/blogs.avui.cat\/jaumepubill\/wp-json\/wp\/v2\/categories?post=63"},{"taxonomy":"post_tag","embeddable":true,"href":"https:\/\/blogs.avui.cat\/jaumepubill\/wp-json\/wp\/v2\/tags?post=63"}],"curies":[{"name":"wp","href":"https:\/\/api.w.org\/{rel}","templated":true}]}}