{"id":6294,"date":"2017-10-09T21:57:27","date_gmt":"2017-10-09T20:57:27","guid":{"rendered":"http:\/\/blogs.avui.cat\/jaumepubill\/?p=6294"},"modified":"2017-10-09T21:57:27","modified_gmt":"2017-10-09T20:57:27","slug":"lhora-del-poble","status":"publish","type":"post","link":"https:\/\/blogs.avui.cat\/jaumepubill\/2017\/10\/09\/lhora-del-poble\/","title":{"rendered":"L\u2019HORA DEL POBLE"},"content":{"rendered":"<p><img data-recalc-dims=\"1\" loading=\"lazy\" decoding=\"async\" class=\"size-medium aligncenter\" src=\"https:\/\/i0.wp.com\/srv.latostadora.com\/canvas.dll\/hola_republica--i%3A135623151046801356232116321%3Bb%3Af8f8f8%3Bs%3AD_G1%3Bf%3Af%3Bk%3A706b24e1cdcfe087b5e1202084f8c4ff.jpg?resize=437%2C520&#038;ssl=1\" width=\"437\" height=\"520\" \/><\/p>\n<p>&nbsp;<\/p>\n<p><span style=\"font-family: Verdana, sans-serif\"><span style=\"font-size: medium\">Tots esperem amb frisan\u00e7a les 6 de la tarda de dem\u00e0. Esperem a veure qu\u00e8 dir\u00e0 i com dir\u00e0 <\/span><\/span><strong><span style=\"font-family: Verdana, sans-serif\"><span style=\"font-size: medium\">l\u2019Honorable President de Catalunya, Carles Puigdemont<\/span><\/span><\/strong><span style=\"font-family: Verdana, sans-serif\"><span style=\"font-size: medium\">, que el poble catal\u00e0 vol independitzar-se d\u2019una Espanya que ens menyst\u00e9 i ens humilia permanentment de fa segles, per\u00f2 amb m\u00e9s intensitat, si cal, aquests darrers temps.<\/span><\/span><\/p>\n<p><span style=\"font-family: Verdana, sans-serif\"><span style=\"font-size: medium\">Per\u00f2 ens equivocar\u00edem si pens\u00e9ssim que \u00e9s el President Pigdemont, amb tot el seu Govern, els que dem\u00e0 a la tarda seran protagonistes. Els protagonistes de deb\u00f2 s\u00f3n tota aquesta majoria de catalans que el diumenge, dia 1 d\u2019 octubre, van sortir amb decisi\u00f3, fermesa i valentia a dir que ja n\u2019hi havia prou de sotmetiment i que volem una rep\u00fablica independent.<\/span><\/span><\/p>\n<p><span style=\"font-family: Verdana, sans-serif\"><span style=\"font-size: medium\">Aquests dies hem pogut veure amb r\u00e0bia i tristesa una vegada i una altra tota la repressi\u00f3 que aquest tan poc democr\u00e0tic govern del PP va manar fer a les forces d\u2019ordre (o m\u00e9s aviat de desordre) p\u00fablic. Aix\u00ed i tot, el poble va aguantar amb esto\u00efcisme, infinita paci\u00e8ncia i pacifisme gandi\u00e0 totes les c\u00e0rregues policials i, a cada c\u00e0rrega, s\u2019anava carregant de ra\u00f3, de raons i determinaci\u00f3 per tirar endavant tot all\u00f2 que un dia va decidir comen\u00e7ar. \u00c9s per aix\u00f2 mateix que el Govern de Catalunya s\u2019ha sentit refor\u00e7at i legitimat a dur fins al final aquest proc\u00e9s que vam comen\u00e7ar ja fa temps amb mil i una dificultats.<\/span><\/span><\/p>\n<p><span style=\"font-family: Verdana, sans-serif\"><span style=\"font-size: medium\">Dem\u00e0 ser\u00e0 un dia important i caldr\u00e0 estar m\u00e9s que mai al costat dels nostres<span style=\"color: #000000\"> representants i governants i fer-los confian\u00e7a perqu\u00e8 fins ara no ens han fallat i ells han estat els primers en donar la cara sense por. Dem\u00e0 caldr\u00e0 seguir sent pac\u00edfics, estar m\u00e9s serens i units que mai i continuar amb aquesta <strong>\u00abrevoluci\u00f3 dels somriures\u00bb<\/strong>, tal com la va batejar la <strong>Muriel Casals<\/strong>. No tinguem pressa. Mirem de no equivocar-nos. Cal estar disposats a dialogar tant com faci falta. Caldr\u00e0 anar a buscar els negociadors que faci falta i asseure\u2019ns a la taula tant temps com sigui necessari. Caldr\u00e0 que alg\u00fa obligui al govern espanyol a acceptar-ho i fer negociacions d\u2019igual a igual. Per\u00f2, com que tenim la ra\u00f3, estem conven\u00e7uts que al final la ra\u00f3 triomfar\u00e0. <\/span><\/span><\/span><\/p>\n<p><span style=\"color: #000000\"><span style=\"font-family: Verdana, sans-serif\"><span style=\"font-size: medium\">No volem discutir res des de l\u2019enfrontament sin\u00f3 des del respecte als altres. No ens enfrontem a ning\u00fa. No volem el mal de ning\u00fa. Nom\u00e9s volem ser nosaltres mateixos i decidir el nostre futur amb llibertat i no continuar amb la ignom\u00ednia que significa la situaci\u00f3 actual.<\/span><\/span><\/span><\/p>\n<p><span style=\"font-family: Verdana, sans-serif\"><span style=\"font-size: medium\"><span style=\"color: #000000\">Dem\u00e0 acompanyem el Govern i el Parlament cadasc\u00fa all\u00e0 on sigui. Molts hi seran f\u00edsicament presents per donar-los for\u00e7a i escalf. Els altres ho farem en esperit, per\u00f2 tamb\u00e9 hi serem. Per\u00f2 cal que recordem tots una cosa: <strong>caldran molts herois, per\u00f2 no ens calen m\u00e0rtirs<\/strong>. Hem de procurar que tots puguem fer el cim.<\/span><\/span><\/span><\/p>\n<p>&nbsp;<\/p>\n<p>&nbsp;<\/p>\n","protected":false},"excerpt":{"rendered":"<p>&nbsp; Tots esperem amb frisan\u00e7a les 6 de la tarda de dem\u00e0. Esperem a veure qu\u00e8 dir\u00e0 i com dir\u00e0 l\u2019Honorable President de Catalunya, Carles Puigdemont, que el poble catal\u00e0 vol independitzar-se d\u2019una Espanya que ens menyst\u00e9 i ens humilia permanentment de fa segles, per\u00f2 amb m\u00e9s intensitat, si cal, aquests darrers temps. Per\u00f2 ens [&hellip;]<\/p>\n","protected":false},"author":214,"featured_media":0,"comment_status":"open","ping_status":"open","sticky":false,"template":"","format":"standard","meta":{"_jetpack_memberships_contains_paid_content":false,"footnotes":"","jetpack_publicize_message":"","jetpack_publicize_feature_enabled":true,"jetpack_social_post_already_shared":false,"jetpack_social_options":{"image_generator_settings":{"template":"highway","default_image_id":0,"font":"","enabled":false},"version":2}},"categories":[877,643],"tags":[31863,31850],"class_list":["post-6294","post","type-post","status-publish","format-standard","hentry","category-catalunya","category-independencia","tag-catalunya","tag-independencia"],"jetpack_publicize_connections":[],"jetpack_featured_media_url":"","jetpack_shortlink":"https:\/\/wp.me\/pagkjs-1Dw","jetpack-related-posts":[],"jetpack_sharing_enabled":true,"_links":{"self":[{"href":"https:\/\/blogs.avui.cat\/jaumepubill\/wp-json\/wp\/v2\/posts\/6294","targetHints":{"allow":["GET"]}}],"collection":[{"href":"https:\/\/blogs.avui.cat\/jaumepubill\/wp-json\/wp\/v2\/posts"}],"about":[{"href":"https:\/\/blogs.avui.cat\/jaumepubill\/wp-json\/wp\/v2\/types\/post"}],"author":[{"embeddable":true,"href":"https:\/\/blogs.avui.cat\/jaumepubill\/wp-json\/wp\/v2\/users\/214"}],"replies":[{"embeddable":true,"href":"https:\/\/blogs.avui.cat\/jaumepubill\/wp-json\/wp\/v2\/comments?post=6294"}],"version-history":[{"count":1,"href":"https:\/\/blogs.avui.cat\/jaumepubill\/wp-json\/wp\/v2\/posts\/6294\/revisions"}],"predecessor-version":[{"id":6295,"href":"https:\/\/blogs.avui.cat\/jaumepubill\/wp-json\/wp\/v2\/posts\/6294\/revisions\/6295"}],"wp:attachment":[{"href":"https:\/\/blogs.avui.cat\/jaumepubill\/wp-json\/wp\/v2\/media?parent=6294"}],"wp:term":[{"taxonomy":"category","embeddable":true,"href":"https:\/\/blogs.avui.cat\/jaumepubill\/wp-json\/wp\/v2\/categories?post=6294"},{"taxonomy":"post_tag","embeddable":true,"href":"https:\/\/blogs.avui.cat\/jaumepubill\/wp-json\/wp\/v2\/tags?post=6294"}],"curies":[{"name":"wp","href":"https:\/\/api.w.org\/{rel}","templated":true}]}}