{"id":6222,"date":"2017-09-01T10:12:13","date_gmt":"2017-09-01T09:12:13","guid":{"rendered":"http:\/\/blogs.avui.cat\/jaumepubill\/?p=6222"},"modified":"2017-09-01T10:23:08","modified_gmt":"2017-09-01T09:23:08","slug":"una-cosa-anomenada-etica","status":"publish","type":"post","link":"https:\/\/blogs.avui.cat\/jaumepubill\/2017\/09\/01\/una-cosa-anomenada-etica\/","title":{"rendered":"UNA COSA ANOMENADA \u00c8TICA"},"content":{"rendered":"<h2 class=\"date-header\"><img loading=\"lazy\" decoding=\"async\" class=\"alignleft\" src=\"https:\/\/upload.wikimedia.org\/wikipedia\/commons\/thumb\/b\/b9\/13_TV.svg\/885px-13_TV.svg.png\" width=\"227\" height=\"230\" \/><\/h2>\n<div class=\"date-posts\">\n<div class=\"post-outer\">\n<div class=\"post hentry\">\n<div id=\"post-body-3818878788863702213\" class=\"post-body entry-content\">\n<div align=\"justify\">\u201c<i><b>No podem callar m\u00e9s davant les opinions que, nit rere nit, s\u2019expressen en les tert\u00falies de 13 TV.\u201d\u00a0<\/b><\/i>Aquesta \u00e9s la queixa que una trentena de capellans de la di\u00f2cesi de Tarragona ha fet a trav\u00e9s d\u2019una carta dirigida al president de la Confer\u00e8ncia Episcopal Espanyola. No \u00e9s nou aquest tema. Fa anys que s\u2019arrossega i ja se n\u2019havien queixat els bisbes catalans. Pel que es veu, poc cas els van fer i tot ha seguit m\u00e9s o menys igual.<\/div>\n<div align=\"justify\"><\/div>\n<div align=\"justify\">Aquesta falta d\u2019\u00e8tica professional que demostren els dos principals mitjans de comunicaci\u00f3 de la Confer\u00e8ncia Episcopal Espanyola com son la COPE i 13 TV s\u00f3n el paradigma i l\u2019exemple perfecte de qu\u00e8 no hauria de ser un mitj\u00e0 de comunicaci\u00f3 que vulgui ser plural, lliure i cre\u00efble. Una societat plural ha de tenir mitjans plurals, tot i saber que sempre n\u2019hi haur\u00e0 alguns que no respectaran aquest principi. Per\u00f2 el problema no \u00e9s que alguns mitjans de comunicaci\u00f3 tinguin una l\u00ednia editorial partidista. Cadasc\u00fa t\u00e9 la que t\u00e9 i \u00e9s ben lliure de triar la que vulgui, si \u00e9s visible, clara i no es vulgui dissimular. El problema sorgeix quan veiem que entenen d\u2019una forma ben peculiar all\u00f2 que s\u2019anomena \u00e8tica professional. Quan no hi ha \u00e8tica no hi pot haver \u00e8tica professional. Quan un mitj\u00e0 de comunicaci\u00f3 creu que tot \u00e9s v\u00e0lid per tal de qu\u00e8 una not\u00edcia s\u2019escampi, anem malament. Aix\u00f2 \u00e9s un principi necessari en el camp period\u00edstic, per\u00f2 ho \u00e9s tamb\u00e9 en qualsevol altra professi\u00f3 i per aquest motiu existeixen els codis deontol\u00f2gics que regulen qualsevol activitat professional. La deontologia forma part de l\u2019\u00e8tica normativa i presenta una s\u00e8rie de principis i regles que haurien de ser d\u2019obligat compliment.<\/div>\n<div align=\"justify\"><\/div>\n<div align=\"justify\">\u00a0Suposo que aquest problema ha existit sempre, per\u00f2 s\u00ed que podem comprovar que aquests darrers temps s\u2019ha agreujat perillosament. En el cas dels mitjans de comunicaci\u00f3 de la Confer\u00e8ncia Episcopal Espanyola tot esdev\u00e9 molt m\u00e9s greu perqu\u00e8, essent com haurien de ser uns mitjans que difonguessin valors humans i cristians, el que fan massa sovint \u00e9s difondre antivalors. La Confer\u00e8ncia Episcopal Espanyola sost\u00e9 i finan\u00e7a uns mitjans que tenen un fons ideol\u00f2gic marcat per la intoler\u00e0ncia i l\u2019odi a tot all\u00f2 que sigui pol\u00edticament diferent del que ells pensen i molt sovint difonen valors contraris als de l\u2019evangeli de Jes\u00fas. S\u00f3n molts els que creiem que \u00e9s reprovable i denunciable que uns mitjans de comunicaci\u00f3 de l\u2019esgl\u00e9sia facin servir un to agressiu i humiliant com el que utilitzen contra aquells que pensen de manera diferent al pensament ultraconservador que ells tenen, tot ignorant el pluralisme ideol\u00f2gic de la mateixa esgl\u00e9sia i sense mantenir el m\u00ednim respecte a la persona, valor essencial i com\u00fa de la democr\u00e0cia i de l\u2019humanisme cristi\u00e0.<\/div>\n<div align=\"justify\"><\/div>\n<div align=\"justify\">Els bisbes, que tant sovint parlen de moral i tan sovint la consideren fonamental pel comportament de les persones, no haurien d\u2019oblidar que abans hi ha una cosa que es diu \u00e8tica. I sense \u00e8tica, poca moral hi pot haver&#8230;<\/div>\n<\/div>\n<\/div>\n<\/div>\n<\/div>\n","protected":false},"excerpt":{"rendered":"<p>\u201cNo podem callar m\u00e9s davant les opinions que, nit rere nit, s\u2019expressen en les tert\u00falies de 13 TV.\u201d\u00a0Aquesta \u00e9s la queixa que una trentena de capellans de la di\u00f2cesi de Tarragona ha fet a trav\u00e9s d\u2019una carta dirigida al president de la Confer\u00e8ncia Episcopal Espanyola. No \u00e9s nou aquest tema. Fa anys que s\u2019arrossega i [&hellip;]<\/p>\n","protected":false},"author":214,"featured_media":0,"comment_status":"open","ping_status":"open","sticky":false,"template":"","format":"standard","meta":{"_jetpack_memberships_contains_paid_content":false,"footnotes":"","jetpack_publicize_message":"","jetpack_publicize_feature_enabled":true,"jetpack_social_post_already_shared":false,"jetpack_social_options":{"image_generator_settings":{"template":"highway","default_image_id":0,"font":"","enabled":false},"version":2}},"categories":[81],"tags":[31822],"class_list":["post-6222","post","type-post","status-publish","format-standard","hentry","category-mitjans-de-comunicacio","tag-mitjans-de-comunicacio"],"jetpack_publicize_connections":[],"jetpack_featured_media_url":"","jetpack_shortlink":"https:\/\/wp.me\/pagkjs-1Cm","jetpack-related-posts":[],"jetpack_sharing_enabled":true,"_links":{"self":[{"href":"https:\/\/blogs.avui.cat\/jaumepubill\/wp-json\/wp\/v2\/posts\/6222","targetHints":{"allow":["GET"]}}],"collection":[{"href":"https:\/\/blogs.avui.cat\/jaumepubill\/wp-json\/wp\/v2\/posts"}],"about":[{"href":"https:\/\/blogs.avui.cat\/jaumepubill\/wp-json\/wp\/v2\/types\/post"}],"author":[{"embeddable":true,"href":"https:\/\/blogs.avui.cat\/jaumepubill\/wp-json\/wp\/v2\/users\/214"}],"replies":[{"embeddable":true,"href":"https:\/\/blogs.avui.cat\/jaumepubill\/wp-json\/wp\/v2\/comments?post=6222"}],"version-history":[{"count":3,"href":"https:\/\/blogs.avui.cat\/jaumepubill\/wp-json\/wp\/v2\/posts\/6222\/revisions"}],"predecessor-version":[{"id":6225,"href":"https:\/\/blogs.avui.cat\/jaumepubill\/wp-json\/wp\/v2\/posts\/6222\/revisions\/6225"}],"wp:attachment":[{"href":"https:\/\/blogs.avui.cat\/jaumepubill\/wp-json\/wp\/v2\/media?parent=6222"}],"wp:term":[{"taxonomy":"category","embeddable":true,"href":"https:\/\/blogs.avui.cat\/jaumepubill\/wp-json\/wp\/v2\/categories?post=6222"},{"taxonomy":"post_tag","embeddable":true,"href":"https:\/\/blogs.avui.cat\/jaumepubill\/wp-json\/wp\/v2\/tags?post=6222"}],"curies":[{"name":"wp","href":"https:\/\/api.w.org\/{rel}","templated":true}]}}