{"id":6218,"date":"2017-08-26T10:30:21","date_gmt":"2017-08-26T09:30:21","guid":{"rendered":"http:\/\/blogs.avui.cat\/jaumepubill\/?p=6218"},"modified":"2017-08-26T10:30:21","modified_gmt":"2017-08-26T09:30:21","slug":"maleida-manipulacio","status":"publish","type":"post","link":"https:\/\/blogs.avui.cat\/jaumepubill\/2017\/08\/26\/maleida-manipulacio\/","title":{"rendered":"MALE\u00cfDA MANIPULACI\u00d3"},"content":{"rendered":"<h3 class=\"post-title entry-title\"><a href=\"https:\/\/i0.wp.com\/www.segre.com\/uploads\/imagenes\/bajacalidad\/2017\/08\/23\/_ofrenaalarambla_cfd04597.jpg?ssl=1\"><img data-recalc-dims=\"1\" loading=\"lazy\" decoding=\"async\" class=\"alignleft\" src=\"https:\/\/i0.wp.com\/www.segre.com\/uploads\/imagenes\/bajacalidad\/2017\/08\/23\/_ofrenaalarambla_cfd04597.jpg?resize=320%2C211&#038;ssl=1\" width=\"320\" height=\"211\" border=\"0\" \/><\/a><\/h3>\n<div id=\"post-body-8859724561101871853\" class=\"post-body entry-content\">\n<div align=\"justify\">Fa poc m\u00e9s d\u2019una setmana que hi va haver dos atemptats a Catalunya. Ahir va haver-hi una manifestaci\u00f3 de repulsa a Cambrils i avui n\u2019hi haur\u00e0 una altra a Barcelona. Entretant, enmig de la tristor que aquests fets produeixen -mirant<span style=\"text-decoration: line-through\">&#8211;<\/span>ho per costat que vulguem- hem viscut una setmana plena de vergonyoses i ro\u00efnes manipulacions d\u2019aquests fets. Alguns mitjans de comunicaci\u00f3 espanyols -i tamb\u00e9 algun de catal\u00e0- han intentat des del primer moment inventar versions sense fonament, atacar els Mossos d\u2019Esquadra, la Generalitat i sembrar com m\u00e9s zitz\u00e0nia millor, en lloc de fer pinya en un moment tan delicat.<\/div>\n<div align=\"justify\"><\/div>\n<div align=\"justify\">Manipular es pot fer de moltes maneres: mentint grollerament i descarada; dient mitges veritats (que sovint s\u00f3n pitjors que una mentida) o simplement portant de forma molt interessada l\u2019aigua al seu mol\u00ed o, com dirien en castell\u00e0, \u00abarrimando el ascua a su sardina\u00bb. No \u00e9s cap cosa nova que alguns mirin d\u2019obtenir beneficis de certes situacions o fer un \u00fas interessat de les circumst\u00e0ncies que ens toca viure. Recordeu aquell terrible atemptat a Madrid de l\u201911-M en qu\u00e8 el PP va manipular les coses tant com va poder? Per\u00f2, com que ho va fer de forma tan maldestra, li va sortir el tret per la culata i va perdre bous i esquelles. Per\u00f2 sembla que no n\u2019han apr\u00e8s gens ni mica&#8230;<\/div>\n<div align=\"justify\"><\/div>\n<div align=\"justify\">Ara volen fer el mateix amb aquests atemptats aqu\u00ed Catalunya. I per aconseguir-ho compten amb la inestimable i sempre interessada ajuda d\u2019alguns mitjans de comunicaci\u00f3 que s\u2019han apuntat obertament a la tend\u00e8ncia de les \u00abfake news\u00bb, que consisteix a no voler explicar la realitat tal com \u00e9s sin\u00f3 en adaptar-la a les seves posicions pol\u00edtiques o mentals pr\u00e8vies. Si els cal canviar els fets per mentides i manipulacions ho fan sense cap tipus de vergonya i queden tan amples. Per sort la majoria de diaris catalans han sabut informar b\u00e9 (excepte El Peri\u00f3dico, que des del primer moment ha intoxicat de mala manera) i tamb\u00e9 han sabut fer-ho diaris de Madrid com PUBLICO o ELDIARIO.ES, que han fet b\u00e9 la seva feina, han deixat constantment amb el cul a l\u2019aire aquests altres mentiders i explicant les coses amb rigor i atenint-se a la veritat. Els considerats grans diaris de Madrid i les cadenes de TV m\u00e9s importants no estan fent altra cosa que el rid\u00edcul i pecar d\u2019una infinita falta d\u2019honestedat i de professionalitat. Els grans diaris estrangers -que tamb\u00e9 ho han sabut fer b\u00e9- no se\u2019n saben avenir i es posen les mans al cap veient tanta indec\u00e8ncia period\u00edstica.<\/div>\n<div align=\"justify\"><\/div>\n<div align=\"justify\">Aquesta tarda tocaria fer un acte on els protagonistes fossin el poble i els serveis p\u00fablics catalans. Les autoritats haurien de quedar-se en un discret segon o tercer lloc. Veurem si en seran capa\u00e7os&#8230; I preguntar-nos, per acabar, \u00bffins quan haurem de seguir essent espectadors d\u2019aquesta llastimosa tragicom\u00e8dia que ens estan oferint alguns mitjans de comunicaci\u00f3? \u00bfFins quan haurem d\u2019aguantar tantes mentides i aquesta male\u00efda manipulaci\u00f3? \u00bfFins quan haurem de seguir escoltant discursos plens d\u2019odi i racisme? \u00bfFins quan se seguir\u00e0 culpabilitzant una majoria de gent que, tot i tenir creences diferents, maneres de pensar o costums diferents, s\u00f3n igual o millors bones persones que qualsevol catal\u00e0? Ja n\u2019hi ha prou de sembrar odis i disc\u00f2rdies! Ja n\u2019hi ha prou de culpar l\u2019emigraci\u00f3 dels nostres propis defectes i mancances!<\/div>\n<div align=\"justify\"><\/div>\n<div align=\"justify\">Estic quasi segur que aquesta tarda el poble catal\u00e0 tornar\u00e0 a estar a l&#8217;altura de les circumst\u00e0ncies i far\u00e0 un just record i homenatge a totes les v\u00edctimes sense mirar de quin costat s\u00f3n. Perqu\u00e8 no hem d\u2019oblidar mai que les v\u00edctimes no s\u00f3n nom\u00e9s aquells que van atropellar a la Rambla de Barcelona o al passeig de Cambrils. V\u00edctimes s\u00f3n les fam\u00edlies dels morts i les dels que van matar. En el fons, v\u00edctimes ho som una mica tots. Recordem-ho.<\/div>\n<\/div>\n","protected":false},"excerpt":{"rendered":"<p>Fa poc m\u00e9s d\u2019una setmana que hi va haver dos atemptats a Catalunya. Ahir va haver-hi una manifestaci\u00f3 de repulsa a Cambrils i avui n\u2019hi haur\u00e0 una altra a Barcelona. Entretant, enmig de la tristor que aquests fets produeixen -mirant&#8211;ho per costat que vulguem- hem viscut una setmana plena de vergonyoses i ro\u00efnes manipulacions d\u2019aquests [&hellip;]<\/p>\n","protected":false},"author":214,"featured_media":0,"comment_status":"open","ping_status":"open","sticky":false,"template":"","format":"standard","meta":{"_jetpack_memberships_contains_paid_content":false,"footnotes":"","jetpack_publicize_message":"","jetpack_publicize_feature_enabled":true,"jetpack_social_post_already_shared":false,"jetpack_social_options":{"image_generator_settings":{"template":"highway","default_image_id":0,"font":"","enabled":false},"version":2}},"categories":[284],"tags":[31836],"class_list":["post-6218","post","type-post","status-publish","format-standard","hentry","category-terrorisme","tag-terrorisme"],"jetpack_publicize_connections":[],"jetpack_featured_media_url":"","jetpack_shortlink":"https:\/\/wp.me\/pagkjs-1Ci","jetpack-related-posts":[],"jetpack_sharing_enabled":true,"_links":{"self":[{"href":"https:\/\/blogs.avui.cat\/jaumepubill\/wp-json\/wp\/v2\/posts\/6218","targetHints":{"allow":["GET"]}}],"collection":[{"href":"https:\/\/blogs.avui.cat\/jaumepubill\/wp-json\/wp\/v2\/posts"}],"about":[{"href":"https:\/\/blogs.avui.cat\/jaumepubill\/wp-json\/wp\/v2\/types\/post"}],"author":[{"embeddable":true,"href":"https:\/\/blogs.avui.cat\/jaumepubill\/wp-json\/wp\/v2\/users\/214"}],"replies":[{"embeddable":true,"href":"https:\/\/blogs.avui.cat\/jaumepubill\/wp-json\/wp\/v2\/comments?post=6218"}],"version-history":[{"count":1,"href":"https:\/\/blogs.avui.cat\/jaumepubill\/wp-json\/wp\/v2\/posts\/6218\/revisions"}],"predecessor-version":[{"id":6219,"href":"https:\/\/blogs.avui.cat\/jaumepubill\/wp-json\/wp\/v2\/posts\/6218\/revisions\/6219"}],"wp:attachment":[{"href":"https:\/\/blogs.avui.cat\/jaumepubill\/wp-json\/wp\/v2\/media?parent=6218"}],"wp:term":[{"taxonomy":"category","embeddable":true,"href":"https:\/\/blogs.avui.cat\/jaumepubill\/wp-json\/wp\/v2\/categories?post=6218"},{"taxonomy":"post_tag","embeddable":true,"href":"https:\/\/blogs.avui.cat\/jaumepubill\/wp-json\/wp\/v2\/tags?post=6218"}],"curies":[{"name":"wp","href":"https:\/\/api.w.org\/{rel}","templated":true}]}}