{"id":6190,"date":"2017-08-06T18:41:25","date_gmt":"2017-08-06T17:41:25","guid":{"rendered":"http:\/\/blogs.avui.cat\/jaumepubill\/?p=6190"},"modified":"2017-08-06T18:41:25","modified_gmt":"2017-08-06T17:41:25","slug":"jordi-pujol-memories-1930-1980","status":"publish","type":"post","link":"https:\/\/blogs.avui.cat\/jaumepubill\/2017\/08\/06\/jordi-pujol-memories-1930-1980\/","title":{"rendered":"Jordi Pujol: MEM\u00d2RIES\u00a0(1930-1980)"},"content":{"rendered":"<h2 class=\"entry-title\"><img data-recalc-dims=\"1\" loading=\"lazy\" decoding=\"async\" class=\"  wp-image-7164 alignleft\" src=\"https:\/\/jaumepubill.files.wordpress.com\/2017\/08\/memories-jordi-pujol_historia-duna-conviccio.jpg?w=302&#038;h=450&#038;fit=302%2C450&#038;resize=302%2C450\" alt=\"memories-jordi-pujol_historia-duna-conviccio\" width=\"302\" height=\"450\" \/><\/h2>\n<div class=\"entry-content\">\n<p align=\"justify\">Acabo de llegir la primera part de les<b>mem\u00f2ries del President Pujol<\/b>\u00a0escrites pel periodista\u00a0<b>Manuel Cuy\u00e0s<\/b>\u00a0i publicades el 2007 (<a href=\"https:\/\/www.casadellibro.com\/libro-memories-1930---1980\/9788484370451\/1163376\" target=\"_blank\" rel=\"noopener noreferrer\">Mem\u00f2ries 1930-1980<\/a>). Em direu que, com sempre, vaig\u00a0una mica\u00a0tard. Segur que s\u00ed. Per\u00f2 hi ha coses, hi ha llibres, hi ha personatges, hi ha temes que no caduquen mai\u00a0i s\u00f3n intemporals. Ara que tot porta data de caducitat i ens\u00a0recomanen\u00a0que ens hi hem de fixar molt si no volem morir enverinats, sempre \u00e9s profit\u00f3s -i molt- retornar a temes antics i passats de moda (per alguns).<\/p>\n<p align=\"justify\">Ja sabem que unes mem\u00f2ries sempre han d\u2019anar acompanyades de molts interrogants. Els personatges que les escriuen expliquen exactament el que s\u00f3n i no deformen la narraci\u00f3? Estic segur que a qualsevol llibre de mem\u00f2ries se li podria retreure un pilot de coses i d\u2019inexactituds. \u00c9s segur que ning\u00fa explica exactament el que va passar. Tots ho expliquen des de la seva visi\u00f3 personal, des de la cara del prisma totalment i necess\u00e0riament parcial com sempre acostuma a passar.<\/p>\n<p align=\"justify\">Tenia ganes de llegir aquest primer llibre de les mem\u00f2ries del President Pujol perqu\u00e8 \u00e9s un per\u00edode que jo no vaig poder viure totalment en primera persona des de dins. El primer per\u00edode perqu\u00e8 jo encara no havia nascut o era molt jove. I el darrer per\u00edode el vaig viure des de l\u2019Uruguai i, tot i que feia esfor\u00e7os d\u2019estar al dia d\u2019all\u00f2 qu\u00e8 passava a Catalunya, era dif\u00edcil en aquells temps estar-ne al corrent i al dia. Ara, amb internet, seria tot molt diferent.<\/p>\n<p align=\"justify\">Una conclusi\u00f3 de la lectura d\u2019aquesta primera part de les mem\u00f2ries? Que ja estaria satisfet de qu\u00e8 la majoria de nosaltres hagu\u00e9ssim fet per Catalunya una mil\u00b7l\u00e8sima part del que va fer ell. Sempre ha estat de moda fer llenya de l\u2019arbre caigut i en el cas del President Pujol, no ha estat diferent. Qu\u00e8 ens ha decebut en un munt de coses? \u00c9s clar. En tenim motius d\u2019estar decebuts? \u00c9s clar que tenim motius d\u2019estar decebuts d\u2019algunes coses del seu comportament. Qui, per\u00f2, no ha d\u2019estar decebut de moltes coses del seu comportament i qui no ha tingut m\u00e9s d\u2019un cop vergonya aliena de comportaments d\u2019alguna gent que haurien de ser exemples p\u00fablics? Qui estigui lliure de pecat que tiri la primera pedra\u2026<\/p>\n<p align=\"justify\">Per acabar, nom\u00e9s dir\u00e9 que ha estat prou alli\u00e7onador llegir el llibre i que -com explicava Manuel Cuy\u00e0s quan va parlar amb ell per\u00a0primera vegada sobre la\u00a0famosa\u00a0confessi\u00f3 de l\u2019ex-president de la Generalitat el 25 de juliol\u00a0del 2014\u2013, podria estar totalment d\u2019acord amb la frase que Pujol li va dir:\u00a0<i>\u2018Aix\u00f2 em passa perqu\u00e8 s\u00f3c m\u00e9s burro del que tothom es pensa\u2019<\/i>.<\/p>\n<p align=\"justify\">No crec que ning\u00fa pugui negar que Pujol ha estat molt llest i ha donat molts tombs a quasi tots els seus adversaris pol\u00edtics en tots els seus anys de vida pol\u00edtica. Si en f\u00e9ssim un capm\u00e0s em sembla que el resultat seria ben positiu. Per\u00f2 tamb\u00e9 \u00e9s cert que ha espatllat molt les coses per \u00abser m\u00e9s burro del que tothom es pensa\u00bb en algunes coses\u00a0i en alguns moments.\u00a0Ell mateix ho reconeix i la hist\u00f2ria tampoc no ho deixar\u00e0 passar.<\/p>\n<p align=\"justify\">Per\u00f2, ara que l\u2019arbre ja \u00e9s a terra i ja tothom n\u2019ha fet prou llenya, no acabo d\u2019entendre perqu\u00e8 no afegeix un altre volum a les seves mem\u00f2ries i ens explica tota la merda que ell ha pogut veure de ben a prop en altres l\u00edders que no fan m\u00e9s que fer-se el pinxo i que, si els traguessin els draps bruts\u00a0al sol, haurien de c\u00f3rrer a amagar-se\u2026<\/p>\n<\/div>\n","protected":false},"excerpt":{"rendered":"<p>Acabo de llegir la primera part de lesmem\u00f2ries del President Pujol\u00a0escrites pel periodista\u00a0Manuel Cuy\u00e0s\u00a0i publicades el 2007 (Mem\u00f2ries 1930-1980). Em direu que, com sempre, vaig\u00a0una mica\u00a0tard. Segur que s\u00ed. Per\u00f2 hi ha coses, hi ha llibres, hi ha personatges, hi ha temes que no caduquen mai\u00a0i s\u00f3n intemporals. Ara que tot porta data de caducitat [&hellip;]<\/p>\n","protected":false},"author":214,"featured_media":0,"comment_status":"open","ping_status":"open","sticky":false,"template":"","format":"standard","meta":{"_jetpack_memberships_contains_paid_content":false,"footnotes":"","jetpack_publicize_message":"","jetpack_publicize_feature_enabled":true,"jetpack_social_post_already_shared":false,"jetpack_social_options":{"image_generator_settings":{"template":"highway","default_image_id":0,"font":"","enabled":false},"version":2}},"categories":[877,4386,172],"tags":[31863,4386,31828],"class_list":["post-6190","post","type-post","status-publish","format-standard","hentry","category-catalunya","category-jordi-pujol","category-politica","tag-catalunya","tag-jordi-pujol","tag-politica"],"jetpack_publicize_connections":[],"jetpack_featured_media_url":"","jetpack_shortlink":"https:\/\/wp.me\/pagkjs-1BQ","jetpack-related-posts":[],"jetpack_sharing_enabled":true,"_links":{"self":[{"href":"https:\/\/blogs.avui.cat\/jaumepubill\/wp-json\/wp\/v2\/posts\/6190","targetHints":{"allow":["GET"]}}],"collection":[{"href":"https:\/\/blogs.avui.cat\/jaumepubill\/wp-json\/wp\/v2\/posts"}],"about":[{"href":"https:\/\/blogs.avui.cat\/jaumepubill\/wp-json\/wp\/v2\/types\/post"}],"author":[{"embeddable":true,"href":"https:\/\/blogs.avui.cat\/jaumepubill\/wp-json\/wp\/v2\/users\/214"}],"replies":[{"embeddable":true,"href":"https:\/\/blogs.avui.cat\/jaumepubill\/wp-json\/wp\/v2\/comments?post=6190"}],"version-history":[{"count":1,"href":"https:\/\/blogs.avui.cat\/jaumepubill\/wp-json\/wp\/v2\/posts\/6190\/revisions"}],"predecessor-version":[{"id":6191,"href":"https:\/\/blogs.avui.cat\/jaumepubill\/wp-json\/wp\/v2\/posts\/6190\/revisions\/6191"}],"wp:attachment":[{"href":"https:\/\/blogs.avui.cat\/jaumepubill\/wp-json\/wp\/v2\/media?parent=6190"}],"wp:term":[{"taxonomy":"category","embeddable":true,"href":"https:\/\/blogs.avui.cat\/jaumepubill\/wp-json\/wp\/v2\/categories?post=6190"},{"taxonomy":"post_tag","embeddable":true,"href":"https:\/\/blogs.avui.cat\/jaumepubill\/wp-json\/wp\/v2\/tags?post=6190"}],"curies":[{"name":"wp","href":"https:\/\/api.w.org\/{rel}","templated":true}]}}