{"id":6175,"date":"2017-08-03T15:06:38","date_gmt":"2017-08-03T14:06:38","guid":{"rendered":"http:\/\/blogs.avui.cat\/jaumepubill\/?p=6175"},"modified":"2017-08-03T15:06:38","modified_gmt":"2017-08-03T14:06:38","slug":"globalitzacio-o-localisme","status":"publish","type":"post","link":"https:\/\/blogs.avui.cat\/jaumepubill\/2017\/08\/03\/globalitzacio-o-localisme\/","title":{"rendered":"GLOBALITZACI\u00d3 O LOCALISME"},"content":{"rendered":"<p align=\"justify\"><img loading=\"lazy\" decoding=\"async\" class=\"size-medium alignleft\" src=\"https:\/\/upload.wikimedia.org\/wikipedia\/commons\/thumb\/0\/01\/Geokeys.jpg\/270px-Geokeys.jpg\" width=\"270\" height=\"345\" \/>El m\u00f3n canvia, la vida canvia. Els grans pensem que els temps d&#8217;abans eren millors i els joves pensen el contrari. Probablement no \u00e9s ni una cosa ni l&#8217;altra. El temps d&#8217;abans era previsible, la vida era molt pautada, ordenada, menys m\u00f2bil, els canvis es produ\u00efen lentament, tot era m\u00e9s estable i segurament m\u00e9s previsible; la societat potser era menys lliure. El temps d&#8217;abans al qual em refereixo -no pas 1000 anys enrere-, \u00e9s el temps de quan jo era nen. Era un temps en qu\u00e8 la societat, a trav\u00e9s dels costums i de les tradicions, assenyalava camins. Tamb\u00e9 marcava molts m\u00e9s l\u00edmits d\u2019all\u00f2 qu\u00e8 es podia fer o no: com vestir-se, com presentar-se en p\u00fablic, quines paraules es podien dir en veu alta i quines nom\u00e9s eren pr\u00f2pies de l&#8217;\u00e0mbit dom\u00e8stic o d&#8217;amistats; en fi, hi havia un mapa i uns codis d&#8217;aquelles coses que l&#8217;individu podia permetre\u2019s a si mateix i les que no, senzillament perqu\u00e8 aix\u00f2 no es feia o no estava b\u00e9 i punt.<\/p>\n<p align=\"justify\">El m\u00f3n ha canviat: tots ens n&#8217;adonem. Hi ha lla\u00e7os i arrels que es van perdre i llibertats que es van guanyar. Per\u00f2 en aquest terreny tan ampli de la llibertat, l&#8217;home encara no sap com gestionar-se: sobreviu per\u00f2 est\u00e0 desorientat, t\u00e9 dificultat per trobar un rumb. La llibertat sense l\u00edmits, la llibertat com usdefruit i no com a tasca, \u00e9s un descampat sense roderes marcades i sense una geografia de refer\u00e8ncia.<\/p>\n<p align=\"justify\">Les arrels que alguns individus han abandonat s\u00f3n de naturalesa f\u00edsica, social i espiritual. Han trencat vincles amb el div\u00ed (les religions, les Esgl\u00e9sies, el sagrat), amb la terra (el poble, el paisatge on un ha gatejat i jugat), el pro\u00efsme (fam\u00edlia, companys d&#8217;escola) i les coses (mil coses menudes); l&#8217;home presumptament alliberat s&#8217;enfronta massa sovint amb el corc d&#8217;una solitud, un sense sentit global i una buidor infinita dif\u00edcils d\u2019explicar, per\u00f2 ben reals per altra banda.<\/p>\n<p align=\"justify\">Una societat, perqu\u00e8 tingui una m\u00ednima consist\u00e8ncia, ha de ser terreny on els individus puguin enfonsar arrels, plantar afectes, entrella\u00e7ar records, aprendre una llengua a trav\u00e9s de les can\u00e7ons de bressol, visitar tombes venerables i generar fills. Ser catal\u00e0, per exemple, \u00e9s poder-se\u2019n sentir i voler ser-ho, fins i tot si s\u2019ha arribat de pa\u00efsos llunyans i d\u2019una cultura diversa. \u00c9s poder tenir els elements necessaris per a poder conrear un arrelament.<\/p>\n<p align=\"justify\">Simone Weil va escriure un llibre magn\u00edfic titulat <a href=\"http:\/\/www.trotta.es\/libros\/echar-raices\/9788498795325\/\">ECHAR RA\u00cdCES<\/a> -editat per Trotta Editorial- on diu que &#8220;l&#8217;arrelament \u00e9s, pot ser, la necessitat m\u00e9s important i m\u00e9s desconeguda de l&#8217;\u00e0nima humana. \u00c9s una de les m\u00e9s dif\u00edcils de definir. Un \u00e9sser hum\u00e0 t\u00e9 una arrel a trav\u00e9s de la seva participaci\u00f3 real, activa i natural en l&#8217;exist\u00e8ncia d&#8217;una col\u00b7lectivitat que conserva vius certs tresors del passat i certs pressentiments de l&#8217;avenir. Participaci\u00f3 natural, \u00e9s a dir, aportada autom\u00e0ticament pel lloc, el naixement, la professi\u00f3, el contorn. T\u00e9 necessitat de rebre la quasi totalitat de la seva vida moral, intel\u00b7lectual, espiritual per mitj\u00e0 dels ambients dels quals naturalment forma part&#8221;.<\/p>\n<p align=\"justify\">No ens desenvolupem en el buit. Som -i volem seguir sent- catalans oberts al m\u00f3n per\u00f2 som d&#8217;aqu\u00ed. Respectem totes les P\u00e0tries per\u00f2 nosaltres tenim la nostra i volem que sigui respectada. Ser catal\u00e0 requereix voler ser-ho, voluntat de ser-ho i de seguir sent-ho. No cal haver-hi nascut. Nom\u00e9s cal voler-ne ser. Requereix tamb\u00e9 un continu per\u00f2 pudor\u00f3s preguntar-se a si mateix: qu\u00e8 \u00e9s ser catal\u00e0? Potser l&#8217;important no sigui arribar a una resposta, sin\u00f3 el fet d\u2019anar-s\u2019ho preguntant, anar mastegant, rumiant i conreant afectuosament i amb paci\u00e8ncia la pregunta.<\/p>\n<p align=\"left\">Diuen que una vegada hi havia tres cecs que estaven davant d\u2019un elefant.<br \/>\nUn d\u2019ells li va palpar la cua i va dir:<br \/>\n\u2013 \u00c9s una corda.<br \/>\nUn altre cec va acariciar una pota de l\u2019elefant i va opinar:<br \/>\n\u2013 \u00c9s una columna.<br \/>\nI el tercer cec va recolzar la m\u00e0 en el cos de l\u2019elefant i va dir:<br \/>\n\u2013 \u00c9s una paret.<\/p>\n<p align=\"justify\">La nostra visi\u00f3 del m\u00f3n acostuma a ser sempre molt parcial, molt localista i molt deformada. A vegades molt curta de vista, per culpa de la nostra educaci\u00f3, de les nostres manies, dels nostres costums, de la nostra deformaci\u00f3 professional, de les nostres creences, etc. Som tan parcials que som incapa\u00e7os de veure la globalitat. El m\u00f3n actual fa que aix\u00f2 canvi\u00ef, gr\u00e0cies a la globalitzaci\u00f3, a internet, gr\u00e0cies al fet que el m\u00f3n es fa cada dia m\u00e9s petit perqu\u00e8 de seguida ho sabem tot i ho sabem immediatament. No s\u00e9 si per sort o per desgr\u00e0cia. Per\u00f2 les coses s\u00f3n aix\u00ed i ho seran encara cada dia m\u00e9s.<\/p>\n<p align=\"justify\">Ser\u00e0 una sort si sabem tenir m\u00e9s perspectiva de les coses, del m\u00f3n global, dels problemes mundials, si sabem buscar solucions comunes, solucions globals.<\/p>\n<p align=\"justify\">I ser\u00e0 una desgr\u00e0cia per a nosaltres si no tenim en compte els valors concrets, si menyspreem els costums propis, la nostra llengua, el nostre petit pa\u00eds, el gust d\u2019all\u00f2 que \u00e9s propi.<\/p>\n<p align=\"justify\">Un arbre sense arrels no pot viure, per\u00f2 un arbre sense rames que mirin al cel i que mirin m\u00e9s enll\u00e0, tampoc viu\u2026<\/p>\n<p align=\"justify\">\n","protected":false},"excerpt":{"rendered":"<p>El m\u00f3n canvia, la vida canvia. Els grans pensem que els temps d&#8217;abans eren millors i els joves pensen el contrari. Probablement no \u00e9s ni una cosa ni l&#8217;altra. El temps d&#8217;abans era previsible, la vida era molt pautada, ordenada, menys m\u00f2bil, els canvis es produ\u00efen lentament, tot era m\u00e9s estable i segurament m\u00e9s previsible; [&hellip;]<\/p>\n","protected":false},"author":214,"featured_media":0,"comment_status":"open","ping_status":"open","sticky":false,"template":"","format":"standard","meta":{"_jetpack_memberships_contains_paid_content":false,"footnotes":"","jetpack_publicize_message":"","jetpack_publicize_feature_enabled":true,"jetpack_social_post_already_shared":false,"jetpack_social_options":{"image_generator_settings":{"template":"highway","default_image_id":0,"font":"","enabled":false},"version":2}},"categories":[160],"tags":[31827],"class_list":["post-6175","post","type-post","status-publish","format-standard","hentry","category-societat","tag-societat"],"jetpack_publicize_connections":[],"jetpack_featured_media_url":"","jetpack_shortlink":"https:\/\/wp.me\/pagkjs-1BB","jetpack-related-posts":[],"jetpack_sharing_enabled":true,"_links":{"self":[{"href":"https:\/\/blogs.avui.cat\/jaumepubill\/wp-json\/wp\/v2\/posts\/6175","targetHints":{"allow":["GET"]}}],"collection":[{"href":"https:\/\/blogs.avui.cat\/jaumepubill\/wp-json\/wp\/v2\/posts"}],"about":[{"href":"https:\/\/blogs.avui.cat\/jaumepubill\/wp-json\/wp\/v2\/types\/post"}],"author":[{"embeddable":true,"href":"https:\/\/blogs.avui.cat\/jaumepubill\/wp-json\/wp\/v2\/users\/214"}],"replies":[{"embeddable":true,"href":"https:\/\/blogs.avui.cat\/jaumepubill\/wp-json\/wp\/v2\/comments?post=6175"}],"version-history":[{"count":1,"href":"https:\/\/blogs.avui.cat\/jaumepubill\/wp-json\/wp\/v2\/posts\/6175\/revisions"}],"predecessor-version":[{"id":6176,"href":"https:\/\/blogs.avui.cat\/jaumepubill\/wp-json\/wp\/v2\/posts\/6175\/revisions\/6176"}],"wp:attachment":[{"href":"https:\/\/blogs.avui.cat\/jaumepubill\/wp-json\/wp\/v2\/media?parent=6175"}],"wp:term":[{"taxonomy":"category","embeddable":true,"href":"https:\/\/blogs.avui.cat\/jaumepubill\/wp-json\/wp\/v2\/categories?post=6175"},{"taxonomy":"post_tag","embeddable":true,"href":"https:\/\/blogs.avui.cat\/jaumepubill\/wp-json\/wp\/v2\/tags?post=6175"}],"curies":[{"name":"wp","href":"https:\/\/api.w.org\/{rel}","templated":true}]}}