{"id":6171,"date":"2017-08-01T09:15:27","date_gmt":"2017-08-01T08:15:27","guid":{"rendered":"http:\/\/blogs.avui.cat\/jaumepubill\/?p=6171"},"modified":"2017-08-01T09:21:52","modified_gmt":"2017-08-01T08:21:52","slug":"falten-2-mesos","status":"publish","type":"post","link":"https:\/\/blogs.avui.cat\/jaumepubill\/2017\/08\/01\/falten-2-mesos\/","title":{"rendered":"FALTEN 2 MESOS"},"content":{"rendered":"<h2 class=\"date-header\"><a href=\"http:\/\/d1abj31dnwl5uq.cloudfront.net\/elements\/docs\/2017\/referendum\/faltendies\/61.png\"><img loading=\"lazy\" decoding=\"async\" class=\"alignleft\" src=\"https:\/\/lh5.googleusercontent.com\/proxy\/2MaCZxYsjuFhyc8HB_GPf9MlVQdEMXmMn-u6dR5v6x_xV_EtQN5h97_Sc8ATitw375C0zc_amyzcA3SaTMT2vamaEgceCVAIF6ZP5GVYPcdo1DRtE0J_6aQVJPhUE8_0pjqBjtkZuKQ=s0-d\" width=\"278\" height=\"299\" border=\"0\" \/><\/a><\/h2>\n<div class=\"date-posts\">\n<div class=\"post-outer\">\n<div class=\"post hentry\">\n<div id=\"post-body-3391321149893394054\" class=\"post-body entry-content\">\n<div>Avui \u00e9s 1 d\u2019agost. Falten dos mesos justos per al refer\u00e8ndum de l&#8217;1 d\u2019octubre. M\u2019ha semblat oport\u00fa reiniciar avui el blog, que ha estat en silenci durant una colla de dies. Durant aquest temps de \u00abparada i fonda\u00bb han passat moltes coses. De fet, sempre passen moltes coses al m\u00f3n -de tota mena-, tot i que no sempre els donem la import\u00e0ncia que en realitat tenen o b\u00e9 no ens hi fixem prou, perqu\u00e8 algunes ens queden molt lluny f\u00edsicament o emocionalment.<\/div>\n<div><\/div>\n<div>S\u00ed que vivim ben intensament, per\u00f2, aqu\u00ed al nostre pa\u00eds l\u2019ambient pol\u00edtic, que s\u2019ha convertit en un no-parar, en un torcebra\u00e7 continu, en una prova de for\u00e7a, en un estira-i-arronsa entre el Govern de Catalunya i el de Madrid. I aix\u00f2 anir\u00e0 en augment durant aquests dos mesos que queden. La temperatura pujar\u00e0 en tots sentits i segur que m\u00e9s d\u2019un en sortir\u00e0 escaldat. Per\u00f2 \u00e9s el que toca, un cop arribats en aquest punt, i \u00e9s el que correspon fer despr\u00e9s de veure que no tenim altres sortides dignes. Ja ha passat el temps de discutir si Catalunya t\u00e9 dret o no a l\u2019autodeterminaci\u00f3 i, per tant, a constituir-se en estat. S\u2019ha discutit llargament, i hem vist que hi ha opinions de tots colors provinents de professors de Dret Constitucional de prou prestigi. Com que ni ells es posen d\u2019acord -ni potser s\u2019hi posaran mai-, ha arribat l\u2019hora de passar a l\u2019acci\u00f3 i fer els darrers quil\u00f2metres de la cursa que fa temps que vam comen\u00e7ar. Ara som ja a tocar de la meta i cal que tots els que estem conven\u00e7uts de qu\u00e8\u00a0Catalunya\u00a0pot acollir-se al dret a l\u2019autodeterminaci\u00f3\u00a0-aquest dret fonamental i universal de tots els pobles, vigent en el dret internacional a partir de la Carta de les Nacions Unides del 1946 i reconegut, novament, el 1976-,\u00a0acabem de fer l\u2019esfor\u00e7 final.<\/div>\n<div><\/div>\n<div>Per la\u00a0<b>Comissi\u00f3 de Defensa del Col\u00b7legi d\u2019Advocats de Barcelona<\/b>, la q\u00fcesti\u00f3 \u00e9s ben clara, segons recullen en una an\u00e0lisi jur\u00eddica del gener del 2013:\u00a0<i>\u201c\u00c9s un dret inalienable de Catalunya, com a comunitat nacional, poder decidir sobre el seu futur, ja sigui dintre de l\u2019Estat on est\u00e0 integrat o separant-se\u2019n per constituir un nou estat sobir\u00e0, segons ho decideixi la voluntat majorit\u00e0ria, democr\u00e0ticament i pac\u00edficament expressada, dels seus ciutadans.\u201d<\/i><\/div>\n<div><i>\u00a0<\/i><\/div>\n<div>Per tant, avui reprenem aquest blog, ben reposats despr\u00e9s de tants dies de panxa enlaire i de tanta ociositat que, com s\u2019acostuma a dir, \u00e9s la mare de tots els vicis. I ja som a una edat que, si cal que en conservem algun vici, haurem de procurar que sigui del bons, com \u00e9s el de llegir i escriure.<\/div>\n<div><\/div>\n<div>Bon estiu i guardeu-vos de la calor.<\/div>\n<\/div>\n<\/div>\n<\/div>\n<\/div>\n","protected":false},"excerpt":{"rendered":"<p>Avui \u00e9s 1 d\u2019agost. Falten dos mesos justos per al refer\u00e8ndum de l&#8217;1 d\u2019octubre. M\u2019ha semblat oport\u00fa reiniciar avui el blog, que ha estat en silenci durant una colla de dies. Durant aquest temps de \u00abparada i fonda\u00bb han passat moltes coses. De fet, sempre passen moltes coses al m\u00f3n -de tota mena-, tot i [&hellip;]<\/p>\n","protected":false},"author":214,"featured_media":0,"comment_status":"open","ping_status":"open","sticky":false,"template":"","format":"standard","meta":{"_jetpack_memberships_contains_paid_content":false,"footnotes":"","jetpack_publicize_message":"","jetpack_publicize_feature_enabled":true,"jetpack_social_post_already_shared":false,"jetpack_social_options":{"image_generator_settings":{"template":"highway","default_image_id":0,"font":"","enabled":false},"version":2}},"categories":[877,172],"tags":[31863,31828],"class_list":["post-6171","post","type-post","status-publish","format-standard","hentry","category-catalunya","category-politica","tag-catalunya","tag-politica"],"jetpack_publicize_connections":[],"jetpack_featured_media_url":"","jetpack_shortlink":"https:\/\/wp.me\/pagkjs-1Bx","jetpack-related-posts":[],"jetpack_sharing_enabled":true,"_links":{"self":[{"href":"https:\/\/blogs.avui.cat\/jaumepubill\/wp-json\/wp\/v2\/posts\/6171","targetHints":{"allow":["GET"]}}],"collection":[{"href":"https:\/\/blogs.avui.cat\/jaumepubill\/wp-json\/wp\/v2\/posts"}],"about":[{"href":"https:\/\/blogs.avui.cat\/jaumepubill\/wp-json\/wp\/v2\/types\/post"}],"author":[{"embeddable":true,"href":"https:\/\/blogs.avui.cat\/jaumepubill\/wp-json\/wp\/v2\/users\/214"}],"replies":[{"embeddable":true,"href":"https:\/\/blogs.avui.cat\/jaumepubill\/wp-json\/wp\/v2\/comments?post=6171"}],"version-history":[{"count":3,"href":"https:\/\/blogs.avui.cat\/jaumepubill\/wp-json\/wp\/v2\/posts\/6171\/revisions"}],"predecessor-version":[{"id":6174,"href":"https:\/\/blogs.avui.cat\/jaumepubill\/wp-json\/wp\/v2\/posts\/6171\/revisions\/6174"}],"wp:attachment":[{"href":"https:\/\/blogs.avui.cat\/jaumepubill\/wp-json\/wp\/v2\/media?parent=6171"}],"wp:term":[{"taxonomy":"category","embeddable":true,"href":"https:\/\/blogs.avui.cat\/jaumepubill\/wp-json\/wp\/v2\/categories?post=6171"},{"taxonomy":"post_tag","embeddable":true,"href":"https:\/\/blogs.avui.cat\/jaumepubill\/wp-json\/wp\/v2\/tags?post=6171"}],"curies":[{"name":"wp","href":"https:\/\/api.w.org\/{rel}","templated":true}]}}