{"id":6151,"date":"2017-06-20T23:12:19","date_gmt":"2017-06-20T22:12:19","guid":{"rendered":"http:\/\/blogs.avui.cat\/jaumepubill\/?p=6151"},"modified":"2017-06-20T23:12:19","modified_gmt":"2017-06-20T22:12:19","slug":"a-lombra-de-gloria-fuertes","status":"publish","type":"post","link":"https:\/\/blogs.avui.cat\/jaumepubill\/2017\/06\/20\/a-lombra-de-gloria-fuertes\/","title":{"rendered":"A l\u2019ombra de Gloria\u00a0Fuertes"},"content":{"rendered":"<div class=\"entry-content\">\n<div class=\"itemBody\">\n<div class=\"itemFullText\">\n<p><img loading=\"lazy\" decoding=\"async\" class=\"lazy-loaded aligncenter\" src=\"https:\/\/i1.wp.com\/culturainquieta.com\/images\/GLORIA_FUERTES\/gloria-fuertes-dijbujo-2.jpg\" alt=\"gloria fuertes dijbujo 2\" width=\"288\" height=\"431\" \/><\/p>\n<p>Avui comen\u00e7a l\u2019estiu. Un estiu que sembla que ens regalar\u00e0 molta, molta calor. La primavera ja s\u2019ha volgut acomiadar volent fer-li la compet\u00e8ncia. Com aquell que no vol ser menys i volent dir que, si vol, tamb\u00e9 pot fer suar de valent.<\/p>\n<p>Aquests dies de calor conviden a tancar-se a casa, o a buscar una bona ombra i esperar que arribi la marinada. I quan arriba la marinada, agafar un bon llibre, comen\u00e7ar a respirar a fons i posar-se a llegir pausadament i tranquil\u00b7la.<\/p>\n<p>En aquests dies de calor cal anar a poc a poc, beure molta aigua si no volem deshidratar-nos i prendre\u2019s les coses amb calma, mirant de no suar gaire (cosa que no \u00e9s pas possible per tothom).<\/p>\n<p>Llegint GLORIA FUERTES -una poeta que m\u2019agrada molt- he trobat aquest poema que \u00e9s un bon consell per aquests dies de calor, per\u00f2 que serveix per a totes les ocasions .<\/p>\n<p style=\"text-align: center\"><strong>LA GENTE\u00a0<\/strong><strong>CORRE TANTO<\/strong><\/p>\n<p style=\"text-align: center\">La gente corre tanto<\/p>\n<p style=\"text-align: center\">porque no sabe d\u00f3nde va.<\/p>\n<p style=\"text-align: center\">El que sabe d\u00f3nde va,<\/p>\n<p style=\"text-align: center\">va despacio,<\/p>\n<p style=\"text-align: center\">para paladear<\/p>\n<p style=\"text-align: center\">el \u201cir llegando\u201d.<\/p>\n<p>I vull afegir-hi un altre poema, on ens fa la seva autobiografia de manera desenfadada i prou simp\u00e0tica com per descloure un somriure mentre l\u2019anem llegint.<\/p>\n<p>&nbsp;<\/p>\n<p style=\"text-align: center\"><strong>\u00a0AUTOBIOGRAF\u00cdA<\/strong><\/p>\n<p style=\"text-align: center\">Gloria Fuertes naci\u00f3 en Madrid<\/p>\n<p style=\"text-align: center\">a los dos d\u00edas de edad,<\/p>\n<p style=\"text-align: center\">pues fue\u00a0muy laborioso el parto de mi madre<\/p>\n<p style=\"text-align: center\">que si se descuida muere por vivirme.<\/p>\n<p style=\"text-align: center\">A los tres a\u00f1os ya sab\u00eda leer<\/p>\n<p style=\"text-align: center\">y a los seis ya sab\u00eda mis labores.<\/p>\n<p style=\"text-align: center\">Yo era buena y delgada,<\/p>\n<p style=\"text-align: center\">alta y algo enferma.<\/p>\n<p style=\"text-align: center\">A los nueve a\u00f1os me pill\u00f3 un carro<\/p>\n<p style=\"text-align: center\">y a\u00a0los catorce me pill\u00f3 la guerra;<\/p>\n<p style=\"text-align: center\">A los quince se muri\u00f3 mi madre, se fue cuando m\u00e1s falta me hac\u00eda.<\/p>\n<p style=\"text-align: center\">Aprend\u00ed a regatear en las tiendas<\/p>\n<p style=\"text-align: center\">y a ir a los pueblos por zanahorias.<\/p>\n<p style=\"text-align: center\">Por entonces empec\u00e9 con los amores,<\/p>\n<p style=\"text-align: center\">-no digo nombres-,<\/p>\n<p style=\"text-align: center\">gracias a eso, pude sobrellevar<\/p>\n<p style=\"text-align: center\">mi juventud de barrio.<\/p>\n<p style=\"text-align: center\">Quise ir a la guerra, para pararla,<\/p>\n<p style=\"text-align: center\">pero me detuvieron a mitad del camino.<\/p>\n<p style=\"text-align: center\">Luego me sali\u00f3 una oficina,<\/p>\n<p style=\"text-align: center\">donde trabajo como si fuera tonta,<\/p>\n<p style=\"text-align: center\">-pero Dios y el botones saben que no lo soy-.<\/p>\n<p style=\"text-align: center\">Escribo por las noches<\/p>\n<p style=\"text-align: center\">y voy al campo mucho.<\/p>\n<p style=\"text-align: center\">Todos los m\u00edos han muerto hace a\u00f1os<\/p>\n<p style=\"text-align: center\">y estoy m\u00e1s sola que yo misma.<\/p>\n<p style=\"text-align: center\">He publicado versos en todos los calendarios,<\/p>\n<p style=\"text-align: center\">escribo en un peri\u00f3dico de ni\u00f1os,<\/p>\n<p style=\"text-align: center\">y quiero comprarme a plazos una flor natural<\/p>\n<p style=\"text-align: center\">como las que le dan a Pem\u00e1n algunas veces.<\/p>\n<p>Que tingueu un bon estiu i guardeu-vos de la calor!<\/p>\n<\/div>\n<\/div>\n<\/div>\n","protected":false},"excerpt":{"rendered":"<p>Avui comen\u00e7a l\u2019estiu. Un estiu que sembla que ens regalar\u00e0 molta, molta calor. La primavera ja s\u2019ha volgut acomiadar volent fer-li la compet\u00e8ncia. Com aquell que no vol ser menys i volent dir que, si vol, tamb\u00e9 pot fer suar de valent. Aquests dies de calor conviden a tancar-se a casa, o a buscar una [&hellip;]<\/p>\n","protected":false},"author":214,"featured_media":0,"comment_status":"open","ping_status":"open","sticky":false,"template":"","format":"standard","meta":{"_jetpack_memberships_contains_paid_content":false,"footnotes":"","jetpack_publicize_message":"","jetpack_publicize_feature_enabled":true,"jetpack_social_post_already_shared":false,"jetpack_social_options":{"image_generator_settings":{"template":"highway","default_image_id":0,"font":"","enabled":false},"version":2}},"categories":[145],"tags":[31825],"class_list":["post-6151","post","type-post","status-publish","format-standard","hentry","category-poesia","tag-poesia"],"jetpack_publicize_connections":[],"jetpack_featured_media_url":"","jetpack_shortlink":"https:\/\/wp.me\/pagkjs-1Bd","jetpack-related-posts":[],"jetpack_sharing_enabled":true,"_links":{"self":[{"href":"https:\/\/blogs.avui.cat\/jaumepubill\/wp-json\/wp\/v2\/posts\/6151","targetHints":{"allow":["GET"]}}],"collection":[{"href":"https:\/\/blogs.avui.cat\/jaumepubill\/wp-json\/wp\/v2\/posts"}],"about":[{"href":"https:\/\/blogs.avui.cat\/jaumepubill\/wp-json\/wp\/v2\/types\/post"}],"author":[{"embeddable":true,"href":"https:\/\/blogs.avui.cat\/jaumepubill\/wp-json\/wp\/v2\/users\/214"}],"replies":[{"embeddable":true,"href":"https:\/\/blogs.avui.cat\/jaumepubill\/wp-json\/wp\/v2\/comments?post=6151"}],"version-history":[{"count":1,"href":"https:\/\/blogs.avui.cat\/jaumepubill\/wp-json\/wp\/v2\/posts\/6151\/revisions"}],"predecessor-version":[{"id":6152,"href":"https:\/\/blogs.avui.cat\/jaumepubill\/wp-json\/wp\/v2\/posts\/6151\/revisions\/6152"}],"wp:attachment":[{"href":"https:\/\/blogs.avui.cat\/jaumepubill\/wp-json\/wp\/v2\/media?parent=6151"}],"wp:term":[{"taxonomy":"category","embeddable":true,"href":"https:\/\/blogs.avui.cat\/jaumepubill\/wp-json\/wp\/v2\/categories?post=6151"},{"taxonomy":"post_tag","embeddable":true,"href":"https:\/\/blogs.avui.cat\/jaumepubill\/wp-json\/wp\/v2\/tags?post=6151"}],"curies":[{"name":"wp","href":"https:\/\/api.w.org\/{rel}","templated":true}]}}