{"id":6149,"date":"2017-06-12T18:48:45","date_gmt":"2017-06-12T17:48:45","guid":{"rendered":"http:\/\/blogs.avui.cat\/jaumepubill\/?p=6149"},"modified":"2017-06-12T18:48:45","modified_gmt":"2017-06-12T17:48:45","slug":"si-no-trenquem-el-silenci-morirem-en-el-silenci","status":"publish","type":"post","link":"https:\/\/blogs.avui.cat\/jaumepubill\/2017\/06\/12\/si-no-trenquem-el-silenci-morirem-en-el-silenci\/","title":{"rendered":"\u00abSi no trenquem el silenci, morirem en el silenci\u00bb"},"content":{"rendered":"<p align=\"justify\"><span style=\"font-family: Verdana, sans-serif\"><span style=\"font-size: medium\"><span style=\"color: #000000\"><img loading=\"lazy\" decoding=\"async\" class=\"size-medium alignleft\" src=\"https:\/\/upload.wikimedia.org\/wikipedia\/commons\/thumb\/2\/26\/Raimon.jpg\/300px-Raimon.jpg\" width=\"300\" height=\"225\" \/>Despr\u00e9s d\u2019una llarga i fecunda carrera de 55 anys damunt dels escenaris <b>RAIMON<\/b> ha deixat de cantar. Tanca la carrera amb 40 discos, 6 llibres i una vintena de premis. RAIMON \u00e9s un dels cantants que m\u2019ha acompanyat durant molts i molts anys de la meva vida. Primer en casset, despr\u00e9s en CD i darrerament per Spotify. \u00c9s un dels pocs cantautors que puc dir amb ra\u00f3 que m\u2019ha despertat emocions profundes i que considero que tenen un lloc important en la meva vida, tot i que no s\u00f3c d\u2019all\u00f2 que se\u2019n podria dir gaire musical.<\/span><\/span><\/span><\/p>\n<p align=\"justify\"><span style=\"font-family: Verdana, sans-serif\"><span style=\"font-size: medium\"><span style=\"color: #000000\">Una de les can\u00e7ons m\u00edtiques del cantant de X\u00e0tiva \u00e9s la titulada CONTRA LA POR, de l\u2019any 1968, i que diu: <\/span><\/span><\/span><\/p>\n<p align=\"center\"><span style=\"font-family: Verdana, sans-serif\"><span style=\"font-size: medium\"><span style=\"color: #000000\"><b>Contra la por <\/b>(1968)<br \/>\n(Raimon)<\/p>\n<p>Anem dient les coses pel seu nom!<br \/>\nSi no trenquem el silenci<br \/>\nmorirem en el silenci.<\/p>\n<p>Contra la por \u00e9s la vida,<br \/>\ncontra la por \u00e9s l&#8217;amor,<br \/>\ncontra la por som nosaltres,<br \/>\ncontra la por sense por.<\/p>\n<p>Anem dient les coses pel seu nom!<\/p>\n<p>Tots els que han sofert<br \/>\nel pes de la immensa bota<br \/>\ni l&#8217;afilada espasa,<br \/>\nsaben el que \u00e9s la por,<br \/>\ni saben que \u00e9s dif\u00edcil<br \/>\ndir les coses pel seu nom.<\/p>\n<p>Contra la por \u00e9s la vida,<br \/>\ncontra la por \u00e9s l&#8217;amor,<br \/>\ncontra la por som nosaltres,<br \/>\ncontra la por sense por,<br \/>\nsense por, sense por.<\/span><\/span><\/span><\/p>\n<p align=\"justify\"><span style=\"color: #000000\"><span style=\"font-family: Verdana, sans-serif\"><span style=\"font-size: medium\">Els catalans vivim moments en els quals la por ser\u00e0 un factor important. Ja fa temps que <\/span><\/span><\/span><span style=\"color: #000000\"><span style=\"font-family: Verdana, sans-serif\"><span style=\"font-size: medium\">intenten<\/span><\/span><\/span><span style=\"color: #000000\"><span style=\"font-family: Verdana, sans-serif\"><span style=\"font-size: medium\"> posar<\/span><\/span><\/span><span style=\"color: #000000\"><span style=\"font-family: Verdana, sans-serif\"><span style=\"font-size: medium\">-nos<\/span><\/span><\/span><span style=\"color: #000000\"><span style=\"font-family: Verdana, sans-serif\"><span style=\"font-size: medium\"> la por al cos amb amenaces de tot tipus, per\u00f2 ara ha arribat el moment en qu\u00e8 les amenaces es convertiran en fets. I, per altra banda, \u00e9s el moment en qu\u00e8 \u00absi no trenquem el silenci, morirem en el silenci\u00bb. Aquell silenci dens de la dictadura al que <\/span><\/span><\/span><span style=\"color: #000000\"><span style=\"font-family: Verdana, sans-serif\"><span style=\"font-size: medium\">Raimon<\/span><\/span><\/span><span style=\"color: #000000\"><span style=\"font-family: Verdana, sans-serif\"><span style=\"font-size: medium\"> es referia s\u2019ha convertit en un silenci imposat per un Estat espanyol i per uns partits majoritaris -nacionalistes espanyols i molt poc dem\u00f2crates- que s\u2019han conjurat tots plegats amb totes les seves institucions, totes les seves forces i tot el seu poder contra les aspiracions d\u2019una gran part del poble catal\u00e0. No nom\u00e9s no han volgut buscar sortides a unes leg\u00edtimes aspiracions, sin\u00f3 que han tancat totes les portes <\/span><\/span><\/span><span style=\"color: #000000\"><span style=\"font-family: Verdana, sans-serif\"><span style=\"font-size: medium\">retallant tant com han pogut i passant el ribot a un Estatut d\u2019 <\/span><\/span><\/span><span style=\"color: #000000\"><span style=\"font-family: Verdana, sans-serif\"><span style=\"font-size: medium\">A<\/span><\/span><\/span><span style=\"color: #000000\"><span style=\"font-family: Verdana, sans-serif\"><span style=\"font-size: medium\">utonomia que hav\u00edem triat i que consider\u00e0vem ben nostre<\/span><\/span><\/span><span style=\"color: #000000\"><span style=\"font-family: Verdana, sans-serif\"><span style=\"font-size: medium\">. <\/span><\/span><\/span><span style=\"color: #000000\"><span style=\"font-family: Verdana, sans-serif\"><span style=\"font-size: medium\">No nom\u00e9s no ens <\/span><\/span><\/span><span style=\"color: #000000\"><span style=\"font-family: Verdana, sans-serif\"><span style=\"font-size: medium\">el van respectar<\/span><\/span><\/span><span style=\"color: #000000\"><span style=\"font-family: Verdana, sans-serif\"><span style=\"font-size: medium\">, sin\u00f3 que han portat als tribunals i interpretant de manera <\/span><\/span><\/span><span style=\"color: #000000\"><span style=\"font-family: Verdana, sans-serif\"><span style=\"font-size: medium\">abusiva<\/span><\/span><\/span><span style=\"color: #000000\"><span style=\"font-family: Verdana, sans-serif\"><span style=\"font-size: medium\"> i restrictiva totes les lleis que el nostre Parlament ha fet amb tot el dret que li correspon <\/span><\/span><\/span><span style=\"color: #000000\"><span style=\"font-family: Verdana, sans-serif\"><span style=\"font-size: medium\">com a portaveu dels ciutadans catalans<\/span><\/span><\/span><span style=\"color: #000000\"><span style=\"font-family: Verdana, sans-serif\"><span style=\"font-size: medium\">. <\/span><\/span><\/span><span style=\"color: #000000\"><span style=\"font-family: Verdana, sans-serif\"><span style=\"font-size: medium\">Per aix\u00f2 \u00e9s el moment de trencar definitivament un silenci llarg, dens i imposat que ha durat massa anys. <\/span><\/span><\/span><span style=\"color: #000000\"><span style=\"font-family: Verdana, sans-serif\"><span style=\"font-size: medium\">Quan no<\/span><\/span><\/span><span style=\"color: #000000\"><span style=\"font-family: Verdana, sans-serif\"><span style=\"font-size: medium\"> et donen cap sortida, hom se l\u2019ha de buscar com sigui. Un tant per cent considerable -potser majoria i tot- els hem dit de totes les maneres possibles que no volem formar part d\u2019Espanya: els ho hem <\/span><\/span><\/span><span style=\"color: #000000\"><span style=\"font-family: Verdana, sans-serif\"><span style=\"font-size: medium\">dit votant, <\/span><\/span><\/span><span style=\"color: #000000\"><span style=\"font-family: Verdana, sans-serif\"><span style=\"font-size: medium\">xiulant l\u2019himne, manifestant-nos al<\/span><\/span><\/span><span style=\"color: #000000\"><span style=\"font-family: Verdana, sans-serif\"><span style=\"font-size: medium\">s<\/span><\/span><\/span><span style=\"color: #000000\"><span style=\"font-family: Verdana, sans-serif\"><span style=\"font-size: medium\"> carrer<\/span><\/span><\/span><span style=\"color: #000000\"><span style=\"font-family: Verdana, sans-serif\"><span style=\"font-size: medium\">s<\/span><\/span><\/span><span style=\"color: #000000\"><span style=\"font-family: Verdana, sans-serif\"><span style=\"font-size: medium\"> i a les carreteres, amb una majoria <\/span><\/span><\/span><span style=\"color: #000000\"><span style=\"font-family: Verdana, sans-serif\"><span style=\"font-size: medium\">de diputats al <\/span><\/span><\/span><span style=\"color: #000000\"><span style=\"font-family: Verdana, sans-serif\"><span style=\"font-size: medium\">Parlament, amb <\/span><\/span><\/span><span style=\"color: #000000\"><span style=\"font-family: Verdana, sans-serif\"><span style=\"font-size: medium\">paraules i fets<\/span><\/span><\/span><span style=\"color: #000000\"><span style=\"font-family: Verdana, sans-serif\"><span style=\"font-size: medium\"> de tot<\/span><\/span><\/span><span style=\"color: #000000\"><span style=\"font-family: Verdana, sans-serif\"><span style=\"font-size: medium\">a mena.<\/span><\/span><\/span> <span style=\"color: #000000\"><span style=\"font-family: Verdana, sans-serif\"><span style=\"font-size: medium\">No ho han ent\u00e8s o no ho han volgut entendre. No s\u00f3c de xiular himnes, ni <\/span><\/span><\/span><span style=\"color: #000000\"><span style=\"font-family: Verdana, sans-serif\"><span style=\"font-size: medium\">de<\/span><\/span><\/span><span style=\"color: #000000\"><span style=\"font-family: Verdana, sans-serif\"><span style=\"font-size: medium\"> gran<\/span><\/span><\/span><span style=\"color: #000000\"><span style=\"font-family: Verdana, sans-serif\"><span style=\"font-size: medium\">s<\/span><\/span><\/span><span style=\"color: #000000\"><span style=\"font-family: Verdana, sans-serif\"><span style=\"font-size: medium\"> manifestacions, per\u00f2 considero que a vegades s\u2019ha de buscar all\u00f2 que cridi l\u2019atenci\u00f3 internacionalment perqu\u00e8 el que \u00e9s a Espanya no se\u2019ns vol escoltar.<\/span><\/span><\/span><\/p>\n<p align=\"justify\"><span style=\"color: #000000\"><span style=\"font-family: Verdana, sans-serif\"><span style=\"font-size: medium\">Durant anys i panys, cantants com en RAIMON van fer can\u00e7ons per protestar per tots aquests fets, contra una dictadura franquista que tothom veia asfixiant i totalment injusta; <\/span><\/span><\/span><span style=\"color: #000000\"><span style=\"font-family: Verdana, sans-serif\"><span style=\"font-size: medium\">durant anys la gent es jugava la vida sabent que et podien obrir el cap simplement per protestar o per anar a un concert; durant anys alguns es van atorgar el poder de dir qu\u00e8 es podia cantar o no; durant anys la censura va ser massa present en la societat espanyola i, pel que es veu, molts encara volen que segueixi present.<\/span><\/span><\/span><\/p>\n<p align=\"justify\"><span style=\"color: #000000\"><span style=\"font-family: Verdana, sans-serif\"><span style=\"font-size: medium\">Xiular un himne, o xiular el Rei, per exemple, pot considerar-se de m\u00e9s o menys mala educaci\u00f3 per\u00f2 <\/span><\/span><\/span><span style=\"color: #000000\"><span style=\"font-family: Verdana, sans-serif\"><span style=\"font-size: medium\">en una democr\u00e0cia<\/span><\/span><\/span><span style=\"color: #000000\"><span style=\"font-family: Verdana, sans-serif\"><span style=\"font-size: medium\"> mai <\/span><\/span><\/span><span style=\"color: #000000\"><span style=\"font-family: Verdana, sans-serif\"><span style=\"font-size: medium\">no <\/span><\/span><\/span><span style=\"color: #000000\"><span style=\"font-family: Verdana, sans-serif\"><span style=\"font-size: medium\">hauria de prohibir-se (a USA es pot cremar una bandera i es considera com a llibertat d\u2019expressi\u00f3). Aqu\u00ed, en canvi, certes cr\u00edtiques a un Rei corrupte fins al moll dels ossos et po<\/span><\/span><\/span><span style=\"color: #000000\"><span style=\"font-family: Verdana, sans-serif\"><span style=\"font-size: medium\">den<\/span><\/span><\/span><span style=\"color: #000000\"><span style=\"font-family: Verdana, sans-serif\"><span style=\"font-size: medium\"> portar a la pres\u00f3 i ho critiquen la majoria de mitjans audiovisuals espanyols. Xiular a Gerard Piqu\u00e9, en canvi, es troba normal i ho justifiquen amb mil arguments que es treuen de la m\u00e0niga per l\u2019ocasi\u00f3. <\/span><\/span><\/span><span style=\"color: #000000\"><span style=\"font-family: Verdana, sans-serif\"><span style=\"font-size: medium\">Avui mateix una bona colla de diaris, r\u00e0dios i TV han criticat Guardiola per haver parlat en l\u2019acte d\u2019ahir a Montju\u00efc, simplement per fer-se portaveu de les aspiracions ben leg\u00edtimes de milers de catalans. <\/span><\/span><\/span><span style=\"color: #000000\"><span style=\"font-family: Verdana, sans-serif\"><span style=\"font-size: medium\">Coher\u00e8ncia? Cap ni una. Nacionalisme espanyol? Tot el que vulgueu i m\u00e9s&#8230; <\/span><\/span><\/span><\/p>\n<p align=\"justify\"><span style=\"color: #000000\"><span style=\"font-family: Verdana, sans-serif\"><span style=\"font-size: medium\">A RAIMON, en <\/span><\/span><\/span><span style=\"color: #000000\"><span style=\"font-family: Verdana, sans-serif\"><span style=\"font-size: medium\">un<\/span><\/span><\/span><span style=\"color: #000000\"><span style=\"font-family: Verdana, sans-serif\"><span style=\"font-size: medium\"> concert a Madrid <\/span><\/span><\/span><span style=\"color: #000000\"><span style=\"font-family: Verdana, sans-serif\"><span style=\"font-size: medium\">contra la viol\u00e8ncia d\u2019ETA<\/span><\/span><\/span><span style=\"color: #000000\"><span style=\"font-family: Verdana, sans-serif\"><span style=\"font-size: medium\">, s<\/span><\/span><\/span><span style=\"color: #000000\"><span style=\"font-family: Verdana, sans-serif\"><span style=\"font-size: medium\">e\u2019l<\/span><\/span><\/span><span style=\"color: #000000\"><span style=\"font-family: Verdana, sans-serif\"><span style=\"font-size: medium\"> va <\/span><\/span><\/span><span style=\"color: #000000\"><span style=\"font-family: Verdana, sans-serif\"><span style=\"font-size: medium\">xiular i insultar per cantar en catal\u00e0 i Jos\u00e9 Sacrist\u00e1n, que presentava l\u2019acte, va haver de demanar silenci i respecte davant d\u2019una actitud totalment intolerant d\u2019una part del p\u00fablic. Va dir que se sentia avergonyit d\u2019aquella actitud. Aquesta intoler\u00e0ncia perdura fins avui a bona part de les <\/span><\/span><\/span><span style=\"color: #000000\"><span style=\"font-family: Verdana, sans-serif\"><span style=\"font-size: medium\">E<\/span><\/span><\/span><span style=\"color: #000000\"><span style=\"font-family: Verdana, sans-serif\"><span style=\"font-size: medium\">spanyes i es veu clarament que no s\u2019ha fet una transici\u00f3 com D\u00e9u mana i que els grans problemes de fons persisteixen. El mateix Jos\u00e9 Sacrist\u00e1n, anys m\u00e9s tard i ja sense ETA, sortia a la tele donant la seva opini\u00f3 sobre la crisi d\u2019Espanya, <\/span><\/span><\/span><span style=\"color: #000000\"><span style=\"font-family: Verdana, sans-serif\"><span style=\"font-size: medium\">sobre <\/span><\/span><\/span><span style=\"color: #000000\"><span style=\"font-family: Verdana, sans-serif\"><span style=\"font-size: medium\">la pobresa, la corrupci\u00f3, la impunitat, etc. <\/span><\/span><\/span><span style=\"color: #000000\"><span style=\"font-family: Verdana, sans-serif\"><span style=\"font-size: medium\">I<\/span><\/span><\/span><span style=\"color: #000000\"><span style=\"font-family: Verdana, sans-serif\"><span style=\"font-size: medium\"> deia que continuava sentint-se avergonyit per tot el que estava passant, justament perqu\u00e8 es va mitificar la transici\u00f3 com una cosa mod\u00e8lica, qu<\/span><\/span><\/span><span style=\"color: #000000\"><span style=\"font-family: Verdana, sans-serif\"><span style=\"font-size: medium\">an<\/span><\/span><\/span><span style=\"color: #000000\"><span style=\"font-family: Verdana, sans-serif\"><span style=\"font-size: medium\"> en realitat va ser una pantomima <\/span><\/span><\/span><span style=\"color: #000000\"><span style=\"font-family: Verdana, sans-serif\"><span style=\"font-size: medium\">on es va<\/span><\/span><\/span><span style=\"color: #000000\"><span style=\"font-family: Verdana, sans-serif\"><span style=\"font-size: medium\">n<\/span><\/span><\/span><span style=\"color: #000000\"><span style=\"font-family: Verdana, sans-serif\"><span style=\"font-size: medium\"> oblidar i perdonar massa pecats importants<\/span><\/span><\/span><span style=\"color: #000000\"><span style=\"font-family: Verdana, sans-serif\"><span style=\"font-size: medium\"> i on a bufons com Boadella encara els donen papers importants en el vodevil en qu\u00e8 <\/span><\/span><\/span><span style=\"color: #000000\"><span style=\"font-family: Verdana, sans-serif\"><span style=\"font-size: medium\">estan<\/span><\/span><\/span><span style=\"color: #000000\"><span style=\"font-family: Verdana, sans-serif\"><span style=\"font-size: medium\"> instal\u00b7lat<\/span><\/span><\/span><span style=\"color: #000000\"><span style=\"font-family: Verdana, sans-serif\"><span style=\"font-size: medium\">s<\/span><\/span><\/span><span style=\"color: #000000\"><span style=\"font-family: Verdana, sans-serif\"><span style=\"font-size: medium\">. <\/span><\/span><\/span><\/p>\n<p align=\"justify\"><span style=\"color: #000000\"><span style=\"font-family: Verdana, sans-serif\"><span style=\"font-size: medium\">En aquestes Espanyes profundes encara hi perviu la cultura de l\u2019odi, del menyspreu i de la intoler\u00e0ncia i on personatges franquistes de soca-rel tenen <\/span><\/span><\/span><span style=\"color: #000000\"><span style=\"font-family: Verdana, sans-serif\"><span style=\"font-size: medium\">lloc als partits majoritaris, vot i veu als tribunals corruptes i titelles d\u2019un PP m\u00e9s corrupte que mai i <\/span><\/span><\/span><span style=\"color: #000000\"><span style=\"font-family: Verdana, sans-serif\"><span style=\"font-size: medium\">carta lliure <\/span><\/span><\/span><span style=\"color: #000000\"><span style=\"font-family: Verdana, sans-serif\"><span style=\"font-size: medium\">per dir i fer el que volen. Ara m\u00e9s que mai cal aprofitar l\u2019ocasi\u00f3 per dir que \u00absi no trenquem el silenci, morirem en el silenci\u00bb.<\/span><\/span><\/span><\/p>\n","protected":false},"excerpt":{"rendered":"<p>Despr\u00e9s d\u2019una llarga i fecunda carrera de 55 anys damunt dels escenaris RAIMON ha deixat de cantar. Tanca la carrera amb 40 discos, 6 llibres i una vintena de premis. RAIMON \u00e9s un dels cantants que m\u2019ha acompanyat durant molts i molts anys de la meva vida. Primer en casset, despr\u00e9s en CD i darrerament [&hellip;]<\/p>\n","protected":false},"author":214,"featured_media":0,"comment_status":"open","ping_status":"open","sticky":false,"template":"","format":"standard","meta":{"_jetpack_memberships_contains_paid_content":false,"footnotes":"","jetpack_publicize_message":"","jetpack_publicize_feature_enabled":true,"jetpack_social_post_already_shared":false,"jetpack_social_options":{"image_generator_settings":{"template":"highway","default_image_id":0,"font":"","enabled":false},"version":2}},"categories":[255,172],"tags":[31835,31828],"class_list":["post-6149","post","type-post","status-publish","format-standard","hentry","category-musica","category-politica","tag-musica","tag-politica"],"jetpack_publicize_connections":[],"jetpack_featured_media_url":"","jetpack_shortlink":"https:\/\/wp.me\/pagkjs-1Bb","jetpack-related-posts":[],"jetpack_sharing_enabled":true,"_links":{"self":[{"href":"https:\/\/blogs.avui.cat\/jaumepubill\/wp-json\/wp\/v2\/posts\/6149","targetHints":{"allow":["GET"]}}],"collection":[{"href":"https:\/\/blogs.avui.cat\/jaumepubill\/wp-json\/wp\/v2\/posts"}],"about":[{"href":"https:\/\/blogs.avui.cat\/jaumepubill\/wp-json\/wp\/v2\/types\/post"}],"author":[{"embeddable":true,"href":"https:\/\/blogs.avui.cat\/jaumepubill\/wp-json\/wp\/v2\/users\/214"}],"replies":[{"embeddable":true,"href":"https:\/\/blogs.avui.cat\/jaumepubill\/wp-json\/wp\/v2\/comments?post=6149"}],"version-history":[{"count":1,"href":"https:\/\/blogs.avui.cat\/jaumepubill\/wp-json\/wp\/v2\/posts\/6149\/revisions"}],"predecessor-version":[{"id":6150,"href":"https:\/\/blogs.avui.cat\/jaumepubill\/wp-json\/wp\/v2\/posts\/6149\/revisions\/6150"}],"wp:attachment":[{"href":"https:\/\/blogs.avui.cat\/jaumepubill\/wp-json\/wp\/v2\/media?parent=6149"}],"wp:term":[{"taxonomy":"category","embeddable":true,"href":"https:\/\/blogs.avui.cat\/jaumepubill\/wp-json\/wp\/v2\/categories?post=6149"},{"taxonomy":"post_tag","embeddable":true,"href":"https:\/\/blogs.avui.cat\/jaumepubill\/wp-json\/wp\/v2\/tags?post=6149"}],"curies":[{"name":"wp","href":"https:\/\/api.w.org\/{rel}","templated":true}]}}