{"id":6125,"date":"2017-05-11T21:13:27","date_gmt":"2017-05-11T20:13:27","guid":{"rendered":"http:\/\/blogs.avui.cat\/jaumepubill\/?p=6125"},"modified":"2017-05-11T21:13:27","modified_gmt":"2017-05-11T20:13:27","slug":"fent-cami-numero-1000","status":"publish","type":"post","link":"https:\/\/blogs.avui.cat\/jaumepubill\/2017\/05\/11\/fent-cami-numero-1000\/","title":{"rendered":"\u00abFENT CAM\u00cd\u00bb: n\u00famero 1000"},"content":{"rendered":"<p align=\"justify\"><span style=\"font-family: Verdana, sans-serif\"><span style=\"font-size: medium\"><img data-recalc-dims=\"1\" loading=\"lazy\" decoding=\"async\" class=\"size-medium alignleft\" src=\"https:\/\/jaumepubill.files.wordpress.com\/2013\/03\/image_thumb.png?w=690&#038;h=411&#038;fit=690%2C411&#038;resize=460%2C274\" width=\"460\" height=\"274\" \/><\/span><\/span><\/p>\n<p align=\"justify\"><span style=\"font-family: Verdana, sans-serif\"><span style=\"font-size: medium\">Aquells valents que corren curses de marat\u00f3 saben que <span style=\"color: #434343\">a vegades costen molt d\u2019acabar i que hi ha moments en qu\u00e8 les forces flaquegen i hom se sent defallir. <\/span><span style=\"color: #434343\"><i><b>\u00abFENT CAM\u00cd per la Segarra rural\u00bb <\/b><\/i><\/span><span style=\"color: #434343\">\u00e9s un full que ha editat durant 20 anys el grup de parr\u00f2quies de <strong>l\u2019Arxiprestat de la Segarra del Bisbat de Solsona<\/strong>. La setmana vinent publicar\u00e0 el n\u00famero 1000. No es pot negar que han fet un llarg cam\u00ed i que han fet honor al t\u00edtol de la publicaci\u00f3!\u00a0<\/span><\/span><\/span><\/p>\n<p align=\"justify\"><span style=\"font-family: Verdana, sans-serif\"><span style=\"font-size: medium\"><span style=\"color: #434343\">Una aut\u00e8ntica marat\u00f3, que ha passat per moments dif\u00edcils <\/span><span style=\"color: #434343\">gr\u00e0cies tamb\u00e9 a algun bisbe d\u2019infausta mem\u00f2ria (d&#8217;aquells que en lloc de &#8220;fer olor a ovella&#8221;, com demana el Papa Francesc, m\u00e9s aviat fan olor a col\u00f2nia fina) dels que darrerament han caigut a Solsona.<\/span><\/span><\/span><\/p>\n<p align=\"justify\"><span style=\"font-family: Verdana, sans-serif\"><span style=\"font-size: medium\"><span style=\"color: #434343\">FENT CAM\u00cd \u00e9s un senzill full parroquial sense pretensions. Aquests tipus de fulls parroquials, per\u00f2, tenen la seva import\u00e0ncia, tot i que no sempre se\u2019ls reconeix. A vegades tenen m\u00e9s influ\u00e8ncia que les gran enc\u00edcliques, que no llegeix ning\u00fa. Fan aquella feina de formiga que no es veu, per\u00f2 que hi \u00e9s, \u00e9s eficient i que es nota. Com aquelles llargues corrues de formigues que, a c\u00f2pia de passar pel mateix lloc una vegada i una altra, deixen un rastre ben evident i marquen un cam\u00ed que costa molt esborrar. <\/span><\/span><\/span><\/p>\n<p align=\"justify\"><span style=\"font-family: Verdana, sans-serif\"><span style=\"font-size: medium\"><span style=\"color: #434343\">Aquesta setmana FENT CAM\u00cd fa una petita ressenya hist\u00f2rica de tot aquest llarg itinerari que ser\u00e0 bo que llegiu amb les seves pr\u00f2pies paraules. Des d\u2019aqu\u00ed vull agrair-los tota la bona feina feta, desitjar-los llarga vida i estic segur que seran molts els que s\u2019afegiran a aquest merescut reconeixement i a aquests bons desitjos.<\/span><\/span><\/span><\/p>\n<p align=\"justify\">\n<p align=\"justify\"><span style=\"font-family: Verdana, sans-serif\"><span style=\"font-size: medium\"><b>PETITA RESSENYA HIST\u00d2RICA DE QUASI 1000 n\u00fameros de \u00abFENT CAM\u00cd\u00bb <\/b><\/span><\/span><\/p>\n<p align=\"justify\"><span style=\"font-family: Verdana, sans-serif\"><span style=\"font-size: medium\">Comen\u00e7a amb el <b>n\u00famero 0<\/b>, al 21 de setembre de 1997. Des d&#8217;un principi va tenir el Full la benedicci\u00f3 del Bisbe Deig. I sempre ha volgut ser un acompanyament als nostres pobles i poblets, fent-ne hist\u00f2ria escrita amb les diferents activitats que s&#8217;hi realitzaven i amb la seva demografia. Des del comen\u00e7ament (en el n\u00famero 2) es va intentar fer ressenyes hist\u00f2riques dels nostres pobles. Primerament senzilles i, despr\u00e9s amb els anys, m\u00e9s completes. L&#8217;apartat del \u00abQuimet, l&#8217;escolanet\u00bb fou molt llegit i esperat pel seu bon humor.<\/span><\/span><\/p>\n<p align=\"justify\"><span style=\"font-family: Verdana, sans-serif\"><span style=\"font-size: medium\">El 23 de setembre de 2001 don\u00e0vem la benvinguda al Bisbe Jaume i, amb motiu del <b>n\u00famero 200<\/b>, vam demanar-li per carta que ens fes un escrit de salutaci\u00f3 als nostres lectors i de felicitaci\u00f3 per haver arribat als 200 n\u00fameros. Ens va contestar que \u201cen un full on s&#8217;hi escriuen coses contra el Papa, ell no hi escriuria mai\u201d i m\u00e9s endavant tres articles d\u2019aquest full van provocar la destituci\u00f3 fulminant de l\u2019Arxipreste. De fet, v\u00e0rem continuar, com abans, essent molt respectuosos i cr\u00edtics amb aquelles coses que el pas dels temps ens han anat donant la ra\u00f3. A partir del mes de maig del 2004, sovint s&#8217;han anat publicant les famoses <b>\u201cx\u00e0ldigues de M<\/b><b>oss\u00e8n<\/b><b> Huguet\u201d<\/b>, ja que les van prohibir publicar al Full Dioces\u00e0. Aquests articles han estat molt orientadors i tamb\u00e9 cr\u00edtics en algunes actuacions de l&#8217;esgl\u00e9sia. <\/span><\/span><\/p>\n<p align=\"justify\"><span style=\"font-family: Verdana, sans-serif\"><span style=\"font-size: medium\"><b>Al n\u00famero 500<\/b>, el 21 d&#8217;octubre de 2007, el mateix <b>M<\/b><b>oss\u00e8n<\/b><b> Jes\u00fas Huguet <\/b>ens feia un escrit de felicitaci\u00f3 pel llarg cam\u00ed que an\u00e0vem fent, i al final ens deia \u201csi fos bisbe, us beneiria amb les dues mans\u201d i ens animava a continuar. Al 25 d&#8217;abril del 2010 re empren\u00edem la hist\u00f2ria dels nostres pobles amb el nom \u201cEls nostres campanars\u201d. En aquests articles hi sortien dades de l&#8217;al\u00e7ada del campanar, de les caracter\u00edstiques del temple i altres hist\u00f2ries del poble. Aix\u00ed hem \u201cFET CAM\u00cd\u201d durant gaireb\u00e9 20 anys. Estem contents d&#8217;estar a les portes del n\u00famero MIL! <\/span><\/span><\/p>\n<p align=\"justify\"><span style=\"font-family: Verdana, sans-serif\"><span style=\"font-size: medium\">En aquests anys hi haureu trobat un acompanyament, una HIST\u00d2RIA, un seguit de celebracions i festes, com tamb\u00e9 el pas dels capellans per la Segarra. Molts d&#8217;ells han col\u00b7laborat tamb\u00e9 en aquest Full. Amb el pas dels anys hem anat essent cada cop menys a fer el Full fins que, en arribar als 20 anys, quedem solament 2. Aprofitem aquesta visi\u00f3 panor\u00e0mica per dir-vos que, al costat dels encerts i lloances que ens heu prodigat, tamb\u00e9, segur, hi ha hagut desencerts, equivocacions i fins i tot potser alg\u00fa s\u2019ha pogut sentir of\u00e8s. Aix\u00ed, doncs, a tots us diem cordialment MOLTES GR\u00c0CIES!<\/span><\/span><\/p>\n<p align=\"justify\"><em>Edita: Grup de parr\u00f2quies de l\u2019Arxiprestat de la Segarra. Bisbat de Solsona<\/em><\/p>\n<p align=\"justify\"><em>E-mail = fentcami@bisbatdesolsona.org <\/em><\/p>\n<p align=\"justify\"><em>web= www.efulls.com<\/em><\/p>\n","protected":false},"excerpt":{"rendered":"<p>Aquells valents que corren curses de marat\u00f3 saben que a vegades costen molt d\u2019acabar i que hi ha moments en qu\u00e8 les forces flaquegen i hom se sent defallir. \u00abFENT CAM\u00cd per la Segarra rural\u00bb \u00e9s un full que ha editat durant 20 anys el grup de parr\u00f2quies de l\u2019Arxiprestat de la Segarra del Bisbat [&hellip;]<\/p>\n","protected":false},"author":214,"featured_media":0,"comment_status":"open","ping_status":"open","sticky":false,"template":"","format":"standard","meta":{"_jetpack_memberships_contains_paid_content":false,"footnotes":"","jetpack_publicize_message":"","jetpack_publicize_feature_enabled":true,"jetpack_social_post_already_shared":false,"jetpack_social_options":{"image_generator_settings":{"template":"highway","default_image_id":0,"font":"","enabled":false},"version":2}},"categories":[26986,77,29701],"tags":[31959,31820,31960],"class_list":["post-6125","post","type-post","status-publish","format-standard","hentry","category-bisbe-deig","category-esglesia","category-jesus-huguet","tag-bisbe-deig","tag-esglesia","tag-jesus-huguet"],"jetpack_publicize_connections":[],"jetpack_featured_media_url":"","jetpack_shortlink":"https:\/\/wp.me\/pagkjs-1AN","jetpack-related-posts":[],"jetpack_sharing_enabled":true,"_links":{"self":[{"href":"https:\/\/blogs.avui.cat\/jaumepubill\/wp-json\/wp\/v2\/posts\/6125","targetHints":{"allow":["GET"]}}],"collection":[{"href":"https:\/\/blogs.avui.cat\/jaumepubill\/wp-json\/wp\/v2\/posts"}],"about":[{"href":"https:\/\/blogs.avui.cat\/jaumepubill\/wp-json\/wp\/v2\/types\/post"}],"author":[{"embeddable":true,"href":"https:\/\/blogs.avui.cat\/jaumepubill\/wp-json\/wp\/v2\/users\/214"}],"replies":[{"embeddable":true,"href":"https:\/\/blogs.avui.cat\/jaumepubill\/wp-json\/wp\/v2\/comments?post=6125"}],"version-history":[{"count":1,"href":"https:\/\/blogs.avui.cat\/jaumepubill\/wp-json\/wp\/v2\/posts\/6125\/revisions"}],"predecessor-version":[{"id":6126,"href":"https:\/\/blogs.avui.cat\/jaumepubill\/wp-json\/wp\/v2\/posts\/6125\/revisions\/6126"}],"wp:attachment":[{"href":"https:\/\/blogs.avui.cat\/jaumepubill\/wp-json\/wp\/v2\/media?parent=6125"}],"wp:term":[{"taxonomy":"category","embeddable":true,"href":"https:\/\/blogs.avui.cat\/jaumepubill\/wp-json\/wp\/v2\/categories?post=6125"},{"taxonomy":"post_tag","embeddable":true,"href":"https:\/\/blogs.avui.cat\/jaumepubill\/wp-json\/wp\/v2\/tags?post=6125"}],"curies":[{"name":"wp","href":"https:\/\/api.w.org\/{rel}","templated":true}]}}