{"id":6123,"date":"2017-05-08T21:44:13","date_gmt":"2017-05-08T20:44:13","guid":{"rendered":"http:\/\/blogs.avui.cat\/jaumepubill\/?p=6123"},"modified":"2017-05-08T21:44:13","modified_gmt":"2017-05-08T20:44:13","slug":"somiatruites-ridiculs","status":"publish","type":"post","link":"https:\/\/blogs.avui.cat\/jaumepubill\/2017\/05\/08\/somiatruites-ridiculs\/","title":{"rendered":"Somiatruites rid\u00edculs"},"content":{"rendered":"<p align=\"justify\"><span style=\"font-family: Verdana, sans-serif\"><span style=\"font-size: medium\"><img data-recalc-dims=\"1\" loading=\"lazy\" decoding=\"async\" class=\"alignleft\" src=\"https:\/\/i0.wp.com\/finestradoportunitat.com\/wp-content\/uploads\/2014\/09\/catalunya-espana-espana-catalunya_1_15294681-700x352.jpg?resize=362%2C182\" width=\"362\" height=\"182\" \/>Hi ha una pel\u00b7l\u00edcula anglesa titulada <\/span><\/span><span style=\"font-family: Verdana, sans-serif\"><span style=\"font-size: medium\"><b>\u00abSufragistas\u00bb<\/b><\/span><\/span><span style=\"font-family: Verdana, sans-serif\"><span style=\"font-size: medium\"> en castell\u00e0 (dir. Sarah Gavron, 2015) que ens parla del moviment sufragista que va n\u00e9ixer a Anglaterra abans de la Primera Guerra Mundial. Ens explica la lluita d\u2019unes dones que volen <\/span><\/span><span style=\"font-family: Verdana, sans-serif\"><span style=\"font-size: medium\">i lluiten per<\/span><\/span><span style=\"font-family: Verdana, sans-serif\"><span style=\"font-size: medium\"> la igualtat. Primer ho intenten amb protestes pac\u00edfiques i, quan veuen que no en treuen res, es van radicalitzant de mica en mica amb el perill de perdre tot el que tenen i fins i tot jugant-s\u2019hi la vida. <\/span><\/span><\/p>\n<p align=\"justify\"><span style=\"font-family: Verdana, sans-serif\"><span style=\"font-size: medium\">L<\/span><\/span><span style=\"font-family: Verdana, sans-serif\"><span style=\"font-size: medium\">a pel\u00b7l\u00edcula comen\u00e7a amb els arguments d\u2019alguns pol\u00edtics contraris al vot femen\u00ed durant el debat parlamentari celebrat l\u2019any 1912 i que decidia sobre aquesta q\u00fcesti\u00f3:<\/span><\/span><\/p>\n<p align=\"justify\"><i><span style=\"font-family: Verdana, sans-serif\"><span style=\"font-size: medium\">\u00abLes dones no tenen el temperament calmat, ni l\u2019equilibri mental per a emetre un judici sobre assumptes pol\u00edtics. Si permetem que les dones votin, es perdr\u00e0 l\u2019estructura social. Les dones estan ben representades pels seus pares, germans i marits. Una vegada concedit el vot, ser\u00e0 impossible parar-les. A continuaci\u00f3 les dones exigiran el dret a convertir-se en parlament\u00e0ries, en ministres, en jutges&#8230;\u00bb<\/span><\/span><\/i><\/p>\n<p align=\"justify\"><span style=\"font-family: Verdana, sans-serif\"><span style=\"font-size: medium\">L<\/span><\/span><span style=\"font-family: Verdana, sans-serif\"><span style=\"font-size: medium\">a lluita d\u2019aquestes dones <\/span><\/span><span style=\"font-family: Verdana, sans-serif\"><span style=\"font-size: medium\">-com tantes i tantes lluites tit\u00e0niques <\/span><\/span><span style=\"font-family: Verdana, sans-serif\"><span style=\"font-size: medium\">que s\u2019han donat <\/span><\/span><span style=\"font-family: Verdana, sans-serif\"><span style=\"font-size: medium\">al llarg de la hist\u00f2ria- <\/span><\/span><span style=\"font-family: Verdana, sans-serif\"><span style=\"font-size: medium\">ha donat fruit i ara tenim parlament\u00e0ries, ministres i jutges i la societat \u00e9s molt millor del que era. Vist en perspectiva aquelles situacions <\/span><\/span><span style=\"font-family: Verdana, sans-serif\"><span style=\"font-size: medium\">provoquen <\/span><\/span><span style=\"font-family: Verdana, sans-serif\"><span style=\"font-size: medium\">una barreja d\u2019incredulitat i indignaci\u00f3. Per\u00f2 gr\u00e0cies a aquelles sufragistes, als que van lluitar de forma incansable contra l\u2019esclavatge o contra la discriminaci\u00f3 racial, <\/span><\/span><span style=\"font-family: Verdana, sans-serif\"><span style=\"font-size: medium\">el m\u00f3n avui \u00e9s una mica m\u00e9s just, tot i que caldr\u00e0 seguir lluitant en molts fronts.<\/span><\/span> <span style=\"font-family: Verdana, sans-serif\"><span style=\"font-size: medium\">L\u2019arbitrarietat jur\u00eddica o fins i tot lleis clarament injustes segueixen vigents en moltes parts del m\u00f3n, violentant clarament drets fonamentals de les persones o manipulant les lleis a caprici dels poderosos. <\/span><\/span><\/p>\n<p align=\"justify\"><span style=\"font-family: Verdana, sans-serif\"><span style=\"font-size: medium\">La lluita que molts catalans estem lliurant aquests dies contra un Estat que s\u2019ha dedicat a fer lleis a mida d\u2019una majoria que no respecta les minories em recorda totes aquestes lluites. Negar el vot i la veu a milions de ciutadans, jugar brut, fer servir els <\/span><\/span><span style=\"font-family: Verdana, sans-serif\"><span style=\"font-size: medium\">fils del poder<\/span><\/span><span style=\"font-family: Verdana, sans-serif\"><span style=\"font-size: medium\"> que controlen <\/span><\/span><span style=\"font-family: Verdana, sans-serif\"><span style=\"font-size: medium\">i que utilitzen sempre<\/span><\/span><span style=\"font-family: Verdana, sans-serif\"><span style=\"font-size: medium\"> en b\u00e9 seu, no \u00e9s democr\u00e0tic, per m\u00e9s que s\u2019omplin la boca amb la paraula democr\u00e0cia. <\/span><\/span><span style=\"font-family: Verdana, sans-serif\"><span style=\"font-size: medium\">Un Estat aix\u00ed no \u00e9s digne de seguir estant dins d\u2019una Europa que t\u00e9 per objectiu la llibertat i el benestar dels ciutadans.<\/span><\/span> <span style=\"font-family: Verdana, sans-serif\"><span style=\"font-size: medium\">No podem <\/span><\/span><span style=\"font-family: Verdana, sans-serif\"><span style=\"font-size: medium\">ni volem <\/span><\/span><span style=\"font-family: Verdana, sans-serif\"><span style=\"font-size: medium\">seguir sent ciutadans de tercera i hem de fer valer la nostra dignitat. <\/span><\/span><span style=\"font-family: Verdana, sans-serif\"><span style=\"font-size: medium\">Ara m\u00e9s que mai hem de donar suport als pol\u00edtics nostres que lluiten per poder aconseguir-ho. Cal donar-los suport i demanar la unitat de tots els dem\u00f2crates.<\/span><\/span><span style=\"font-family: Verdana, sans-serif\"><span style=\"font-size: medium\">\u00a0I quan la hist\u00f2ria miri enrere dir\u00e0 que aquella colla de catalans valents tenia ra\u00f3, tot i ser minoria dins d\u2019un Estat espanyol podrit i corromput fins al moll de l\u2019os per pol\u00edtics corruptes. A vegades els m\u00e9s racionals s\u00f3n aquells que s\u00f3n tractats d\u2019irracionals i somiatruites rid\u00edculs.<\/span><\/span><\/p>\n","protected":false},"excerpt":{"rendered":"<p>Hi ha una pel\u00b7l\u00edcula anglesa titulada \u00abSufragistas\u00bb en castell\u00e0 (dir. Sarah Gavron, 2015) que ens parla del moviment sufragista que va n\u00e9ixer a Anglaterra abans de la Primera Guerra Mundial. Ens explica la lluita d\u2019unes dones que volen i lluiten per la igualtat. Primer ho intenten amb protestes pac\u00edfiques i, quan veuen que no en [&hellip;]<\/p>\n","protected":false},"author":214,"featured_media":0,"comment_status":"open","ping_status":"open","sticky":false,"template":"","format":"standard","meta":{"_jetpack_memberships_contains_paid_content":false,"footnotes":"","jetpack_publicize_message":"","jetpack_publicize_feature_enabled":true,"jetpack_social_post_already_shared":false,"jetpack_social_options":{"image_generator_settings":{"template":"highway","default_image_id":0,"font":"","enabled":false},"version":2}},"categories":[877,431,643],"tags":[31863,31839,31850],"class_list":["post-6123","post","type-post","status-publish","format-standard","hentry","category-catalunya","category-drets-humans","category-independencia","tag-catalunya","tag-drets-humans","tag-independencia"],"jetpack_publicize_connections":[],"jetpack_featured_media_url":"","jetpack_shortlink":"https:\/\/wp.me\/pagkjs-1AL","jetpack-related-posts":[],"jetpack_sharing_enabled":true,"_links":{"self":[{"href":"https:\/\/blogs.avui.cat\/jaumepubill\/wp-json\/wp\/v2\/posts\/6123","targetHints":{"allow":["GET"]}}],"collection":[{"href":"https:\/\/blogs.avui.cat\/jaumepubill\/wp-json\/wp\/v2\/posts"}],"about":[{"href":"https:\/\/blogs.avui.cat\/jaumepubill\/wp-json\/wp\/v2\/types\/post"}],"author":[{"embeddable":true,"href":"https:\/\/blogs.avui.cat\/jaumepubill\/wp-json\/wp\/v2\/users\/214"}],"replies":[{"embeddable":true,"href":"https:\/\/blogs.avui.cat\/jaumepubill\/wp-json\/wp\/v2\/comments?post=6123"}],"version-history":[{"count":1,"href":"https:\/\/blogs.avui.cat\/jaumepubill\/wp-json\/wp\/v2\/posts\/6123\/revisions"}],"predecessor-version":[{"id":6124,"href":"https:\/\/blogs.avui.cat\/jaumepubill\/wp-json\/wp\/v2\/posts\/6123\/revisions\/6124"}],"wp:attachment":[{"href":"https:\/\/blogs.avui.cat\/jaumepubill\/wp-json\/wp\/v2\/media?parent=6123"}],"wp:term":[{"taxonomy":"category","embeddable":true,"href":"https:\/\/blogs.avui.cat\/jaumepubill\/wp-json\/wp\/v2\/categories?post=6123"},{"taxonomy":"post_tag","embeddable":true,"href":"https:\/\/blogs.avui.cat\/jaumepubill\/wp-json\/wp\/v2\/tags?post=6123"}],"curies":[{"name":"wp","href":"https:\/\/api.w.org\/{rel}","templated":true}]}}