{"id":6120,"date":"2017-05-04T12:11:55","date_gmt":"2017-05-04T11:11:55","guid":{"rendered":"http:\/\/blogs.avui.cat\/jaumepubill\/?p=6120"},"modified":"2017-05-04T12:11:55","modified_gmt":"2017-05-04T11:11:55","slug":"escoles-rurals-a-l-uruguai","status":"publish","type":"post","link":"https:\/\/blogs.avui.cat\/jaumepubill\/2017\/05\/04\/escoles-rurals-a-l-uruguai\/","title":{"rendered":"Escoles rurals a l&#8217; Uruguai"},"content":{"rendered":"<p align=\"justify\"><span style=\"color: #333333\"><span style=\"font-family: Verdana, sans-serif\"><span style=\"font-size: medium\"><img data-recalc-dims=\"1\" loading=\"lazy\" decoding=\"async\" class=\"alignleft\" src=\"https:\/\/i0.wp.com\/sc.diarioelpais.com\/files\/article_main\/uploads\/2014\/07\/22\/53cefee54c8e4.jpg?resize=370%2C226\" width=\"370\" height=\"226\" \/>L\u2019<b>Uruguai<\/b> \u00e9s un pa\u00eds unes 5 vegades m\u00e9s gran que Catalunya i uns 3 milions i mig d\u2019habitants, dels quals 1 mili\u00f3 i mig viuen a Montevideo, la capital, i tota la seva conurbaci\u00f3 urbana. Catalunya en t\u00e9 7 milions i mig. Per tant, \u00e9s evident que l\u2019Uruguai \u00e9s un pa\u00eds poc poblat i pel que fa a l\u2019interior de pa\u00eds molt poc poblat. Dic aix\u00f2 perqu\u00e8 ens fem c\u00e0rrec del que signifiquen en aquell pa\u00eds les escoles rurals que, des de fa molt\u00edssims anys, \u00e9s una de les institucions mod\u00e8liques al pa\u00eds. A l\u2019Uruguai hi ha 1.125 escoles rurals, on hi assisteixen 24.000 nens i nenes, amb molt sacrifici perqu\u00e8 en molts casos hi han d\u2019anar a cavall, en bicicleta o a peu perqu\u00e8 no n\u2019hi pot haver a tots els centres poblats. <\/span><\/span><\/span><\/p>\n<p align=\"justify\"><span style=\"color: #333333\"><span style=\"font-family: Verdana, sans-serif\"><span style=\"font-size: medium\">Aquest noi que veieu muntat a cavall n\u2019\u00e9s un bon exemple. Es diu <b>Ra\u00fcl<\/b> i era l&#8217;\u00fanic nen que durant una bona temporada anava a l\u2019escola de <b>Paso de los Carros<\/b>, al departament de Paysand\u00fa a l\u2019Uruguai. En els seus bons temps aquesta escola va arribar a tenir 80 alumnes per\u00f2 a poc a poc les fam\u00edlies de la zona van anar marxant cap a Montevideo o cap a altres departaments. El Ra\u00fcl fa el 5<sup>\u00e8<\/sup> curs i de dilluns a divendres mare i fill recorren 9 quil\u00f2metres a cavall per anar a l\u2019escola i 9 m\u00e9s per tornar. <\/span><\/span><\/span><\/p>\n<p align=\"justify\"><span style=\"color: #333333\"><span style=\"font-family: Verdana, sans-serif\"><span style=\"font-size: medium\">La directora i \u00fanica mestra d\u2019aquesta escola rural \u00e9s la <b>S\u00edlvia Arga\u00f1az<\/b> i no \u00e9s pas ella sola la que fa classe als nois uruguaians que viuen en llocs perduts de l\u2019interior del pa\u00eds. De les 1.125 escoles rurals, 790 -\u00e9s a dir el 70%- nom\u00e9s tenen un sol docent, que \u00e9s a la vegada director o directora del centre i encarregats de tot el que us podeu imaginar: obrir i tancar l\u2019escola, mantenir-la neta, encendre el foc a l\u2019hivern, arranjar qualsevol cosa que s\u2019espatlli, fer de cuinera, etc.). Alguna d\u2019aquestes escoles no t\u00e9 llum i en la majoria no hi arriba internet. Segons dades d\u2019un parell d\u2019anys enrere, hi ha 590 escoles rurals que tenen menys de 10 alumnes, 250 amb menys de 5 i 20 que nom\u00e9s en tenen un. La mitjana del sou d\u2019un mestre rural \u00e9s d\u2019uns 800 euros i pot arribar a 1000 si \u00e9s director o directora a m\u00e9s d\u2019una bonificaci\u00f3 per a la jubilaci\u00f3.<\/span><\/span><\/span><\/p>\n<p align=\"justify\"><span style=\"color: #333333\"><span style=\"font-family: Verdana, sans-serif\"><span style=\"font-size: medium\">Us explico un altre cas?. Cada diumenge a les 12 de la nit, l&#8217;<b>Iris Peralta<\/b> i la seva filla de 5 anys deixen casa seva a <b>Fray Bentos<\/b> (a la frontera amb l&#8217;Argentina) per agafar un autob\u00fas que la portar\u00e0 al seu lloc de treball, que \u00e9s a 230 quil\u00f2metres de casa seva. \u00c9s la petita escola de <b>R<\/b><b>inc\u00f3n<\/b><b> de Ram\u00edrez<\/b>, departament de Treinta y Tres, a la que hi assisteixen tres alumnes (m\u00e9s la seva nena) i on encara no hi ha arribat la llum. Arriben cap a les sis de la matinada a poble Grecco. All\u00e0 agafen un taxi, que la mestra paga amb diners de la seva butxaca, per arribar a destinaci\u00f3. Quan s&#8217;atansa el cap de setmana, mare i filla tanquen les portes de l&#8217;escola per emprendre el llarg recorregut de tornada a casa i l&#8217;anhelat retrobament de la petita amb el seu pare, que s\u2019ha quedat a Fray Bentos treballant a la seva fusteria. De dilluns a divendres, l&#8217;escola \u00e9s la seva llar. Els seus altres dos fills, avui de 19 i 20 anys, tamb\u00e9 van acompanyar a la seva mare a cada destinaci\u00f3. D\u2019aquesta manera van fer prim\u00e0ria fins a cinqu\u00e8 curs. <\/span><\/span><\/span><\/p>\n<p align=\"justify\"><span style=\"font-family: Verdana, sans-serif\"><span style=\"font-size: medium\">En una entrevista que li han fet diu que \u00abla feina en una escola rural <span style=\"color: #333333\">no <\/span><span style=\"color: #333333\">la<\/span><span style=\"color: #333333\"> canvio per res <\/span><span style=\"color: #333333\">del m\u00f3n<\/span><span style=\"color: #333333\">\u00bb. <\/span><span style=\"color: #333333\">L<\/span><span style=\"color: #333333\">\u2019Iris, fa 19 anys <\/span><span style=\"color: #333333\">que fa de mestra,<\/span> <span style=\"color: #333333\">dels quals nom\u00e9s <\/span><span style=\"color: #333333\">un treballant a la ciutat. <\/span><span style=\"color: #333333\">\u00abLa meva decisi\u00f3 es deu a la tranquil\u00b7litat del medi i el suport de la gent. <\/span><span style=\"color: #333333\">A<\/span><span style=\"color: #333333\"> ciutat, els pares van <\/span><span style=\"color: #333333\">poc<\/span><span style=\"color: #333333\">a <\/span><span style=\"color: #333333\">a <\/span><span style=\"color: #333333\">les escoles pels seus fills\u00bb, confessa. \u00abEnsenyar per sobre qualsevol cosa\u00bb, <\/span><span style=\"color: #333333\">\u00e9s el seu lema. <\/span><span style=\"color: #333333\">La vocaci\u00f3 per ensenyar ha fet que la paraula &#8220;obstacle&#8221; no <\/span><span style=\"color: #333333\">existeixi<\/span><span style=\"color: #333333\"> en la vida d<\/span><span style=\"color: #333333\">e l\u2019<\/span><span style=\"color: #333333\">Iris. No importa el clima. Tampoc <\/span><span style=\"color: #333333\">l\u2019estat de <\/span><span style=\"color: #333333\">la <\/span><span style=\"color: #333333\">carretera<\/span><span style=\"color: #333333\"> i si hi ha o no transport disponible. Ella <\/span><span style=\"color: #333333\">procura espavilar-se com sigui<\/span><span style=\"color: #333333\">. Sempre va buscant <\/span><span style=\"color: #333333\">alg\u00fa que la porti i quasi sempre ho aconsegueix<\/span><span style=\"color: #333333\">. Les comoditats <\/span><span style=\"color: #333333\">en aquestes escoles rurals<\/span><span style=\"color: #333333\"> gaireb\u00e9 no existeixen. A l&#8217;escola en la qual avui fa classes i viu amb la seva filla i l&#8217;auxiliar, no hi ha energia el\u00e8ctrica. Tenen un <\/span><span style=\"color: #333333\">termo<\/span><span style=\"color: #333333\"> a gas i una deteriorada estufa <\/span><span style=\"color: #333333\">de<\/span><span style=\"color: #333333\"> llenya. <\/span><span style=\"color: #333333\">La llenya li donen a l\u2019\u00abestancia\u00bb <\/span><span style=\"color: #333333\">que tenen m\u00e9s a prop i d&#8217;on v\u00e9nen els \u00fanics alumnes. I <\/span><span style=\"color: #333333\">tot i que els donen<\/span><span style=\"color: #333333\"> l&#8217;esmorzar, no tenen nevera. El menjar la guarden en una casa ve\u00efna a 500 metres de dist\u00e0ncia.<\/span><\/span><\/span><\/p>\n<p align=\"justify\"><span style=\"color: #333333\"><span style=\"font-family: Verdana, sans-serif\"><span style=\"font-size: medium\">&#8220;Veus qu\u00e8 fem?&#8230; Aquestes coses les hem viscut gaireb\u00e9 tots els mestres rurals&#8221;, explica entre rialles. I encara que per ella seguiria de per vida fent classes al camp, l\u2019Iris t\u00e9 previst &#8220;fer l&#8217;esfor\u00e7&#8221; de treballar a la ciutat per tal de qu\u00e8 la seva petita tingui contacte amb altres mestres i altres nens abans d\u2019entrar a l\u2019institut.<\/span><\/span><\/span><\/p>\n<p align=\"justify\"><span style=\"font-family: Verdana, sans-serif\"><span style=\"font-size: medium\"><span style=\"color: #333333\">Parlem de vocaci\u00f3? Aix\u00f2 \u00e9s vocaci\u00f3<\/span><span style=\"color: #333333\">&#8230; <\/span><\/span><\/span><\/p>\n","protected":false},"excerpt":{"rendered":"<p>L\u2019Uruguai \u00e9s un pa\u00eds unes 5 vegades m\u00e9s gran que Catalunya i uns 3 milions i mig d\u2019habitants, dels quals 1 mili\u00f3 i mig viuen a Montevideo, la capital, i tota la seva conurbaci\u00f3 urbana. Catalunya en t\u00e9 7 milions i mig. Per tant, \u00e9s evident que l\u2019Uruguai \u00e9s un pa\u00eds poc poblat i pel [&hellip;]<\/p>\n","protected":false},"author":214,"featured_media":0,"comment_status":"open","ping_status":"open","sticky":false,"template":"","format":"standard","meta":{"_jetpack_memberships_contains_paid_content":false,"footnotes":"","jetpack_publicize_message":"","jetpack_publicize_feature_enabled":true,"jetpack_social_post_already_shared":false,"jetpack_social_options":{"image_generator_settings":{"template":"highway","default_image_id":0,"font":"","enabled":false},"version":2}},"categories":[668,2937],"tags":[31855,29764],"class_list":["post-6120","post","type-post","status-publish","format-standard","hentry","category-educacio","category-uruguai","tag-educacio","tag-alfredo-zitarrosa"],"jetpack_publicize_connections":[],"jetpack_featured_media_url":"","jetpack_shortlink":"https:\/\/wp.me\/pagkjs-1AI","jetpack-related-posts":[],"jetpack_sharing_enabled":true,"_links":{"self":[{"href":"https:\/\/blogs.avui.cat\/jaumepubill\/wp-json\/wp\/v2\/posts\/6120","targetHints":{"allow":["GET"]}}],"collection":[{"href":"https:\/\/blogs.avui.cat\/jaumepubill\/wp-json\/wp\/v2\/posts"}],"about":[{"href":"https:\/\/blogs.avui.cat\/jaumepubill\/wp-json\/wp\/v2\/types\/post"}],"author":[{"embeddable":true,"href":"https:\/\/blogs.avui.cat\/jaumepubill\/wp-json\/wp\/v2\/users\/214"}],"replies":[{"embeddable":true,"href":"https:\/\/blogs.avui.cat\/jaumepubill\/wp-json\/wp\/v2\/comments?post=6120"}],"version-history":[{"count":1,"href":"https:\/\/blogs.avui.cat\/jaumepubill\/wp-json\/wp\/v2\/posts\/6120\/revisions"}],"predecessor-version":[{"id":6121,"href":"https:\/\/blogs.avui.cat\/jaumepubill\/wp-json\/wp\/v2\/posts\/6120\/revisions\/6121"}],"wp:attachment":[{"href":"https:\/\/blogs.avui.cat\/jaumepubill\/wp-json\/wp\/v2\/media?parent=6120"}],"wp:term":[{"taxonomy":"category","embeddable":true,"href":"https:\/\/blogs.avui.cat\/jaumepubill\/wp-json\/wp\/v2\/categories?post=6120"},{"taxonomy":"post_tag","embeddable":true,"href":"https:\/\/blogs.avui.cat\/jaumepubill\/wp-json\/wp\/v2\/tags?post=6120"}],"curies":[{"name":"wp","href":"https:\/\/api.w.org\/{rel}","templated":true}]}}