{"id":6104,"date":"2017-04-29T11:57:52","date_gmt":"2017-04-29T10:57:52","guid":{"rendered":"http:\/\/blogs.avui.cat\/jaumepubill\/?p=6104"},"modified":"2017-04-29T16:43:51","modified_gmt":"2017-04-29T15:43:51","slug":"generacio-y","status":"publish","type":"post","link":"https:\/\/blogs.avui.cat\/jaumepubill\/2017\/04\/29\/generacio-y\/","title":{"rendered":"Generaci\u00f3 Y"},"content":{"rendered":"<p align=\"justify\"><span style=\"color: #000000\"><span style=\"font-family: Verdana, sans-serif\"><span style=\"font-size: medium\"><br \/>\n<img data-recalc-dims=\"1\" loading=\"lazy\" decoding=\"async\" class=\"alignleft\" src=\"https:\/\/i0.wp.com\/pensamientolateral.org\/wp-content\/uploads\/2014\/05\/generacion-y.jpg?resize=236%2C261\" width=\"236\" height=\"261\" \/>Ahir em vaig trobar per casualitat, mentre comprova en una gran superf\u00edcie, una amiga <\/span><\/span><\/span><span style=\"color: #000000\"><span style=\"font-family: Verdana, sans-serif\"><span style=\"font-size: medium\">acompanyada de la<\/span><\/span><\/span><span style=\"color: #000000\"><span style=\"font-family: Verdana, sans-serif\"><span style=\"font-size: medium\"> seva filla jove. <\/span><\/span><\/span><span style=\"color: #000000\"><span style=\"font-family: Verdana, sans-serif\"><span style=\"font-size: medium\">Com s\u2019acostuma a fer despr\u00e9s d\u2019una llarga temporada de no <\/span><\/span><\/span><span style=\"color: #000000\"><span style=\"font-family: Verdana, sans-serif\"><span style=\"font-size: medium\">haver-se vist<\/span><\/span><\/span><span style=\"color: #000000\"><span style=\"font-family: Verdana, sans-serif\"><span style=\"font-size: medium\">, vam anar repassant la vida de cadasc\u00fa, de les fam\u00edlies, dels fills, etc. Com que anava amb la seva filla vam sortir a parlar dels estudis i del futur una mica incert i potser fins i tot ombr\u00edvol que els esperava a tots aquests joves. La meva amiga va corroborar els temors que jo sempre exposo quan parlo d\u2019aquest tema perqu\u00e8 ella justament treballa a l\u2019INEM i toca <\/span><\/span><\/span><span style=\"color: #000000\"><span style=\"font-family: Verdana, sans-serif\"><span style=\"font-size: medium\">a diari i <\/span><\/span><\/span><span style=\"color: #000000\"><span style=\"font-family: Verdana, sans-serif\"><span style=\"font-size: medium\">ben de prop tota la problem\u00e0tica de la cerca de feina, sobretot pel que fa a les dues franges d\u2019edat m\u00e9s complicades a l\u2019hora de trobar-ne: d\u2019una banda hi tenim els joves que accedeixen al seu primer contracte, sense experi\u00e8ncia de cap tipus i de l\u2019altra aquells que tenen m\u00e9s de quaranta anys i que, tot i tenir ja molta experi\u00e8ncia, sovint els consideren ja massa vells. <\/span><\/span><\/span><\/p>\n<p align=\"justify\"><span style=\"color: #000000\"><span style=\"font-family: Verdana, sans-serif\"><span style=\"font-size: medium\">A<\/span><\/span><\/span><span style=\"color: #000000\"><span style=\"font-family: Verdana, sans-serif\"><span style=\"font-size: medium\">questa mateixa casualitat que citava al comen\u00e7ament <\/span><\/span><\/span><span style=\"color: #000000\"><span style=\"font-family: Verdana, sans-serif\"><span style=\"font-size: medium\">va fer<\/span><\/span><\/span><span style=\"color: #000000\"><span style=\"font-family: Verdana, sans-serif\"><span style=\"font-size: medium\"> que just aquests dies esti<\/span><\/span><\/span><span style=\"color: #000000\"><span style=\"font-family: Verdana, sans-serif\"><span style=\"font-size: medium\">gu\u00e9s<\/span><\/span><\/span><span style=\"color: #000000\"><span style=\"font-family: Verdana, sans-serif\"><span style=\"font-size: medium\"> llegint alguns estudis de la coneguda empresa nord-americana <\/span><\/span><\/span><span style=\"color: #000000\"><span style=\"font-family: Verdana, sans-serif\"><span style=\"font-size: medium\"><b>ManpowerGroup<\/b><\/span><\/span><\/span><span style=\"color: #000000\"><span style=\"font-family: Verdana, sans-serif\"><span style=\"font-size: medium\"> sobre el m\u00f3n del treball dels que ara anomenen <\/span><\/span><\/span><span style=\"color: #000000\"><span style=\"font-family: Verdana, sans-serif\"><span style=\"font-size: medium\">amb la paraula anglesa <\/span><\/span><\/span><span style=\"color: #000000\"><span style=\"font-family: Verdana, sans-serif\"><span style=\"font-size: medium\"><i>millennials <\/i><\/span><\/span><\/span><span style=\"color: #000000\"><span style=\"font-family: Verdana, sans-serif\"><span style=\"font-size: medium\">i coneguts<\/span><\/span><\/span><i> <\/i><span style=\"color: #000000\"><span style=\"font-family: Verdana, sans-serif\"><span style=\"font-size: medium\">tamb\u00e9 amb el nom de <\/span><\/span><\/span><span style=\"color: #000000\"><span style=\"font-family: Verdana, sans-serif\"><span style=\"font-size: medium\"><b>GENERACI\u00d3 Y<\/b><\/span><\/span><\/span><span style=\"color: #000000\"><span style=\"font-family: Verdana, sans-serif\"><span style=\"font-size: medium\">,<\/span><\/span><\/span><i> <\/i><span style=\"color: #000000\"><span style=\"font-family: Verdana, sans-serif\"><span style=\"font-size: medium\">i que s\u00f3n aquells que han nascut<\/span><\/span><\/span><span style=\"color: #000000\"><span style=\"font-family: Verdana, sans-serif\"><span style=\"font-size: medium\"> entre <\/span><\/span><\/span><span style=\"color: #000000\"><span style=\"font-family: Verdana, sans-serif\"><span style=\"font-size: medium\">1980 i 1995. <\/span><\/span><\/span><span style=\"font-family: Verdana, sans-serif\"><span style=\"font-size: medium\">ManpowerGroup ha encarregat a la consultoria de lideratge d&#8217;opini\u00f3 <\/span><\/span><span style=\"font-family: Verdana, sans-serif\"><span style=\"font-size: medium\"><b>Reputation Leaders<\/b><\/span><\/span><span style=\"font-family: Verdana, sans-serif\"><span style=\"font-size: medium\"> un estudi mundial quantitatiu entre 19.000 treballadors <\/span><\/span><span style=\"font-family: Verdana, sans-serif\"><span style=\"font-size: medium\"><i>m<\/i><\/span><\/span><span style=\"font-family: Verdana, sans-serif\"><span style=\"font-size: medium\"><i>illennial<\/i><\/span><\/span><span style=\"font-family: Verdana, sans-serif\"><span style=\"font-size: medium\"><i>s<\/i><\/span><\/span><span style=\"font-family: Verdana, sans-serif\"><span style=\"font-size: medium\"> i 1.500 consultors de 25 pa\u00efsos per comprendre el que <\/span><\/span><span style=\"font-family: Verdana, sans-serif\"><span style=\"font-size: medium\">aquesta generaci\u00f3<\/span><\/span><span style=\"font-family: Verdana, sans-serif\"><span style=\"font-size: medium\"> busca ara, i en el futur, i per ajudar les persones i les empreses a aconseguir l&#8217;\u00e8xit en aquest nou mercat laboral global. <\/span><\/span><span style=\"font-family: Verdana, sans-serif\"><span style=\"font-size: medium\">Sembla un estudi molt ben fet, tant per la magnitud de la mostra com perqu\u00e8 d\u00f3na una bona<\/span><\/span><span style=\"font-family: Verdana, sans-serif\"><span style=\"font-size: medium\"> perspectiva tant des del punt de vista dels empleats com del dels empresaris. El treball de camp s&#8217;ha desenvolupat entre febrer i abril de 2016. Els pa\u00efsos participants inclouen: Argentina, \u00c0ustria, Austr\u00e0lia, B\u00e8lgica, Brasil, Bulg\u00e0ria, Canad\u00e0, Xina, Fran\u00e7a, Alemanya, Gr\u00e8cia, \u00cdndia, It\u00e0lia, Jap\u00f3, Mal\u00e0isia, M\u00e8xic, Pa\u00efsos Baixos,Noruega, Paraguai, Singapur, S\u00e8rbia, Espanya, Su\u00efssa, el Regne Unit i els Estats Units. <\/span><\/span><\/p>\n<p align=\"justify\"><span style=\"font-family: Verdana, sans-serif\"><span style=\"font-size: medium\">Si voleu consultar <\/span><\/span><span style=\"font-family: Verdana, sans-serif\"><span style=\"font-size: medium\">amb m\u00e9s profunditat <\/span><\/span><span style=\"font-family: Verdana, sans-serif\"><span style=\"font-size: medium\">aquests interessants estudis pode<\/span><\/span><span style=\"font-family: Verdana, sans-serif\"><span style=\"font-size: medium\">u<\/span><\/span><span style=\"font-family: Verdana, sans-serif\"><span style=\"font-size: medium\"> entrar en els seg\u00fcents enlla\u00e7os <\/span><\/span><span style=\"font-size: medium\"><strong><span style=\"font-family: Verdana, sans-serif\"><a href=\"http:\/\/www.manpowergroup.es\/data\/files\/Estudios\/pdf\/Estudio_ManpowerGroup_-_Carreras_profesionales_de_los_Millennials,_Horizonte_2020_635997053700335000.pdf\">Carreras profesionales de los millenniales: horizonte 2020<\/a> <\/span><\/strong><\/span><span style=\"font-family: Verdana, sans-serif\"><span style=\"font-size: medium\">i <\/span><\/span><span style=\"color: #000000\"><span style=\"font-family: Verdana, sans-serif\"><span style=\"font-size: medium\"><strong><a href=\"http:\/\/www.manpowergroup.es\/Tendencias-mundo-trabajo\">TENDENCIAS EN EL MUNDO DEL TRABAJO<\/a><\/strong>. <\/span><\/span><\/span><span style=\"color: #000000\"><span style=\"font-family: Verdana, sans-serif\"><span style=\"font-size: medium\">M\u2019agradaria destacar-ne alguns punts perqu\u00e8 els considero<\/span><\/span><\/span> <span style=\"color: #000000\"><span style=\"font-family: Verdana, sans-serif\"><span style=\"font-size: medium\">molt encertats i no estaria de m\u00e9s que<\/span><\/span><\/span><span style=\"color: #000000\"><span style=\"font-family: Verdana, sans-serif\"><span style=\"font-size: medium\"> els empresaris <\/span><\/span><\/span><span style=\"color: #000000\"><span style=\"font-family: Verdana, sans-serif\"><span style=\"font-size: medium\">els llegissin i<\/span><\/span><\/span><span style=\"color: #000000\"><span style=\"font-family: Verdana, sans-serif\"><span style=\"font-size: medium\"> s\u2019<\/span><\/span><\/span><span style=\"color: #000000\"><span style=\"font-family: Verdana, sans-serif\"><span style=\"font-size: medium\">adonin que<\/span><\/span><\/span><span style=\"color: #000000\"><span style=\"font-family: Verdana, sans-serif\"><span style=\"font-size: medium\"> han de canviar urgentment les seves pol\u00edtiques de recursos humans per tal de poder aprofitar<\/span><\/span><\/span><span style=\"color: #000000\"><span style=\"font-family: Verdana, sans-serif\"><span style=\"font-size: medium\"> el gran potencial d&#8217;aquesta generaci\u00f3, &#8220;la m\u00e9s preparada de la Hist\u00f2ria&#8221;, segons el consens popular.<\/span><\/span><\/span><span style=\"color: #000000\"><span style=\"font-family: Verdana, sans-serif\"><span style=\"font-size: medium\"> De<\/span><\/span><\/span><span style=\"color: #000000\"><span style=\"font-family: Verdana, sans-serif\"><span style=\"font-size: medium\"> totes les realitats que defineixen un treballador <\/span><\/span><\/span><span style=\"color: #000000\"><span style=\"font-family: Verdana, sans-serif\"><span style=\"font-size: medium\"><i>mil<\/i><\/span><\/span><\/span><span style=\"color: #000000\"><span style=\"font-family: Verdana, sans-serif\"><span style=\"font-size: medium\"><i>l<\/i><\/span><\/span><\/span><span style=\"color: #000000\"><span style=\"font-family: Verdana, sans-serif\"><span style=\"font-size: medium\"><i>en<\/i><\/span><\/span><\/span><span style=\"color: #000000\"><span style=\"font-family: Verdana, sans-serif\"><span style=\"font-size: medium\"><i>n<\/i><\/span><\/span><\/span><span style=\"color: #000000\"><span style=\"font-family: Verdana, sans-serif\"><span style=\"font-size: medium\"><i>ial <\/i><\/span><\/span><\/span><span style=\"color: #000000\"><span style=\"font-family: Verdana, sans-serif\"><span style=\"font-size: medium\">en<\/span><\/span><\/span><i> <\/i><span style=\"color: #000000\"><span style=\"font-family: Verdana, sans-serif\"><span style=\"font-size: medium\">destaquen dues que s\u00f3n clau per entendre les seves motivacions i objectius: <\/span><\/span><\/span><span style=\"color: #000000\"><span style=\"font-family: Verdana, sans-serif\"><span style=\"font-size: medium\"><i><b>els anys de carrera professional que tenen per davant <\/b><\/i><\/span><\/span><\/span><span style=\"color: #000000\"><span style=\"font-family: Verdana, sans-serif\"><span style=\"font-size: medium\"><i><b>i<\/b><\/i><\/span><\/span><\/span><span style=\"color: #000000\"><span style=\"font-family: Verdana, sans-serif\"><span style=\"font-size: medium\"><i><b> temps que empraran en un mercat laboral sempre canviant. <\/b><\/i><\/span><\/span><\/span><\/p>\n<p align=\"justify\"><span style=\"color: #000000\"><span style=\"font-family: Verdana, sans-serif\"><span style=\"font-size: medium\">1.<\/span><\/span><\/span><span style=\"color: #000000\"><span style=\"font-family: Verdana, sans-serif\"><span style=\"font-size: medium\">&#8220;La majoria d\u2019<\/span><\/span><\/span><span style=\"color: #000000\"><span style=\"font-family: Verdana, sans-serif\"><span style=\"font-size: medium\">aquests joves<\/span><\/span><\/span><span style=\"color: #000000\"><span style=\"font-family: Verdana, sans-serif\"><span style=\"font-size: medium\"> saben que treballaran m\u00e9s temps que les generacions que els han precedit&#8221; destaca l&#8217;informe. Per exemple, gaireb\u00e9 la meitat dels enquestats s&#8217;imagina que treballar\u00e0 pr\u00e0cticament <\/span><\/span><\/span><span style=\"color: #000000\"><span style=\"font-family: Verdana, sans-serif\"><span style=\"font-size: medium\">fins als<\/span><\/span><\/span><span style=\"color: #000000\"><span style=\"font-family: Verdana, sans-serif\"><span style=\"font-size: medium\"> 68 o 69 anys i fins i tot un 7% creu que la seva edat de jubilaci\u00f3 s<\/span><\/span><\/span><span style=\"color: #000000\"><span style=\"font-family: Verdana, sans-serif\"><span style=\"font-size: medium\">e n<\/span><\/span><\/span><span style=\"color: #000000\"><span style=\"font-family: Verdana, sans-serif\"><span style=\"font-size: medium\">&#8216;anir\u00e0 m\u00e9s enll\u00e0 dels 70 anys. <\/span><\/span><\/span><\/p>\n<p align=\"justify\"><span style=\"font-family: Verdana, sans-serif\"><span style=\"font-size: medium\"><span style=\"color: #000000\">2. Davant d&#8217;aquesta perspectiva, la immensa majoria dels treballadors preveu &#8220;aturades en el cam\u00ed de m\u00e9s de 4 setmanes&#8221;. Mesos sab\u00e0tics, anys sab\u00e0tics, temps per desconnectar i replantejar-se les coses&#8230; Una bona imatge seria la d\u2019una traject\u00f2ria laboral com una muntanya russa en qu\u00e8 la perman\u00e8ncia en una mateixa ocupaci\u00f3 durant molt temps no \u00e9s una opci\u00f3 molt falaguera o, senzillament, no \u00e9s una opci\u00f3. Per aix\u00f2, un primer consell per gestionar la seva feina seria: transformar els horaris laborals i la flexibilitat dels per\u00edodes de vacances. Sigui per necessitat o per elecci\u00f3, els treballadors m\u00e9s joves no s&#8217;imaginen en el mateix lloc de treball durant m\u00e9s de dos o tres anys. Aix\u00f2 obliga a redefinir el concepte d&#8217;estabilitat laboral, que ja no implica estar 20 o 30 anys en el mateix departament o en la mateixa empresa. Desenvolupar les habilitats professionals i mantenir un ritme de vida desitjable s&#8217;ha convertit en un s\u00edmbol d&#8217;estabilitat per ells, que el prefereixen abans de tenir una feina segura a llarg termini. Per aix\u00f2, una altra de les lli\u00e7ons que es poden extreure d&#8217;aquest estudi \u00e9s la seg\u00fcent:<\/span><\/span><\/span><\/p>\n<p align=\"justify\"><span style=\"font-family: Verdana, sans-serif\"><span style=\"font-size: medium\"><span style=\"color: #000000\">3. No ofereixis un lloc de treball, ofereix reptes i oportunitats de creixement laboral i personal als teus empleats. &#8220;Aquests joves prefereixen que el seu cap actual &#8211; i no el seg\u00fcent &#8211; els ofereixi noves oportunitats: el 64% t\u00e9 la intenci\u00f3 de quedar-se amb el seu cap en els pr\u00f2xims anys&#8221;. No \u00e9s, per tant, que els apassioni canviar de manera sistem\u00e0tica d&#8217;ocupaci\u00f3, sin\u00f3 que volen cr\u00e9ixer i evolucionar tant en la seva parcel\u00b7la professional -a partir de noves responsabilitats i projectes &#8211; com en la personal, amb temps lliure per al seu oci.<\/span><\/span><\/span><\/p>\n<p align=\"justify\"><span style=\"font-family: Verdana, sans-serif\"><span style=\"font-size: medium\"><span style=\"color: #000000\">4. Un altre dels aspectes importants t\u00e9 a veure amb el reconeixement que se&#8217;ls concedeix pel seu acompliment laboral. &#8220;El 53% considerarien la possibilitat de deixar la seva ocupaci\u00f3 actual per la manca de reconeixement&#8221;. El percentatge pot sorprendre, perqu\u00e8 m\u00e9s de la meitat dels enquestats es plantejaria deixar la seva empresa no per una q\u00fcesti\u00f3 de sou, sin\u00f3, senzillament, per no sentir-se valorats dins de la seva pr\u00f2pia companyia. Aix\u00ed que aqu\u00ed arriba l&#8217;\u00faltima clau que es pot extreure d&#8217;aquest estudi: <i><b>Empresaris, dediqueu temps a recon\u00e8ixer i valorar el treball dels vostres empleats joves. Hi ha moltes formes d&#8217;incentivar als treballadors, m\u00e9s enll\u00e0 del sou.<\/b><\/i> <\/span><\/span><\/span><\/p>\n<p align=\"justify\"><span style=\"color: #222222\"><span style=\"font-family: Verdana, sans-serif\"><span style=\"font-size: medium\">Sovint <\/span><\/span><\/span><span style=\"color: #222222\"><span style=\"font-family: Verdana, sans-serif\"><span style=\"font-size: medium\">s\u2019ha fet notar<\/span><\/span><\/span><span style=\"color: #222222\"><span style=\"font-family: Verdana, sans-serif\"><span style=\"font-size: medium\"> que tota la <\/span><\/span><\/span><span style=\"color: #222222\"><span style=\"font-family: Verdana, sans-serif\"><span style=\"font-size: medium\"><b>generaci\u00f3 Y<\/b><\/span><\/span><\/span><span style=\"color: #222222\"><span style=\"font-family: Verdana, sans-serif\"><span style=\"font-size: medium\">, ha topat amb una paret, la que els impedeix accedir <\/span><\/span><\/span><span style=\"color: #222222\"><span style=\"font-family: Verdana, sans-serif\"><span style=\"font-size: medium\">al m\u00f3n laboral<\/span><\/span><\/span><span style=\"color: #222222\"><span style=\"font-family: Verdana, sans-serif\"><span style=\"font-size: medium\">, punt de partida per poder progressar a la vida, <\/span><\/span><\/span><span style=\"color: #222222\"><span style=\"font-family: Verdana, sans-serif\"><span style=\"font-size: medium\">i \u00e9s totalment cert<\/span><\/span><\/span><span style=\"color: #222222\"><span style=\"font-family: Verdana, sans-serif\"><span style=\"font-size: medium\">. <\/span><\/span><\/span><span style=\"color: #222222\"><span style=\"font-family: Verdana, sans-serif\"><span style=\"font-size: medium\">Si no volem que aquesta generaci\u00f3 s\u2019instal\u00b7li <\/span><\/span><\/span><span style=\"color: #222222\"><span style=\"font-family: Verdana, sans-serif\"><span style=\"font-size: medium\">en la desesperaci\u00f3 i l&#8217;angoixa <\/span><\/span><\/span><span style=\"color: #222222\"><span style=\"font-family: Verdana, sans-serif\"><span style=\"font-size: medium\">s\u2019hauria de fer alguna cosa m\u00e9s per part dels empresaris i els governs si no els volem perdre del tot.<\/span><\/span><\/span> <span style=\"color: #222222\"><span style=\"font-family: Verdana, sans-serif\"><span style=\"font-size: medium\">Perqu\u00e8 una de les coses pitjors que hi deu haver \u00e9s tenir l<\/span><\/span><\/span><span style=\"color: #222222\"><span style=\"font-family: Verdana, sans-serif\"><span style=\"font-size: medium\">a sensaci\u00f3 de perspectiv<\/span><\/span><\/span><span style=\"color: #222222\"><span style=\"font-family: Verdana, sans-serif\"><span style=\"font-size: medium\">es<\/span><\/span><\/span><span style=\"color: #222222\"><span style=\"font-family: Verdana, sans-serif\"><span style=\"font-size: medium\"> frustrad<\/span><\/span><\/span><span style=\"color: #222222\"><span style=\"font-family: Verdana, sans-serif\"><span style=\"font-size: medium\">es<\/span><\/span><\/span> <span style=\"color: #222222\"><span style=\"font-family: Verdana, sans-serif\"><span style=\"font-size: medium\">o de que no hi ha cap perspectiva de trobar feina per viure dignament.<\/span><\/span><\/span><\/p>\n","protected":false},"excerpt":{"rendered":"<p>Ahir em vaig trobar per casualitat, mentre comprova en una gran superf\u00edcie, una amiga acompanyada de la seva filla jove. Com s\u2019acostuma a fer despr\u00e9s d\u2019una llarga temporada de no haver-se vist, vam anar repassant la vida de cadasc\u00fa, de les fam\u00edlies, dels fills, etc. Com que anava amb la seva filla vam sortir a [&hellip;]<\/p>\n","protected":false},"author":214,"featured_media":0,"comment_status":"open","ping_status":"open","sticky":false,"template":"","format":"standard","meta":{"_jetpack_memberships_contains_paid_content":false,"footnotes":"","jetpack_publicize_message":"","jetpack_publicize_feature_enabled":true,"jetpack_social_post_already_shared":false,"jetpack_social_options":{"image_generator_settings":{"template":"highway","default_image_id":0,"font":"","enabled":false},"version":2}},"categories":[65,160],"tags":[31819,31827],"class_list":["post-6104","post","type-post","status-publish","format-standard","hentry","category-feina","category-societat","tag-feina","tag-societat"],"jetpack_publicize_connections":[],"jetpack_featured_media_url":"","jetpack_shortlink":"https:\/\/wp.me\/pagkjs-1As","jetpack-related-posts":[],"jetpack_sharing_enabled":true,"_links":{"self":[{"href":"https:\/\/blogs.avui.cat\/jaumepubill\/wp-json\/wp\/v2\/posts\/6104","targetHints":{"allow":["GET"]}}],"collection":[{"href":"https:\/\/blogs.avui.cat\/jaumepubill\/wp-json\/wp\/v2\/posts"}],"about":[{"href":"https:\/\/blogs.avui.cat\/jaumepubill\/wp-json\/wp\/v2\/types\/post"}],"author":[{"embeddable":true,"href":"https:\/\/blogs.avui.cat\/jaumepubill\/wp-json\/wp\/v2\/users\/214"}],"replies":[{"embeddable":true,"href":"https:\/\/blogs.avui.cat\/jaumepubill\/wp-json\/wp\/v2\/comments?post=6104"}],"version-history":[{"count":5,"href":"https:\/\/blogs.avui.cat\/jaumepubill\/wp-json\/wp\/v2\/posts\/6104\/revisions"}],"predecessor-version":[{"id":6110,"href":"https:\/\/blogs.avui.cat\/jaumepubill\/wp-json\/wp\/v2\/posts\/6104\/revisions\/6110"}],"wp:attachment":[{"href":"https:\/\/blogs.avui.cat\/jaumepubill\/wp-json\/wp\/v2\/media?parent=6104"}],"wp:term":[{"taxonomy":"category","embeddable":true,"href":"https:\/\/blogs.avui.cat\/jaumepubill\/wp-json\/wp\/v2\/categories?post=6104"},{"taxonomy":"post_tag","embeddable":true,"href":"https:\/\/blogs.avui.cat\/jaumepubill\/wp-json\/wp\/v2\/tags?post=6104"}],"curies":[{"name":"wp","href":"https:\/\/api.w.org\/{rel}","templated":true}]}}