{"id":6070,"date":"2017-03-29T18:53:43","date_gmt":"2017-03-29T17:53:43","guid":{"rendered":"http:\/\/blogs.avui.cat\/jaumepubill\/?p=6070"},"modified":"2017-03-29T18:56:17","modified_gmt":"2017-03-29T17:56:17","slug":"quan-fou-mort-el-combregaren","status":"publish","type":"post","link":"https:\/\/blogs.avui.cat\/jaumepubill\/2017\/03\/29\/quan-fou-mort-el-combregaren\/","title":{"rendered":"Quan fou mort el combregaren"},"content":{"rendered":"<p class=\"western\" align=\"justify\"><span style=\"color: #333333\"><span style=\"font-family: Verdana, sans-serif\"><span style=\"font-size: medium\"><img data-recalc-dims=\"1\" loading=\"lazy\" decoding=\"async\" class=\"alignleft\" src=\"https:\/\/i0.wp.com\/www.elnacional.cat\/uploads\/s1\/13\/14\/33\/6\/empresaris%20acte%20rajoy%20barcelona%20GRAN%20Sergi%20Alcazar.JPG?resize=421%2C281\" width=\"421\" height=\"281\" \/>El refranyer popular acostuma a ser molt savi. En una frase curta pot arribar a dir moltes coses i coses d\u2019una gran profunditat. Quan un auxili o remei arriba tard es fa servir el refrany que encap\u00e7ala aquest text: <i>\u00abQuan era mort el combregaren\u00bb, <\/i>que en castell\u00e0 podr\u00edem trobar l\u2019equivalent en aquell refrany que fa: \u00ab<i>A buena hora, mangas verdes\u00bb.<\/i><\/span><\/span><\/span><\/p>\n<p align=\"justify\"><span style=\"color: #333333\"><span style=\"font-family: Verdana, sans-serif\"><span style=\"font-size: medium\">Aquest refrany el faria servir per explicar el que va succeir ahir amb l\u2019inefable Rajoy, que ve a Barcelona, fa quatre promeses ja velles i reiteradament incomplertes davant d\u2019una colla de fans que se\u2019l miraven satisfets com si veiessin Nostre Senyor -admiradors incondicionals d\u2019un enigm\u00e0tic personatge que ni ell mateix sap ben b\u00e9 on va- i torna a marxar cap a Madrid satisfet d\u2019ell mateix i content com unes pasq\u00fces. Deixa anar unes quantes promeses que sap ben b\u00e9 que mai es compliran i queda tan ample. Fa m\u00e9s de 20 anys que els governs de Madrid prometen coses que despr\u00e9s no fan. \u00c9s el <i>\u00abtimo de la estampita\u00bb <\/i>amb el que ens enreden sempre i, babaus de nosaltres, hi caiem amb les quatre potes.<\/span><\/span><\/span><\/p>\n<form name=\"Formulari\">\n<div align=\"justify\">\n<p><span style=\"color: #333333\"><span style=\"font-family: Verdana, sans-serif\"><span style=\"font-size: medium\">Jo no ho entenc! De veritat que no entenc com aquesta gent <\/span><\/span><\/span><span style=\"color: #333333\"><span style=\"font-family: Verdana, sans-serif\"><span style=\"font-size: medium\">del PP <\/span><\/span><\/span><span style=\"color: #333333\"><span style=\"font-family: Verdana, sans-serif\"><span style=\"font-size: medium\">t\u00e9 les penques de fer aquesta mena de sainets sense ni enrogir ni una molla. <\/span><\/span><\/span><span style=\"color: #333333\"><span style=\"font-family: Verdana, sans-serif\"><span style=\"font-size: medium\">I tampoc entenc com encara es deixen prendre el p\u00e8l escoltant embadalits tantes promeses i tantes mentides. Nom\u00e9s cal veure les cares dels que eren a primera fila de l\u2019auditori per veure que s\u00f3n gent comprada o, si voleu, gent que s\u2019ha venut al millor postor. Gent amb grans interessos econ\u00f2mics que han de quedar b\u00e9 de la manera que sigui amb el govern. <\/span><\/span><\/span><span style=\"color: #333333\"><span style=\"font-family: Verdana, sans-serif\"><span style=\"font-size: medium\"><b>Germ\u00e0 Bel<\/b><\/span><\/span><\/span><span style=\"color: #333333\"><span style=\"font-family: Verdana, sans-serif\"><span style=\"font-size: medium\">, una de les persones m\u00e9s enteses en tot el que fa refer\u00e8ncia a infraestructures desmunta en un article tot el que aquest beneit que tenim de <\/span><\/span><\/span><span style=\"color: #333333\"><span style=\"font-family: Verdana, sans-serif\"><span style=\"font-size: medium\"><i>Presidente<\/i><\/span><\/span><\/span><span style=\"color: #333333\"><span style=\"font-family: Verdana, sans-serif\"><span style=\"font-size: medium\"> va dir. Ho <\/span><\/span><\/span><span style=\"color: #333333\"><span style=\"font-family: Verdana, sans-serif\"><span style=\"font-size: medium\">podeu trobar<\/span><\/span><\/span> <span style=\"color: #333333\"><span style=\"font-family: Verdana, sans-serif\"><span style=\"font-size: medium\">si us hi voleu entretenir una es<\/span><\/span><\/span><span style=\"color: #333333\"><span style=\"font-family: Verdana, sans-serif\"><span style=\"font-size: medium\">t<\/span><\/span><\/span><span style=\"color: #333333\"><span style=\"font-family: Verdana, sans-serif\"><span style=\"font-size: medium\">ona. <\/span><\/span><\/span><span style=\"color: #333333\"><span style=\"font-family: Verdana, sans-serif\"><span style=\"font-size: medium\">Com deien els de LA COMPET\u00c8NCIA a Rac1: \u00ab<\/span><\/span><\/span><span style=\"color: #1d2129\"><span style=\"font-family: Helvetica, Arial, sans-serif\"><span style=\"font-size: xx-small\">:<\/span><\/span><\/span><span style=\"color: #1d2129\"><span style=\"font-family: Verdana, sans-serif\"><span style=\"font-size: medium\"><i>Rajoy a Catalunya prometent 3900M \u20ac en Rodalies. &#8220;Jau Rajoy! T\u00fa, en la colonia, prometer caballo de hierro pero s\u00f3lo hay cabra de cart\u00f3n&#8221;\u00bb.<\/i><\/span><\/span><\/span><\/p>\n<\/div>\n<\/form>\n<p><span style=\"color: #1d2129\"><span style=\"font-family: Verdana, sans-serif\"><span style=\"font-size: medium\">Dilluns passat, per exemple, <\/span><\/span><\/span><span style=\"color: #1d2129\"><span style=\"font-family: Verdana, sans-serif\"><span style=\"font-size: medium\">el ministre de Foment espanyol <\/span><\/span><\/span><span style=\"color: #1d2129\"><span style=\"font-family: Verdana, sans-serif\"><span style=\"font-size: medium\">va pujar <\/span><\/span><\/span><span style=\"color: #1d2129\"><span style=\"font-family: Verdana, sans-serif\"><span style=\"font-size: medium\">a un tren en proves per arribar a Castell\u00f3 i fer-se la fotografia explicant que arribar\u00e0 aviat a la capital de la Plana. Des del mateix tren fa una piulada, sorprenent, per dir que el corredor mediterrani avan\u00e7a perqu\u00e8 Castell\u00f3 ser\u00e0 m\u00e9s a prop de Madrid. <\/span><\/span><\/span><span style=\"color: #1d2129\"><span style=\"font-family: Verdana, sans-serif\"><span style=\"font-size: medium\">Ja ho veieu, el corredor del Mediterrani passant per Madrid. Qualsevol dia diran que faran arribar el mar a Madrid i alguns s\u2019ho creuran. Apropen Castell\u00f3 a Madrid i l\u2019allunyen de Val\u00e8ncia perqu\u00e8 els entesos descobreixen que so<\/span><\/span><\/span><span style=\"color: #1d2129\"><span style=\"font-family: Verdana, sans-serif\"><span style=\"font-size: medium\"> que l\u2019arribada del TGV Madrid-Castell\u00f3 causar\u00e0 un retard de vuit minuts i mig en tots els altres trens que fan la ruta entre Val\u00e8ncia i Castell\u00f3. <\/span><\/span><\/span><span style=\"color: #1d2129\"><span style=\"font-family: Verdana, sans-serif\"><span style=\"font-size: medium\">I, si ho analitzem b\u00e9 veurem com <\/span><\/span><\/span><span style=\"color: #1d2129\"><span style=\"font-family: Verdana, sans-serif\"><span style=\"font-size: medium\">els 3,7 milions de passatgers que cada any van de Val\u00e8ncia a Castell\u00f3 perdran vuit minuts de la se<\/span><\/span><\/span><span style=\"color: #1d2129\"><span style=\"font-family: Verdana, sans-serif\"><span style=\"font-size: medium\">va<\/span><\/span><\/span><span style=\"color: #1d2129\"><span style=\"font-family: Verdana, sans-serif\"><span style=\"font-size: medium\"> vida per trajecte per tal que els 116.000 usuaris que Renfe creu que tindr\u00e0 el TGV vag<\/span><\/span><\/span><span style=\"color: #1d2129\"><span style=\"font-family: Verdana, sans-serif\"><span style=\"font-size: medium\">i<\/span><\/span><\/span><span style=\"color: #1d2129\"><span style=\"font-family: Verdana, sans-serif\"><span style=\"font-size: medium\">n un<\/span><\/span><\/span><span style=\"color: #1d2129\"><span style=\"font-family: Verdana, sans-serif\"><span style=\"font-size: medium\">a mica m\u00e9s<\/span><\/span><\/span><span style=\"color: #1d2129\"><span style=\"font-family: Verdana, sans-serif\"><span style=\"font-size: medium\"> de pressa, <\/span><\/span><\/span><span style=\"color: #1d2129\"><span style=\"font-family: Verdana, sans-serif\"><span style=\"font-size: medium\">com fa notar <\/span><\/span><\/span><span style=\"color: #1d2129\"><span style=\"font-family: Verdana, sans-serif\"><span style=\"font-size: medium\"><a href=\"http:\/\/www.vilaweb.cat\/noticies\/ningu-no-es-deixa-estafar-eternament\/\">VICENT PARTAL<\/a>\u00a0a VilaWeb. Dit d&#8217;una altra manera:\u00a0<\/span><\/span><\/span><span style=\"color: #1d2129\"><span style=\"font-family: Verdana, sans-serif\"><span style=\"font-size: medium\">trenta-un viatgers de rodalia hauran d\u2019aguantar un retard de vuit minuts i mig per cada (presumpte) viatger que tindr\u00e0 el TGV.<\/span><\/span><\/span><\/p>\n<p align=\"justify\"><span style=\"color: #000000\"><span style=\"font-family: Verdana, sans-serif\"><span style=\"font-size: medium\">Ahir<\/span><\/span><span style=\"font-family: Verdana, sans-serif\"><span style=\"font-size: medium\"> Mariano Rajoy va <\/span><\/span><span style=\"font-family: Verdana, sans-serif\"><span style=\"font-size: medium\">fer de <\/span><\/span><span style=\"font-family: Verdana, sans-serif\"><span style=\"font-size: medium\"><i>\u00abtrilero\u00bb<\/i><\/span><\/span><span style=\"font-family: Verdana, sans-serif\"><span style=\"font-size: medium\"> altre cop . Va<\/span><\/span><span style=\"font-family: Verdana, sans-serif\"><span style=\"font-size: medium\"> repetir, <\/span><\/span><span style=\"font-family: Verdana, sans-serif\"><span style=\"font-size: medium\">per en\u00e8ssima vegada,<\/span><\/span><span style=\"font-family: Verdana, sans-serif\"><span style=\"font-size: medium\"> l<\/span><\/span><span style=\"font-family: Verdana, sans-serif\"><span style=\"font-size: medium\">es promeses que han fet per arreglar rodalia i que ja va prometre el ministre socialista<\/span><\/span><span style=\"font-family: Verdana, sans-serif\"><span style=\"font-size: medium\"> Pep\u00edn Blanco <\/span><\/span><span style=\"font-family: Verdana, sans-serif\"><span style=\"font-size: medium\">fa una colla d\u2019anys enrere<\/span><\/span><span style=\"font-family: Verdana, sans-serif\"><span style=\"font-size: medium\">. Rajoy va prometre ahir 4.000 milions d\u2019euros en els trens de rodalia de Barcelona <\/span><\/span><span style=\"font-family: Verdana, sans-serif\"><span style=\"font-size: medium\">fins al<\/span><\/span><span style=\"font-family: Verdana, sans-serif\"><span style=\"font-size: medium\"> 2025. I Blanco havia prom\u00e8s 4.000 milions d\u2019euros en els trens de rodalia de Barcelona que s\u2019hi havien d\u2019haver esmer\u00e7at entre el 2008 i el 2015. Ho heu llegit b\u00e9: \u00e9s la mateixa xifra. Per\u00f2 encara \u00e9s m\u00e9s greu que d\u2019aquells diners promesos nom\u00e9s en va arribar el 10%. El govern espanyol va prometre 4.000 milions i en van arribar 400. <\/span><\/span><span style=\"font-family: Verdana, sans-serif\"><span style=\"font-size: medium\">I si encara ens volem indignar m\u00e9s, cal dir ben alt i fort que <\/span><\/span><span style=\"font-family: Verdana, sans-serif\"><span style=\"font-size: medium\">el fam\u00f3s t\u00fanel <\/span><\/span><span style=\"font-family: Verdana, sans-serif\"><span style=\"font-size: medium\">que han constru\u00eft <\/span><\/span><span style=\"font-family: Verdana, sans-serif\"><span style=\"font-size: medium\">entre Chamart\u00edn i Barajas, a Madrid, pagat amb els diners del corredor mediterrani, costa 935 milions.<\/span><\/span><\/span><\/p>\n<p align=\"justify\"><span style=\"color: #000000\"><span style=\"font-family: Verdana, sans-serif\"><span style=\"font-size: medium\">Ens tracten de rucs, per\u00f2 no tots ho som i alguns sabem veure les coses i potser algun dia la gran majoria de catalans veuran l\u2019estafa permanent que ens fan i llavors tots a c\u00f3rrer perqu\u00e8 els catalans no marxis. I podrem dir amb tota la ra\u00f3: <\/span><\/span><span style=\"font-family: Verdana, sans-serif\"><span style=\"font-size: medium\">\u00ab<\/span><\/span><span style=\"font-family: Verdana, sans-serif\"><span style=\"font-size: medium\">Quan fou mort el combregaren\u00bb<\/span><\/span><span style=\"font-family: Verdana, sans-serif\"><span style=\"font-size: medium\"><b>.<\/b><\/span><\/span><\/span><\/p>\n","protected":false},"excerpt":{"rendered":"<p>El refranyer popular acostuma a ser molt savi. En una frase curta pot arribar a dir moltes coses i coses d\u2019una gran profunditat. Quan un auxili o remei arriba tard es fa servir el refrany que encap\u00e7ala aquest text: \u00abQuan era mort el combregaren\u00bb, que en castell\u00e0 podr\u00edem trobar l\u2019equivalent en aquell refrany que fa: [&hellip;]<\/p>\n","protected":false},"author":214,"featured_media":0,"comment_status":"open","ping_status":"open","sticky":false,"template":"","format":"standard","meta":{"_jetpack_memberships_contains_paid_content":false,"footnotes":"","jetpack_publicize_message":"","jetpack_publicize_feature_enabled":true,"jetpack_social_post_already_shared":false,"jetpack_social_options":{"image_generator_settings":{"template":"highway","default_image_id":0,"font":"","enabled":false},"version":2}},"categories":[4475,172],"tags":[31928,31828],"class_list":["post-6070","post","type-post","status-publish","format-standard","hentry","category-partido-popular-pp","category-politica","tag-partido-popular-pp","tag-politica"],"jetpack_publicize_connections":[],"jetpack_featured_media_url":"","jetpack_shortlink":"https:\/\/wp.me\/pagkjs-1zU","jetpack-related-posts":[],"jetpack_sharing_enabled":true,"_links":{"self":[{"href":"https:\/\/blogs.avui.cat\/jaumepubill\/wp-json\/wp\/v2\/posts\/6070","targetHints":{"allow":["GET"]}}],"collection":[{"href":"https:\/\/blogs.avui.cat\/jaumepubill\/wp-json\/wp\/v2\/posts"}],"about":[{"href":"https:\/\/blogs.avui.cat\/jaumepubill\/wp-json\/wp\/v2\/types\/post"}],"author":[{"embeddable":true,"href":"https:\/\/blogs.avui.cat\/jaumepubill\/wp-json\/wp\/v2\/users\/214"}],"replies":[{"embeddable":true,"href":"https:\/\/blogs.avui.cat\/jaumepubill\/wp-json\/wp\/v2\/comments?post=6070"}],"version-history":[{"count":3,"href":"https:\/\/blogs.avui.cat\/jaumepubill\/wp-json\/wp\/v2\/posts\/6070\/revisions"}],"predecessor-version":[{"id":6073,"href":"https:\/\/blogs.avui.cat\/jaumepubill\/wp-json\/wp\/v2\/posts\/6070\/revisions\/6073"}],"wp:attachment":[{"href":"https:\/\/blogs.avui.cat\/jaumepubill\/wp-json\/wp\/v2\/media?parent=6070"}],"wp:term":[{"taxonomy":"category","embeddable":true,"href":"https:\/\/blogs.avui.cat\/jaumepubill\/wp-json\/wp\/v2\/categories?post=6070"},{"taxonomy":"post_tag","embeddable":true,"href":"https:\/\/blogs.avui.cat\/jaumepubill\/wp-json\/wp\/v2\/tags?post=6070"}],"curies":[{"name":"wp","href":"https:\/\/api.w.org\/{rel}","templated":true}]}}