{"id":6035,"date":"2017-02-28T09:26:33","date_gmt":"2017-02-28T08:26:33","guid":{"rendered":"http:\/\/blogs.avui.cat\/jaumepubill\/?p=6035"},"modified":"2017-02-28T09:26:33","modified_gmt":"2017-02-28T08:26:33","slug":"oh-europa-quina-decepcio","status":"publish","type":"post","link":"https:\/\/blogs.avui.cat\/jaumepubill\/2017\/02\/28\/oh-europa-quina-decepcio\/","title":{"rendered":"Oh!\u00a0Europa, quina decepci\u00f3!"},"content":{"rendered":"<h3 class=\"post-title entry-title\"><img data-recalc-dims=\"1\" loading=\"lazy\" decoding=\"async\" class=\" size-full wp-image-6837 alignleft\" src=\"https:\/\/jaumepubill.files.wordpress.com\/2017\/02\/5e19c7a1dc294a93a5a3664bdb5223ac.jpg?resize=236%2C237\" alt=\"5e19c7a1dc294a93a5a3664bdb5223ac\" width=\"236\" height=\"237\" \/><\/h3>\n<div align=\"justify\">Hem somiat sovint en una altra Europa que no acaba d\u2019arribar. El somni d\u2019una Europa diferent, d\u2019una Europa unida, solid\u00e0ria, forta, no s\u2019ha fet realitat. M\u00e9s aviat el contrari. La percepci\u00f3 que la majoria de gent t\u00e9 \u00e9s que Europa s\u2019est\u00e0 afeblint. Sembla que aquelles figures brillants a tots nivells que havia produ\u00eft temps enrere ja s\u2019han esgotat. \u00c9s l\u2019imperi de la mediocritat, dels curts de vista, d\u2019una crisi econ\u00f2mica permanent, de les idees gastades que no creen cap tipus d\u2019il\u00b7lusi\u00f3. No s\u00e9 qu\u00e8 en sortir\u00e0 de tot aix\u00f2, per\u00f2 la cosa no pinta b\u00e9.<\/div>\n<div align=\"justify\">\n<p>Sovint ens omplim la boca amb\u00a0els\u00a0grans\u00a0valors que\u00a0<em>Europa<\/em>\u00a0ha sustentat i que,\u00a0al seu torn,\u00a0l\u2019han sustentada\u00a0a ella\u00a0i veiem com es van difuminant o fins i tot els valors bons es transformen en\u00a0vicis reprovables.\u00a0La llibertat d\u2019expressi\u00f3,\u00a0un d\u2019aquests valors\u00a0que gaudim a Occident\u00a0i que\u00a0sovint la comparem\u00a0amb\u00a0la que hi ha al\u00a0m\u00f3n isl\u00e0mic on fins i tot empresonen o executen una persona per delictes d\u2019opini\u00f3\u00a0s\u2019est\u00e0 perdent.\u00a0\u00bfRecordeu quan defens\u00e0vem\u00a0Charlie Hebdo\u00a0i d\u00e8iem que, gr\u00e0cies a la llibertat d\u2019expressi\u00f3 que hi ha a Europa, podien publicar tota classe de vinyetes a la revista? Doncs ja veiem que no sempre \u00e9s aix\u00ed i\u00a0encara\u00a0menys a Espanya,\u00a0on cada cop es fan interpretacions de la llei m\u00e9s restrictives, discutibles i\u00a0cada cop m\u00e9s\u00a0estranyes. Sembla que aqu\u00ed la llibertat d\u2019expressi\u00f3 depengui de massa factors espuris,\u00a0o\u00a0de les indicacions que amb tot desvergonyiment d\u00f3na un govern cada cop m\u00e9s d\u2019extrema dreta\u00a0(com \u00e9s el del PP) a uns jutges determinats nomenats a dit.<\/p>\n<\/div>\n<div align=\"justify\">\n<p>La llibertat d\u2019expressi\u00f3 vertadera hauria de ser sim\u00e8trica i\u00a0amidar\u00a0tothom amb el mateix metro, cosa que cada cop es d\u00f3na menys.\u00a0No s\u2019apliquen els mateixos criteris a un musulm\u00e0 o a un cristi\u00e0; no es mira amb els mateixos ulls un del pa\u00eds o un immigrant; i tampoc es jutja amb la mateixa equitat\u00a0al que comunament s\u2019anomena un \u00abnacionalista espanyol\u00bb que un \u00abnacionalista catal\u00e0\u00bb. Si els jutges consideren que no es pot tocar el rei, la constituci\u00f3 o la sacrosanta unitat d\u2019 Espanya, per qu\u00e8 no fan servir el mateix criteri per jutjar els atacs que rebem els catalans en certs mitjans de comunicaci\u00f3? Es veu que alguns tenen carta blanca per opinar i dir el que vulguin i, en canvi, altres no&#8230;<\/p>\n<\/div>\n<div align=\"justify\">\n<p>Hem arribat a un punt en qu\u00e8 no sabem gaire on som, ni tampoc on volem anar;\u00a0ni\u00a0quins valors tenim i per quins volem lluitar. Tampoc sabem gaire -cada dia menys- qu\u00e8 vol dir ser europeu i quina Europa volem. Una Europa que es desdiu dels drets humans fonamentals\u00a0-dels quals n\u2019havia fet bandera-, que \u00fanicament pensa en posar murs i\u00a0marcar\u00a0fronteres, que no \u00e9s capa\u00e7 d\u2019acollir i distribuir amb equitat, ja no \u00e9s l\u2019 Europa amb la que tots vam somniar un dia. Si Europa no \u00e9s capa\u00e7 de generar un sentiment d\u2019identitat,\u00a0d\u2019integraci\u00f3\u00a0i\u00a0de\u00a0pertinen\u00e7a,\u00a0ja pot anar posant barreres i fer lleis que no aconseguir\u00e0 res.\u00a0La integraci\u00f3 es fa per mitj\u00e0 de l\u2019economia, de la cultura, dels drets, de la equitat, dels valors, del respecte, etc.\u00a0Si vol ser respectada i respectable primerament haur\u00e0 de respectar. Si vol ser oberta, haur\u00e0 d\u2019obrir-se i ser acollidora. \u00c9s urgent que Europa busqui i trobi les seves arrels i construeixi a partir d\u2019aqu\u00ed una realitat nova i que il\u00b7lusioni. En aquests moments Europa no fa altra cosa que decebre profundament\u00a0als de dins i als de fora. Ni sap rebre ni sap donar. No acull ni integra. T\u00e9 persones tancades en camps\u00a0de refugiats en unes condicions deplorables,\u00a0que recorden altres temps\u00a0i altres camps. Aquestes persones no\u00a0se senten ni s\u00f3n\u00a0respectades i, per tant, tampoc\u00a0ells tampoc no\u00a0ens respectaran.\u00a0Veuen que no els volem acollir i, per tant, mai\u00a0no\u00a0se sentiran b\u00e9 i sempre se sentiran forasters.\u00a0El periodista nord americ\u00e0\u00a0Cristopher Caldwell\u00a0en el seu llibre\u00a0\u00abLa revoluci\u00f3 europea\u00bb\u00a0deia: &#8220;que Europa pugui integrar els emigrants dependr\u00e0 de si es percebuda por ells com una civilitzaci\u00f3 florent o decadent&#8221;. I en aquests moments tothom percep una Europa d\u00e8bil, temerosa,\u00a0a la defensiva\u00a0i amb poques idees.\u00a0Aquesta no \u00e9s l\u2019 Europa que volem. Qui no es respecta a s\u00ed mateix no inspira ni mereix cap mena de respecte.\u00a0Cal que Europa desperti urgentment i torni a crear il\u00b7lusi\u00f3 amb noves idees i amb fets convincents. \u00c9s un repte que t\u00e9 el Parlament europeu i que no se n\u2019acaba de sortir.<\/p>\n<\/div>\n","protected":false},"excerpt":{"rendered":"<p>Hem somiat sovint en una altra Europa que no acaba d\u2019arribar. El somni d\u2019una Europa diferent, d\u2019una Europa unida, solid\u00e0ria, forta, no s\u2019ha fet realitat. M\u00e9s aviat el contrari. La percepci\u00f3 que la majoria de gent t\u00e9 \u00e9s que Europa s\u2019est\u00e0 afeblint. Sembla que aquelles figures brillants a tots nivells que havia produ\u00eft temps enrere [&hellip;]<\/p>\n","protected":false},"author":214,"featured_media":0,"comment_status":"open","ping_status":"open","sticky":false,"template":"","format":"standard","meta":{"_jetpack_memberships_contains_paid_content":false,"footnotes":"","jetpack_publicize_message":"","jetpack_publicize_feature_enabled":true,"jetpack_social_post_already_shared":false,"jetpack_social_options":{"image_generator_settings":{"template":"highway","default_image_id":0,"font":"","enabled":false},"version":2}},"categories":[231],"tags":[31834],"class_list":["post-6035","post","type-post","status-publish","format-standard","hentry","category-europa","tag-europa"],"jetpack_publicize_connections":[],"jetpack_featured_media_url":"","jetpack_shortlink":"https:\/\/wp.me\/pagkjs-1zl","jetpack-related-posts":[],"jetpack_sharing_enabled":true,"_links":{"self":[{"href":"https:\/\/blogs.avui.cat\/jaumepubill\/wp-json\/wp\/v2\/posts\/6035","targetHints":{"allow":["GET"]}}],"collection":[{"href":"https:\/\/blogs.avui.cat\/jaumepubill\/wp-json\/wp\/v2\/posts"}],"about":[{"href":"https:\/\/blogs.avui.cat\/jaumepubill\/wp-json\/wp\/v2\/types\/post"}],"author":[{"embeddable":true,"href":"https:\/\/blogs.avui.cat\/jaumepubill\/wp-json\/wp\/v2\/users\/214"}],"replies":[{"embeddable":true,"href":"https:\/\/blogs.avui.cat\/jaumepubill\/wp-json\/wp\/v2\/comments?post=6035"}],"version-history":[{"count":1,"href":"https:\/\/blogs.avui.cat\/jaumepubill\/wp-json\/wp\/v2\/posts\/6035\/revisions"}],"predecessor-version":[{"id":6036,"href":"https:\/\/blogs.avui.cat\/jaumepubill\/wp-json\/wp\/v2\/posts\/6035\/revisions\/6036"}],"wp:attachment":[{"href":"https:\/\/blogs.avui.cat\/jaumepubill\/wp-json\/wp\/v2\/media?parent=6035"}],"wp:term":[{"taxonomy":"category","embeddable":true,"href":"https:\/\/blogs.avui.cat\/jaumepubill\/wp-json\/wp\/v2\/categories?post=6035"},{"taxonomy":"post_tag","embeddable":true,"href":"https:\/\/blogs.avui.cat\/jaumepubill\/wp-json\/wp\/v2\/tags?post=6035"}],"curies":[{"name":"wp","href":"https:\/\/api.w.org\/{rel}","templated":true}]}}