{"id":6021,"date":"2017-02-14T19:09:56","date_gmt":"2017-02-14T18:09:56","guid":{"rendered":"http:\/\/blogs.avui.cat\/jaumepubill\/?p=6021"},"modified":"2017-02-14T22:41:36","modified_gmt":"2017-02-14T21:41:36","slug":"magaldi-la-fiscal-del-cabell-meravellos","status":"publish","type":"post","link":"https:\/\/blogs.avui.cat\/jaumepubill\/2017\/02\/14\/magaldi-la-fiscal-del-cabell-meravellos\/","title":{"rendered":"MAGALDI, LA FISCAL DEL CABELL MERAVELL\u00d3S"},"content":{"rendered":"<h3 class=\"post-title entry-title\"><a href=\"http:\/\/www.elnacional.cat\/uploads\/s1\/10\/29\/84\/6\/ana%20magaldi%20sergi%20alcazar.jpeg\"><img loading=\"lazy\" decoding=\"async\" class=\"alignleft\" src=\"https:\/\/lh6.googleusercontent.com\/proxy\/XRQa8Q1ekPKb5_xuOPLV43K2QGnrLNj80DJeR9FyI915c26mnZIAIQn4DbTT208-GKL7ca-GZHpPiD7l0qq1397V7UrltcuFtKtYuqoWj5a_1VqeF6ZXQNd5QuGUjzfWsQKvkecxwjo=s0-d\" width=\"320\" height=\"212\" border=\"0\" \/><\/a><\/h3>\n<div id=\"post-body-3878859283460310047\" class=\"post-body entry-content\">\n<div align=\"justify\">\n<p>La fiscal en cap de Barcelona, <strong>Anna Maria Magaldi <\/strong>ha fet avui una roda de premsa tota ofesa i enfadada pel que va passar divendrespassat a la sortida del judici del 9-N. Ha explicatavui la seva versi\u00f3 dels fets. Ho podeu seguir, fil per randa a <a href=\"http:\/\/www.elnacional.cat\/ca\/societat\/magaldi-insults-jove-investigacio_137544_102.html\">ELNACIONAL.CAT<\/a> i a altres mitjans.<\/p>\n<\/div>\n<div align=\"justify\">\n<p>Fa una colla d\u2019afirmacions que m\u2019agradaria comentar. Per comen\u00e7ar la roda de premsa afirma amb un to indignat i alhora victimista: <strong><i>&#8220;Jo no menteixo mai&#8221;<\/i>.<\/strong> Dedueixo que pensa que els dem\u00e9s acostumem a mentir quan parlem i que a ella -potser per ser fiscal, o perqu\u00e8 creu que \u00e9s d\u2019una casta m\u00e9s elevada- li hem de suposar una major perfecci\u00f3, una superioritatmoral i una integritat que els altre pobres mortals no tenim i mai podrem aconseguir. Hi han jutges, fiscals i papes de Roma que menteixen com els dem\u00e9s, tenen els mateixos defectes de tothom i s\u00f3n igualment cre\u00efbles -o no- com qualsevol altra persona. Per tant, a vost\u00e8 ens la creurem, o no, si ens demostra que el que diu s\u2019ajusta a la veritat i ho pot demostrar. Les imatges que hem pogut veure no deixen les coses massa clares i potser els mossos d\u2019esquadra que van veure l\u2019escena de prop podran donar m\u00e9s detalls. Despr\u00e9s d&#8217;afirmar que vost\u00e8 no menteix mai, ha seguit assegurant que els manifestants sabien perfectament qui era perqu\u00e8, diu:<strong><em> &#8220;S\u00f3c conegud\u00edssima, no nom\u00e9s pel meu meravell\u00f3s cabell&#8221;.<\/em><\/strong> I qu\u00e8 vol dir amb aix\u00f2? \u00c9s clar que l&#8217;escridassada anava per vost\u00e8 i ja pot suposar que tamb\u00e9 pel aquesta just\u00edcia arnada que representa.<\/p>\n<\/div>\n<div align=\"justify\">\n<p>En un moment de la roda de premsa assegura que va t\u00e9mer per la seva integritat i que estudiar\u00e0 l\u2019actitud del jove que se li va acostar i la va increpar. Fa molt ben fet si creu que hi ha delicte. Per\u00f2 tamb\u00e9 potser hauria d\u2019estudiar altres cassos d\u2019amenaces i delictes de tota mena -similars i potser m\u00e9s greus fins i tot-, que els fiscals deixen que passin desapercebuts quan haurien d\u2019actuar d\u2019ofici. Senyora Magaldi, no creu que en alguns cassos filen molt prim i en altres fan els ulls molt grossos depenent de qui es tracta?. Nom\u00e9s caldria que mir\u00e9s una mica a Facebook i en trobar\u00e0 tants cassos com vulgui, si s\u2019hi vol passar una estona&#8230;<\/p>\n<\/div>\n<div align=\"justify\">\n<p>Tots hem pogut veure la seva sortida del Palau de Just\u00edcia i la seva baixada per les. M\u00e9s aviat semblava una vedet a qui li agrada cridar l\u2019atenci\u00f3 que no pas una persona que vol passar desapercebuda. Nom\u00e9s li faltava saludar; el somriure de superioritat que va regalar al p\u00fablic ja el va saber posar prou b\u00e9&#8230; I t\u00e9 ra\u00f3 quan diu que alguns es van dirigir a vost\u00e8sabent qui era. Em fa gr\u00e0cia quan diu: <i>\u00ab<\/i><i>S\u00f3c molt fumadora i portava unes quantes hores sense fumar<\/i><i>. Dava<\/i><i>nt meu hi havia un grup d\u2019unes 20 o 30 persones que estaven al darrere d&#8217;unes tanques, al costat, un nombre indeterminat de c\u00e0meres de televisi\u00f3\u00bb.<\/i> Justifica d\u2019aquesta manera aquella baixada per les escales i la seva actitud desafiant amb els manifestants:<i> &#8220;Vaig comen\u00e7ar a baixar les escales. A la segona, van comen\u00e7ar els crits de &#8216;fora, fora, fora la just\u00edcia espanyola&#8217;. Jo no podia baixar corrent les escales, abaixar el cap i sortir <\/i><i>corrent d\u2019aquella situaci\u00f3<\/i><i>. S\u2019estaven dirigint a mi com a membre d&#8217;una instituci\u00f3 de l&#8217;Estat. Per aix\u00f2 <\/i><i>em vaig mantenir dreta, ferma i mirant aquelles persones, durant uns segons que em van semblar interminables. <\/i><i>Aquesta actitud m&#8217;im<\/i><i>agino que no devia agradar els ciutadans&#8221;<\/i>. Doncs no, senyora Magaldi, aquestes actituds no agraden gens als ciutadans quan veuen que la just\u00edcia espanyola no \u00e9s igual per a tots, que tenen la m\u00e0 trencada per portar r\u00e0pidament a la fiscalia certes coses i saben fer molt n\u00e9 l\u2019orni per deixar-ne passar moltes altres, la qual cosa indigna for\u00e7a, com pot suposar. Per qu\u00e8 no dirigeixen m\u00e9s la vista cap a ministres del govern del PP o cap a membres de la casa reial? Ja s\u00e9 que alguns estan per damunt de la llei i s\u00f3n \u00abinviolables\u00bb i no se\u2019ls pot jutjar. Per\u00f2 no seria hora ja que s\u2019abandon\u00e9s aix\u00f2 tan estrany de la immunitat i que els fiscals miressin una mica m\u00e9s de prop els actes i negocis privats del rei, per exemple? No caldria mirar de prop algun ministre de l\u2019Interior i altres persones i organismes de l\u2019 Estat que saben nadar molt b\u00e9 per les clavegueres i saben ruixar ben ruixats de merda certes persones i inventar-se el que sigui per enfonsar la seva traject\u00f2ria pol\u00edtica?.<\/p>\n<\/div>\n<div align=\"justify\">\n<p>No justificar\u00e9 els insults a ning\u00fa i comprenc que a una fiscal de \u00abcabell meravell\u00f3s\u00bb com vost\u00e8 no li agradin. Per\u00f2 s\u00e0piga que certes coses tampoc ens agraden al com\u00fa dels mortals, que devem ser persones de carn i ossos com vost\u00e8. Afirma que no va provocar ning\u00fa i que nom\u00e9s <i>&#8220;<\/i><i>e<\/i><i>ls miro, no els insulto, ni faig botifarra i els trec la llengua<\/i><i>&#8220;<\/i>. Nom\u00e9s hauria faltat aix\u00f2! Per\u00f2 al meu poble diuen que \u00abqui no vulgui pols que no vagi a l\u2019era\u00bb i em sembla que vost\u00e8 aquell dia tenia moltes ganes de quedar plena de pols. D\u2019altra manera no hauria fet aquella baixada triomfal. Nom\u00e9s li hauria faltat una catifa vermella com fan les gran estrelles de Hollywood&#8230;<\/p>\n<\/div>\n<div align=\"justify\">Una altra afirmaci\u00f3 seva que m\u2019ha fet una mica de gr\u00e0cia: <i>&#8220;Jo no s\u00f3c altra gent, s\u00f3c la fiscal en cap de Barcelona&#8221;<\/i>, com volent deixar clar que vost\u00e8 representa una instituci\u00f3 de l&#8217;Estat i que insultar-la a vost\u00e8 no \u00e9s el mateix que insultar qualsevol altra persona. Deia tamb\u00e9: <i>&#8220;<\/i><i>Jo no s\u00f3c un pol\u00edtic i aix\u00f2 no va en el c\u00e0rrec<\/i><i>. I malament seria que hi arrib\u00e9s a anar&#8221;<\/i>. N\u2019est\u00e0 segur? A vost\u00e8 no se li pot dir res i a un pol\u00edtic s\u00ed? Ser\u00e0 pel seu \u00abcabell meravell\u00f3s\u00bb o per algun altre motiu?. Ens ho haur\u00e0 d\u2019explicar m\u00e9s tot aix\u00f2 perqu\u00e8, jo almenys, segueixo sense entendre-ho. Com ha dit alg\u00fa avui, em sembla que vost\u00e8 t\u00e9 la pell molt fina i s\u00e0piga que aquesta just\u00edcia no se la creu ning\u00fa&#8230;<\/div>\n<\/div>\n","protected":false},"excerpt":{"rendered":"<p>La fiscal en cap de Barcelona, Anna Maria Magaldi ha fet avui una roda de premsa tota ofesa i enfadada pel que va passar divendrespassat a la sortida del judici del 9-N. Ha explicatavui la seva versi\u00f3 dels fets. Ho podeu seguir, fil per randa a ELNACIONAL.CAT i a altres mitjans. Fa una colla d\u2019afirmacions [&hellip;]<\/p>\n","protected":false},"author":214,"featured_media":0,"comment_status":"open","ping_status":"open","sticky":false,"template":"","format":"standard","meta":{"_jetpack_memberships_contains_paid_content":false,"footnotes":"","jetpack_publicize_message":"","jetpack_publicize_feature_enabled":true,"jetpack_social_post_already_shared":false,"jetpack_social_options":{"image_generator_settings":{"template":"highway","default_image_id":0,"font":"","enabled":false},"version":2}},"categories":[4818],"tags":[27],"class_list":["post-6021","post","type-post","status-publish","format-standard","hentry","category-justicia-valors-etica-i-moral-filosofia","tag-justicia"],"jetpack_publicize_connections":[],"jetpack_featured_media_url":"","jetpack_shortlink":"https:\/\/wp.me\/pagkjs-1z7","jetpack-related-posts":[],"jetpack_sharing_enabled":true,"_links":{"self":[{"href":"https:\/\/blogs.avui.cat\/jaumepubill\/wp-json\/wp\/v2\/posts\/6021","targetHints":{"allow":["GET"]}}],"collection":[{"href":"https:\/\/blogs.avui.cat\/jaumepubill\/wp-json\/wp\/v2\/posts"}],"about":[{"href":"https:\/\/blogs.avui.cat\/jaumepubill\/wp-json\/wp\/v2\/types\/post"}],"author":[{"embeddable":true,"href":"https:\/\/blogs.avui.cat\/jaumepubill\/wp-json\/wp\/v2\/users\/214"}],"replies":[{"embeddable":true,"href":"https:\/\/blogs.avui.cat\/jaumepubill\/wp-json\/wp\/v2\/comments?post=6021"}],"version-history":[{"count":3,"href":"https:\/\/blogs.avui.cat\/jaumepubill\/wp-json\/wp\/v2\/posts\/6021\/revisions"}],"predecessor-version":[{"id":6024,"href":"https:\/\/blogs.avui.cat\/jaumepubill\/wp-json\/wp\/v2\/posts\/6021\/revisions\/6024"}],"wp:attachment":[{"href":"https:\/\/blogs.avui.cat\/jaumepubill\/wp-json\/wp\/v2\/media?parent=6021"}],"wp:term":[{"taxonomy":"category","embeddable":true,"href":"https:\/\/blogs.avui.cat\/jaumepubill\/wp-json\/wp\/v2\/categories?post=6021"},{"taxonomy":"post_tag","embeddable":true,"href":"https:\/\/blogs.avui.cat\/jaumepubill\/wp-json\/wp\/v2\/tags?post=6021"}],"curies":[{"name":"wp","href":"https:\/\/api.w.org\/{rel}","templated":true}]}}