{"id":592,"date":"2009-12-02T22:02:02","date_gmt":"2009-12-02T20:02:02","guid":{"rendered":"http:\/\/blogs.avui.cat\/jaumepubill\/2009\/12\/02\/el-bla-bla-bla-de-zp\/"},"modified":"2009-12-02T22:02:02","modified_gmt":"2009-12-02T20:02:02","slug":"el-bla-bla-bla-de-zp","status":"publish","type":"post","link":"https:\/\/blogs.avui.cat\/jaumepubill\/2009\/12\/02\/el-bla-bla-bla-de-zp\/","title":{"rendered":"El bla, bla, bla de ZP."},"content":{"rendered":"<p><img data-recalc-dims=\"1\" loading=\"lazy\" decoding=\"async\" src=\"https:\/\/i0.wp.com\/www.3cat24.cat\/multimedia\/jpg\/6\/1\/1259753689716.jpg?resize=129%2C97\" width=\"129\" height=\"97\" \/> T\u00e9 tota la ra\u00f3 el professor Santiago Ni\u00f1o Becerra quan diu que Zapatero, quan presenta &quot;a bombo y platillo&quot; la llei d&#8217;economia sostenible nom\u00e9s diu que paraules buides. Diu l&#8217;economista que darrera de la llei no hi ha res. Diu que \u00e9s una fa\u00e7ana de cartr\u00f3-pedra. Diu que fent lleis no s&#8217;arregla res. Les lleis serveixen de poca cosa. <\/p>\n<p>Aquest mat\u00ed l&#8217;escoltava per TV i, com sempre era di\u00e0fan i clar com sempre: deia que l&#8217;aut\u00e8ntic problema de l&#8217;economia espanyola era Espanya. Espanya t\u00e9 un model econ\u00f2mic que no va enlloc o, si voleu, no va massa lluny. Est\u00e0 tan basat en sectors que han fet figa i que ja no seran mai m\u00e9s el que van ser, que ja no ens en sortirem ni la meitat de b\u00e9 de com se&#8217;n sortiran els pa\u00efsos del nostre voltant. <\/p>\n<p>Santiago Ni\u00f1o Becerra&#160; va ser dels primers a dir que les coses anirien molt malament quan encara Zapatero y el seu govern deien que no hi havia crisi. Que de crisi, res de res. El professor Becerra ja pronosticava mals temps i que la cosa duraria m\u00e9s del que ens pens\u00e0vem i del que deien.<\/p>\n<p>&quot;Parole, parole, parole&#8230;&quot;. D&#8217;aix\u00f2 Zapatero en sap molt. Jo li recomanaria que deix\u00e9s de ser president del govern i es fes equilibrista, o venedor de fum, o firaire&#8230; Tindria molt m\u00e9s futur que fent el que fa.<\/p>\n<div>Etiquetes de Technorati: <a href=\"http:\/\/technorati.com\/tags\/Zapatero\" rel=\"tag\">Zapatero<\/a><\/div>\n","protected":false},"excerpt":{"rendered":"<p>T\u00e9 tota la ra\u00f3 el professor Santiago Ni\u00f1o Becerra quan diu que Zapatero, quan presenta &quot;a bombo y platillo&quot; la llei d&#8217;economia sostenible nom\u00e9s diu que paraules buides. Diu l&#8217;economista que darrera de la llei no hi ha res. Diu que \u00e9s una fa\u00e7ana de cartr\u00f3-pedra. Diu que fent lleis no s&#8217;arregla res. Les lleis [&hellip;]<\/p>\n","protected":false},"author":214,"featured_media":0,"comment_status":"open","ping_status":"open","sticky":false,"template":"","format":"standard","meta":{"_jetpack_memberships_contains_paid_content":false,"footnotes":"","jetpack_publicize_message":"","jetpack_publicize_feature_enabled":true,"jetpack_social_post_already_shared":false,"jetpack_social_options":{"image_generator_settings":{"template":"highway","default_image_id":0,"font":"","enabled":false},"version":2}},"categories":[172,305],"tags":[],"class_list":["post-592","post","type-post","status-publish","format-standard","hentry","category-politica","category-zapatero"],"jetpack_publicize_connections":[],"jetpack_featured_media_url":"","jetpack_shortlink":"https:\/\/wp.me\/pagkjs-9y","jetpack-related-posts":[],"jetpack_sharing_enabled":true,"_links":{"self":[{"href":"https:\/\/blogs.avui.cat\/jaumepubill\/wp-json\/wp\/v2\/posts\/592","targetHints":{"allow":["GET"]}}],"collection":[{"href":"https:\/\/blogs.avui.cat\/jaumepubill\/wp-json\/wp\/v2\/posts"}],"about":[{"href":"https:\/\/blogs.avui.cat\/jaumepubill\/wp-json\/wp\/v2\/types\/post"}],"author":[{"embeddable":true,"href":"https:\/\/blogs.avui.cat\/jaumepubill\/wp-json\/wp\/v2\/users\/214"}],"replies":[{"embeddable":true,"href":"https:\/\/blogs.avui.cat\/jaumepubill\/wp-json\/wp\/v2\/comments?post=592"}],"version-history":[{"count":0,"href":"https:\/\/blogs.avui.cat\/jaumepubill\/wp-json\/wp\/v2\/posts\/592\/revisions"}],"wp:attachment":[{"href":"https:\/\/blogs.avui.cat\/jaumepubill\/wp-json\/wp\/v2\/media?parent=592"}],"wp:term":[{"taxonomy":"category","embeddable":true,"href":"https:\/\/blogs.avui.cat\/jaumepubill\/wp-json\/wp\/v2\/categories?post=592"},{"taxonomy":"post_tag","embeddable":true,"href":"https:\/\/blogs.avui.cat\/jaumepubill\/wp-json\/wp\/v2\/tags?post=592"}],"curies":[{"name":"wp","href":"https:\/\/api.w.org\/{rel}","templated":true}]}}