{"id":576,"date":"2009-11-19T23:25:51","date_gmt":"2009-11-19T21:25:51","guid":{"rendered":"http:\/\/blogs.avui.cat\/jaumepubill\/2009\/11\/19\/disbauxa-i-gana\/"},"modified":"2009-11-19T23:25:51","modified_gmt":"2009-11-19T21:25:51","slug":"disbauxa-i-gana","status":"publish","type":"post","link":"https:\/\/blogs.avui.cat\/jaumepubill\/2009\/11\/19\/disbauxa-i-gana\/","title":{"rendered":"Disbauxa i gana."},"content":{"rendered":"<p><img decoding=\"async\" src=\"http:\/\/t2.gstatic.com\/images?q=tbn:aPPaBekqLQB33M:http:\/\/4.bp.blogspot.com\/_jacrrKdRgG8\/STMI0-1Tj1I\/AAAAAAAAAIo\/QFOIqN89JBU\/s320\/Africa_poverty.png\" \/> Es fa dif\u00edcil parlar de la pobresa, dels que passen gana i dels pa\u00efsos pobres des d&#8217;on som. \u00c9s dif\u00edcil parlar de pobresa des de la riquesa. De seguida et diran que ets un populista i que parlar d&#8217;aquests temes \u00e9s molt f\u00e0cil; massa f\u00e0cil.<\/p>\n<p>Potser s\u00ed. Reconec que \u00e9s relativament f\u00e0cil parlar de la pobresa, de la gana, veient-ho de lluny com ho veiem nosaltres. Encara que no tant, si tenim una mica de sensibilitat i consciencia, perqu\u00e8 la majoria de nosaltres mengem tres cops al dia i, a m\u00e9s, mengem el que volem i quan volem i podem comparar situacions. Per\u00f2 al nostre costat potser ja podrem veure m\u00e9s d&#8217;una fam\u00edlia que ho est\u00e0 passant malament I aqu\u00ed a Europa no ens podem queixar! Ens sobra menjar per tot arreu!<\/p>\n<p>La crisi econ\u00f2mica est\u00e0 tenint un gran impacte en aquelles persones que lluiten per sobreviure. I aquestes cada dia s\u00f3n m\u00e9s. La fam cr\u00f2nica ha passat d&#8217;atacar 913 milions de persones el 2008, a fer-ho a m\u00e9s 1000 milions aquest any 2009. Aquesta xifra equival a una sisena part de la poblaci\u00f3 mundial.<\/p>\n<p>Ha crescut la gana i han crescut els preus dels aliments (17% en dos anys). Des de l&#8217;any 1970 que no creixia la fam. Semblava que la ten\u00edem m\u00e9s o menys dominada, per\u00f2 ha arribar la crisi mundial i s&#8217;ha vist que no.<\/p>\n<p>I tot aix\u00f2, a les portes d&#8217;unes festes que ja s&#8217;acosten amb els corresponents, coneguts i repetits sopars d&#8217;empresa, sopars d&#8217;amics, sopars de coneguts i sopars de saludats&#8230; Sopars i dinars de fam\u00edlia, exuberants i superflus&#8230;. <\/p>\n<p>Com cada any, quina vergonya!.<\/p>\n<p>&#160;<\/p>\n<div>Etiquetes de Technorati: <a href=\"http:\/\/technorati.com\/tags\/Crisi\" rel=\"tag\">Crisi<\/a><\/div>\n","protected":false},"excerpt":{"rendered":"<p>Es fa dif\u00edcil parlar de la pobresa, dels que passen gana i dels pa\u00efsos pobres des d&#8217;on som. \u00c9s dif\u00edcil parlar de pobresa des de la riquesa. De seguida et diran que ets un populista i que parlar d&#8217;aquests temes \u00e9s molt f\u00e0cil; massa f\u00e0cil. Potser s\u00ed. Reconec que \u00e9s relativament f\u00e0cil parlar de la [&hellip;]<\/p>\n","protected":false},"author":214,"featured_media":0,"comment_status":"open","ping_status":"open","sticky":false,"template":"","format":"standard","meta":{"_jetpack_memberships_contains_paid_content":false,"footnotes":"","jetpack_publicize_message":"","jetpack_publicize_feature_enabled":true,"jetpack_social_post_already_shared":false,"jetpack_social_options":{"image_generator_settings":{"template":"highway","default_image_id":0,"font":"","enabled":false},"version":2}},"categories":[220],"tags":[],"class_list":["post-576","post","type-post","status-publish","format-standard","hentry","category-crisi"],"jetpack_publicize_connections":[],"jetpack_featured_media_url":"","jetpack_shortlink":"https:\/\/wp.me\/pagkjs-9i","jetpack-related-posts":[],"jetpack_sharing_enabled":true,"_links":{"self":[{"href":"https:\/\/blogs.avui.cat\/jaumepubill\/wp-json\/wp\/v2\/posts\/576","targetHints":{"allow":["GET"]}}],"collection":[{"href":"https:\/\/blogs.avui.cat\/jaumepubill\/wp-json\/wp\/v2\/posts"}],"about":[{"href":"https:\/\/blogs.avui.cat\/jaumepubill\/wp-json\/wp\/v2\/types\/post"}],"author":[{"embeddable":true,"href":"https:\/\/blogs.avui.cat\/jaumepubill\/wp-json\/wp\/v2\/users\/214"}],"replies":[{"embeddable":true,"href":"https:\/\/blogs.avui.cat\/jaumepubill\/wp-json\/wp\/v2\/comments?post=576"}],"version-history":[{"count":0,"href":"https:\/\/blogs.avui.cat\/jaumepubill\/wp-json\/wp\/v2\/posts\/576\/revisions"}],"wp:attachment":[{"href":"https:\/\/blogs.avui.cat\/jaumepubill\/wp-json\/wp\/v2\/media?parent=576"}],"wp:term":[{"taxonomy":"category","embeddable":true,"href":"https:\/\/blogs.avui.cat\/jaumepubill\/wp-json\/wp\/v2\/categories?post=576"},{"taxonomy":"post_tag","embeddable":true,"href":"https:\/\/blogs.avui.cat\/jaumepubill\/wp-json\/wp\/v2\/tags?post=576"}],"curies":[{"name":"wp","href":"https:\/\/api.w.org\/{rel}","templated":true}]}}