{"id":5748,"date":"2016-07-01T17:09:58","date_gmt":"2016-07-01T16:09:58","guid":{"rendered":"http:\/\/blogs.avui.cat\/jaumepubill\/?p=5748"},"modified":"2016-07-01T17:09:58","modified_gmt":"2016-07-01T16:09:58","slug":"mudances","status":"publish","type":"post","link":"https:\/\/blogs.avui.cat\/jaumepubill\/2016\/07\/01\/mudances\/","title":{"rendered":"Mudances"},"content":{"rendered":"<p style=\"text-align: justify\"><img data-recalc-dims=\"1\" loading=\"lazy\" decoding=\"async\" class=\"alignleft\" style=\"float: left;margin: 0px 8px 0px 0px\" src=\"https:\/\/i0.wp.com\/blocs.xtec.cat\/amlescortsmusica\/files\/2013\/07\/mudan%C3%A7a.gif?resize=206%2C196\" width=\"206\" height=\"196\" align=\"left\" \/><\/p>\n<div id=\"wrapper\" class=\"hfeed\">\n<div id=\"main\">\n<div id=\"container\">\n<div id=\"content\">\n<div id=\"post-6418\" class=\"post-6418 post type-post status-publish format-standard hentry category-emigracio-societat tag-emigracio\">\n<div class=\"entry-content\">\n<div id=\"c2d924f8-a219-4299-9cee-8607b0c2685c\" class=\"postBody\" style=\"margin: 4px 0px 0px;border-width: 0px;padding: 0px\">\n<p align=\"justify\">Estic de mudan\u00e7a i n\u2019estic fins al monyo de tants tr\u00e0fecs i de tantes caixes. Qualsevol mudan\u00e7a\u00a0 porta molt enrenou, trasbals infinits i maldecaps de tota mena. Jo s\u00f3c m\u00e9s aviat de rutines. En situacions de mudan\u00e7a s\u2019han de lligar mil caps i s\u2019ha de pensar en mil coses.\u00a0I per uns dies vius envoltat de caixes. Tot plegat fa que sorgeixin molts nervis i es produeixi una sensaci\u00f3 claustrof\u00f2bica. Sort que ja s\u2019acaba!<\/p>\n<p style=\"text-align: justify\" align=\"justify\">No he fet cas a la famosa dita de d\u2019\u00a0 <strong>Ignasi de Loiola<\/strong>,\u00a0el fundador dels jesu\u00eftes, que de\u00a0manera molt s\u00e0via deia: <strong>\u201cEn tiempos de tribulaci\u00f3n no hacer mudanzas\u201d.<\/strong> Ja s\u00e9 que ell no es referia a un canvi de casa i de poble com \u00e9s el meu cas. No es referia a mudances materials sin\u00f3 a mudances espirituals i a la manera de comportar-se en qualsevol temps dif\u00edcil i turbulent. Per\u00f2 tota mudan\u00e7a porta inquietud i nervis.<\/p>\n<p style=\"text-align: justify\" align=\"justify\">No s\u00e9 si calia fer-ho. Una vegada jubilat i havent arribat el moment que tocaria\u00a0restar tranquil i m\u00e9s aviat quiet, m\u2019he embrancat en una mudan\u00e7a. Me\u2019n torno al poble on vaig n\u00e9ixer. Vol dir que per uns dies haur\u00e9 de fer vacances del blog perqu\u00e8 prou feina tindr\u00e9 a posar ordre a la nova casa i acostumar-me a un nou ambient, un nou ritme de vida i a un munt del coses diferents. Quan em llevi de bon mat\u00ed veur\u00e9 un nou paisatge i tot em semblar\u00e0 diferent. Haur\u00e9 d\u2019acostumar-me a fer vida de poble i a trobar un altre ritme de vida. Haur\u00e9 de trobar aquelles coses que m\u2019ajudin a sentir-me b\u00e9 amb mi mateix i amb l\u2019entorn. Penso que m\u2019hi sabr\u00e9 acostumar. De totes maneres ja ho veurem\u2026 Haur\u00e9 d\u2019aprendre a veure i viure un entorn nou, a mirar-lo amb mirada nova i aconseguir contemplar aquesta nova vida\u00a0\u00a0per tal de poder viure-la i sentir-la de manera nova i trobar-m\u2019hi b\u00e9.<\/p>\n<p style=\"text-align: justify\" align=\"justify\">Per tant, no feu cas ni us estranyeu que durant uns dies no escrigui res. Far\u00e9 un descans i quan estigui situat de nou i en tingui ganes,\u00a0ja hi tornar\u00e9. No s\u00e9 si seran molt o pocs dies. Ja ho veurem. Ning\u00fa m\u2019empeny ni ning\u00fa m\u2019obliga a res. Per\u00f2 \u00a0prometo tornar a enredar-vos amb els meus escrits a tots aquells que teniu la gentilesa i la infinita paci\u00e8ncia de llegir-me.<\/p>\n<p style=\"text-align: justify\" align=\"justify\">Que tingueu un bon estiu i fins aviat.<\/p>\n<\/div>\n<\/div>\n<\/div>\n<\/div>\n<\/div>\n<\/div>\n<\/div>\n","protected":false},"excerpt":{"rendered":"<p>Estic de mudan\u00e7a i n\u2019estic fins al monyo de tants tr\u00e0fecs i de tantes caixes. Qualsevol mudan\u00e7a\u00a0 porta molt enrenou, trasbals infinits i maldecaps de tota mena. Jo s\u00f3c m\u00e9s aviat de rutines. En situacions de mudan\u00e7a s\u2019han de lligar mil caps i s\u2019ha de pensar en mil coses.\u00a0I per uns dies vius envoltat de [&hellip;]<\/p>\n","protected":false},"author":214,"featured_media":0,"comment_status":"open","ping_status":"open","sticky":false,"template":"","format":"standard","meta":{"_jetpack_memberships_contains_paid_content":false,"footnotes":"","jetpack_publicize_message":"","jetpack_publicize_feature_enabled":true,"jetpack_social_post_already_shared":false,"jetpack_social_options":{"image_generator_settings":{"template":"highway","default_image_id":0,"font":"","enabled":false},"version":2}},"categories":[685,2792,1963],"tags":[31856,31905,31882],"class_list":["post-5748","post","type-post","status-publish","format-standard","hentry","category-blogs","category-psicologia","category-vacances","tag-blogs","tag-psicologia","tag-vacances"],"jetpack_publicize_connections":[],"jetpack_featured_media_url":"","jetpack_shortlink":"https:\/\/wp.me\/sagkjs-mudances","jetpack-related-posts":[],"jetpack_sharing_enabled":true,"_links":{"self":[{"href":"https:\/\/blogs.avui.cat\/jaumepubill\/wp-json\/wp\/v2\/posts\/5748","targetHints":{"allow":["GET"]}}],"collection":[{"href":"https:\/\/blogs.avui.cat\/jaumepubill\/wp-json\/wp\/v2\/posts"}],"about":[{"href":"https:\/\/blogs.avui.cat\/jaumepubill\/wp-json\/wp\/v2\/types\/post"}],"author":[{"embeddable":true,"href":"https:\/\/blogs.avui.cat\/jaumepubill\/wp-json\/wp\/v2\/users\/214"}],"replies":[{"embeddable":true,"href":"https:\/\/blogs.avui.cat\/jaumepubill\/wp-json\/wp\/v2\/comments?post=5748"}],"version-history":[{"count":4,"href":"https:\/\/blogs.avui.cat\/jaumepubill\/wp-json\/wp\/v2\/posts\/5748\/revisions"}],"predecessor-version":[{"id":5755,"href":"https:\/\/blogs.avui.cat\/jaumepubill\/wp-json\/wp\/v2\/posts\/5748\/revisions\/5755"}],"wp:attachment":[{"href":"https:\/\/blogs.avui.cat\/jaumepubill\/wp-json\/wp\/v2\/media?parent=5748"}],"wp:term":[{"taxonomy":"category","embeddable":true,"href":"https:\/\/blogs.avui.cat\/jaumepubill\/wp-json\/wp\/v2\/categories?post=5748"},{"taxonomy":"post_tag","embeddable":true,"href":"https:\/\/blogs.avui.cat\/jaumepubill\/wp-json\/wp\/v2\/tags?post=5748"}],"curies":[{"name":"wp","href":"https:\/\/api.w.org\/{rel}","templated":true}]}}