{"id":5744,"date":"2016-06-25T19:19:44","date_gmt":"2016-06-25T18:19:44","guid":{"rendered":"http:\/\/blogs.avui.cat\/jaumepubill\/?p=5744"},"modified":"2016-06-25T19:19:44","modified_gmt":"2016-06-25T18:19:44","slug":"spainexit","status":"publish","type":"post","link":"https:\/\/blogs.avui.cat\/jaumepubill\/2016\/06\/25\/spainexit\/","title":{"rendered":"Spainexit"},"content":{"rendered":"<p><strong><img data-recalc-dims=\"1\" loading=\"lazy\" decoding=\"async\" class=\"aligncenter\" src=\"https:\/\/i0.wp.com\/www.courtfool.info\/images\/ESM\/en_Stay_quiet_We_build_Europe.gif?resize=413%2C275\" width=\"413\" height=\"275\" \/><\/strong><\/p>\n<div id=\"wrapper\" class=\"hfeed\">\n<div id=\"main\">\n<div id=\"container\">\n<div id=\"content\">\n<div id=\"post-6418\" class=\"post-6418 post type-post status-publish format-standard hentry category-emigracio-societat tag-emigracio\">\n<div class=\"entry-content\">\n<div id=\"3daeba2f-143f-4197-b45d-adda628e0177\" class=\"postBody\" style=\"margin: 4px 0px 0px;border-width: 0px;padding: 0px\">\n<h2 align=\"justify\">Calma! Constru\u00efm Europa!<\/h2>\n<p align=\"justify\">Escric aix\u00f2 avui, que \u00e9s jornada de reflexi\u00f3. I dem\u00e0 a votar un altra vegada. Quina mandra que em fa, ho reconec! I la mandra prov\u00e9, sobretot, pel fet de que als catalans el govern de Madrid ens queda cada cop m\u00e9s lluny i no ens serveix absolutament\u00a0per a res. I Europa, de moment, ens fa poc cas i no ens ajuda tampoc gaire. La veritat \u00e9s que aquests Europa, que semblava que ens hauria de salvar de tots els mals, no ajuda gaire a ning\u00fa que sigui pobre. M\u00e9s aviat sembla que hi \u00e9s per ajudar els bancs; o sigui als rics.<\/p>\n<p align=\"justify\">M\u2019acabo d\u2019assabentar que en aquesta rica i desgraciada\u00a0Europa\u00a0hi ha un organisme que es diu <strong>ESM (Mecanisme Europeu d\u2019 estabilitat) <\/strong>i que serveix per a resoldre les crisis que puguin sofrir els pa\u00efsos de\u00a0la zona de l&#8217;euro. L\u2019<strong>ESM<\/strong> emet instruments de deute per tal de finan\u00e7ar els pr\u00e9stecs i altres formes d&#8217;ajuda financera als Estats membres d\u2019aquesta zona. La decisi\u00f3 que condueix a la creaci\u00f3 de l&#8217;ESM va ser presa pel Consell Europeu al desembre de 2010 i l\u2019ESM va ser inaugurat el 8 d&#8217;octubre del 2012. Aquest <strong>Mecanisme Europeu d&#8217;Estabilitat (ESM<\/strong>) hauria de ser un component important de l&#8217;estrat\u00e8gia general de la UE per salvaguardar l&#8217;estabilitat financera de la zona euro.\u00a0L\u2019<strong>ESM hauria de proporcionar ajuda financera\u00a0als Estats membres que sofreixen dificultats de finan\u00e7ament i ho hauria de fer ajudant de forma solid\u00e0ria els m\u00e9s pobres. <\/strong>Resulta que ell 31 de desembre de 2013, el programa d&#8217;assist\u00e8ncia financera per a Espanya ESM va expirar. Per\u00f2 l\u2019ESM havia desemborsat un total del 41.300.000.000.000 \u20ac al govern espanyol per a la re capitalitzaci\u00f3 del sector bancari del pa\u00eds. O sigui, que va servir majorit\u00e0riament per ajudar els bancs.<\/p>\n<p align=\"justify\">Com que jo m\u2019hi perdo en els n\u00fameros que tenen tants zeros, prefereixo deixar aquests temes per als experts. Per\u00f2 on encara no em perdo, \u00e9s en el tema que cada dia es posa en evid\u00e8ncia: que aquesta Europa que ara mateix tenim\u00a0no serveix per als pobres, ni per als joves, ni per a les nacions sense estat com Catalunya, ni serveix per aquells que pens\u00e0vem que l\u2019Europa unida seria una altra cosa. Per tant, anar a votar dem\u00e0 realment em fa\u00a0m\u00e9s aviat poca il\u00b7lusi\u00f3 i molta mandra. I encara me\u2019n fa menys d\u2019il\u00b7lusi\u00f3\u00a0quan veig un govern espanyol del PP que no creu gens\u00a0en la democr\u00e0cia i quan escolto els l\u00edders dels partits d\u2019\u00e0mbit espanyol que volen substituir el PP\u00a0veig que tampoc hi creuen massa. Diuen que aix\u00f2 dels refer\u00e8ndums no \u00e9s una cosa gaire bona i que m\u00e9s aviat s\u2019ha de fer servir poc. Ja podeu veure per on van les coses\u2026<\/p>\n<p align=\"justify\">I, per altra banda, resulta que\u00a0quan hom s\u2019atreveix a parlar amb tota la bona fe de les clavegueres de l\u2019estat (com vaig fer el l\u2019apunt anterior) surt una senyora que es diu <strong>Cristina Juli\u00e0 Ros<\/strong> -a qui no tinc el gust de con\u00e8ixer- i\u00a0m\u2019escriu un comentari que no m\u2019atreveixo a reproduir per respecte al bon gust i a la bona educaci\u00f3 (que encara penso que s\u2019ha de mirar de conservar). Es veu que a aquesta senyora no li va agradar que parl\u00e9s dels franquistes que encara hi ha al PP, com per exemple el ministre Jorge Fern\u00e1ndez\u00a0D\u00edaz i tants d\u2019altres.<\/p>\n<p align=\"justify\">Resulta que aquests franquistes poden dir i fer el que vulguin; poden saltar-se les lleis elementals de la democr\u00e0cia; poden tirar la merda que vulguin sobre persones i institucions ben dignes i no passa res. Aquesta Europa unida, a la que ens han dit que hem\u00a0que haur\u00edem de tenir confian\u00e7a i que diuen que hi \u00e9s per ajudar-nos,\u00a0calla com una morta. Encara no he sentit res dels dirigents europeus\u00a0sobre aquestes fastigoses converses entre\u00a0el ministre\u00a0Jorge Fern\u00e1ndez D\u00edaz i el director de l\u2019Oficina Antifrau, Daniel de Alfonso. Aquesta \u00e9s la democr\u00e0cia que Europa vol tutelar i la que nosaltres hem de creure?\u00a0Poden seguir vigents aquests tics franquistes en uns Europa que vulgui ser cre\u00efble? Ens cal jornades de reflexi\u00f3 com la d\u2019avui per a saber a qui hem de votar i a qui no?.<\/p>\n<p align=\"justify\">La senyora <strong>Cristina Juli\u00e0 Ros, <\/strong>entre altres coses, m\u2019acusa de separatista. I jo li dic des d\u2019aqu\u00ed: C\u00f3m no ens hem de voler separar d\u2019una Espanya com aquesta, que no \u00e9s res m\u00e9s que una monarquia bananera que no creu en la democr\u00e0cia i que \u00e9s plena de fills de franquistes reconeguts i que ells mateixos segueixen sent franquistes de cor? Senyora Cristina, en vols uns quants noms?. Anoti:<\/p>\n<p align=\"justify\">&#8211;<strong>Manuel Fraga Iribarne<\/strong> i la seva germana Elisa Fraga Iribarne, que es va casar\u00a0amb <strong>Carlos Robles Piquer<\/strong>, un altre franquista d\u2019elit.<\/p>\n<p align=\"justify\">-La saga gallega la podr\u00edem completar amb l\u2019ex ministre <strong>Romay Beccar\u00eda<\/strong> i <strong>\u00c1lvaro Lapuerta<\/strong>, ex tresorer nacional de PP.<\/p>\n<p align=\"justify\">-Tamb\u00e9 hi trobem <strong>Jos\u00e9 Mar\u00eda Aznar<\/strong>, que\u00a0provenia d\u2019una fam\u00edlia franquista de pro. El seu avi <strong>Manuel Aznar Zubigaray<\/strong> va ser catalogat com el \u00abperiodista del r\u00e9gimen\u00bb, falangista, portaveu del r\u00e8gim Feixista i ambaixador de l&#8217;Estat del General Franco davant l&#8217;ONU; va dirigir diversos diaris com La Vanguardia. Al desembre de 1960 se li va concedir la Gran Creu del Merito Militar. El tinent general Antonio Barroso, ministre de l&#8217;Aire, va pronunciar un discurs en el qual apuntava que Manuel Aznar, sempre havia posat la seva ploma al servei de l&#8217;ex\u00e8rcit i dels seus ideals. L&#8217;homenatjat va dirigir unes paraules als assistents en els quals va tributar encesos elogis a l&#8217;ex\u00e8rcit espanyol, reiterant la seva obedi\u00e8ncia i fidelitat, i amistat lleial a l&#8217;invicte cabdill.\u00a0I tamb\u00e9 podr\u00edem citar el seu pare, <strong>Manuel Aznar Acedo<\/strong>, que tamb\u00e9 va ocupar llocs rellevants a la r\u00e0dio, premsa i TV franquistes<\/p>\n<p align=\"justify\">-Per bona part dels exministres d&#8217;Aznar planeja l&#8217;ombra del dictador. Aix\u00ed passa amb l&#8217;ex ministre portaveu, <strong>P\u00edo Cabanillas<\/strong>, fill de P\u00edo Cabanillas Gallas; <strong>Josep Piqu\u00e9<\/strong>, exministre d&#8217;Afers Estrangers, fill de Josep Piqu\u00e9, l&#8217;\u00faltim alcalde franquista de Vilanova i la Geltr\u00fa; <strong>Jes\u00fas Posada<\/strong>, exministre d&#8217;Administracions P\u00fabliques, fill de qui va ser governador civil de S\u00f2ria amb Franco. Potser qui m\u00e9s pes franquista porti en el seu cognom \u00e9s <strong>Federico Trillo,<\/strong> fill d\u2019un important i estret col\u00b7laborador del dictador a la regi\u00f3 de M\u00farcia.<\/p>\n<p align=\"justify\">-El cognom Oreja \u00e9s un altre dels grans del PP amb passat franquista. <strong>Jaime Mayor Oreja<\/strong> i el seu germ\u00e0 <strong>Carlo<\/strong>s, exconseller d&#8217;Educaci\u00f3 del Govern de la Comunitat de Madrid, s\u00f3n nebots de qui va ser subsecretari del Ministeri d&#8217;Informaci\u00f3 i Turisme, <strong>Marcelino Oreja Aguirre<\/strong>.<\/p>\n<p align=\"justify\">-Sens dubte, una de les majors xarxes de descend\u00e8ncia franquista \u00e9s la que ha creat el cognom Fern\u00e1ndez-Miranda. <strong>Enrique Fern\u00e1ndez-Miranda Lozana<\/strong> \u00e9s fill de <strong>Torcuato Fern\u00e1ndez-Miranda i Hevia,<\/strong> qui, a m\u00e9s, li va prestar altres plan\u00e7ons al franquisme i al PP, ja que els seus nebots <strong>Manuel i Alfonso<\/strong> van ocupar c\u00e0rrecs amb Franco i amb el primer Govern Aznar<\/p>\n<p align=\"justify\">-Tamb\u00e9 l&#8217;exministra de Just\u00edcia <strong>Margarita Mariscal de Gante<\/strong> gaudeix de passat franquista ja que \u00e9s filla de qui va ser jutge del Tribunal d&#8217;Ordre P\u00fablic, <strong>Jaime Mariscal de Gante<\/strong>. El r\u00f2ssec dels fills del franquisme passa per <strong>Juan Chozas<\/strong> emparentat amb Barranco Berm\u00fadez, <strong>Gabriel Elorriaga<\/strong> fill de Gabriel Elorriaga Fern\u00e1ndez i <strong>Gustavo de Ar\u00edstegui San Rom\u00e1n<\/strong>, que t\u00e9 antecedents franquistes per part de pare i oncle. Tamb\u00e9 <strong>V\u00edctor Torre de Silva i L\u00f3pez de Letona<\/strong> ex subsecretari del Ministeri de Defensa compta amb un cognom de gran sonoritat franquista: \u00e9s n\u00e9t de <strong>Jos\u00e9 Mar\u00eda L\u00f3pez de Letona<\/strong>, que va ser ministre d&#8217;Ind\u00fastria.<\/p>\n<p align=\"justify\">-Un altre cognom amb pedigr\u00ed \u00e9s Calvo Sotelo. Els fills de l&#8217;expresident <strong>Leopoldo Calvo-Sotelo<\/strong> tamb\u00e9 van ostentar c\u00e0rrecs en el primer Govern Aznar. Leopoldo, va ser subsecretari d&#8217;Estat del Ministeri d&#8217;Interior i <strong>V\u00edctor<\/strong> va ocupar el mateix c\u00e0rrec al Ministeri de Foment.<\/p>\n<p align=\"justify\">-No pot quedar en oblit el cognom Fern\u00e1ndez-Cuesta de qui va ser secretari d&#8217;Estat d&#8217;Energia del primer Govern Aznar, <strong>Nemesio Fern\u00e1ndez-Cuesta<\/strong>. El susdit \u00e9s fill de Nemesio Fern\u00e1ndez-Cuesta i n\u00e9t del fundador, al costat de Jos\u00e9 Antonio Primo de Rivera, de Falange Espanyola, <strong>Raimundo Fern\u00e1ndez-Cuesta<\/strong>.<\/p>\n<p align=\"justify\">-A la llista d&#8217;ex alts c\u00e0rrecs del primer Govern Aznar que descendeixen de franquistes de pro, si \u00e9s que no ho van ser ells mateixos, estan <strong>Abel Matutes, Rafael Arias-Salgado, Fernando Arias-Salgado, M\u00f2nica Ridruejo, Enrique Gim\u00e9nez-Reyna<\/strong>, ex secretari d&#8217;Estat d&#8217;Hisenda, c\u00e0rrec del que va dimitir per ser el protagonista del major esc\u00e0ndol financer del Govern popular, el cas Gescartera.<\/p>\n<p align=\"justify\">-En el nivell auton\u00f2mic tamb\u00e9 abunden els plan\u00e7ons franquistes, com <strong>Julia Garc\u00eda-Valdecasas<\/strong>, ex delegada del Govern a Catalunya, filla de <strong>Francisco Garc\u00eda-Valdecasas<\/strong>, conegut per la seva actuaci\u00f3 repressiva a la universitat de Barcelona. Un altre fill del franquisme \u00e9s l&#8217;ex president de la Diputaci\u00f3 de Castell\u00f3, <strong>Carlos Fabra<\/strong>, els pare i avi van ocupar destacats c\u00e0rrecs sota el mandat de Franco.<\/p>\n<p align=\"justify\">&#8211; Una altra, <strong>Al\u00edcia S\u00e1nchez-Camacho<\/strong>. El seu pare Francisco S\u00e1nchez-Camacho va aconseguir el grau de Comandant de la Gu\u00e0rdia Civil durant la dictadura Franco-Feixista.<\/p>\n<p align=\"justify\">-I podr\u00edem acabar amb un que aquests dies est\u00e0 molt de moda: amb <strong>Jorge Fern\u00e1ndez D\u00edaz. <\/strong>Voleu saber-ne una mica m\u00e9s de la seva fam\u00edlia?<\/p>\n<blockquote>\n<p align=\"justify\"><em>En los a\u00f1os 50 en Barcelona se cre\u00f3 la \u201cBrigada para la represi\u00f3n del barraquismo\u201d, para controlar la cantidad de barracas que surg\u00edan por la monta\u00f1a de Montjuic, de gente que ven\u00eda de Andaluc\u00eda principalmente y de Extremadura en busca de trabajo. Necesitaban poner al frente a un verdadero represor, y trajeron de Valladolid al Teniente Coronel de Caballer\u00eda <strong>Eduardo Fern\u00e1ndez<\/strong>, conocido por su afinidad al r\u00e9gimen y su despiadada forma de actuar con los vencidos de la guerra.<\/em><br \/>\n<em>Mont\u00f3 un r\u00e9gimen de terror en las monta\u00f1a de Montjuic y en le estaci\u00f3n de Francia, donde campaba por sus anchas devolviendo en el mismo tren que ven\u00eda a cantidad de gente que llegaba buscando trabajo despu\u00e9s de dejarse la pasta en ese billete de tren.<\/em><br \/>\n<em>La demolici\u00f3n de chabolas, extorsi\u00f3n y chantaje para no ser \u201cDeportado\u201d tanto en Montjuic como en el Somorrostro son recordadas aun por quien las vivieron.<\/em><br \/>\n<em>Sus hijos, en los colegios de la Salle en Barcelona, eran conocidos como los \u201cHijos del represor\u201d, siempre a sus espaldas, por supuesto.<\/em><br \/>\n<em>Como \u201cPremio\u201d a su lealtad a Espa\u00f1a y a los espa\u00f1oles y devolviendo favores su hijo mayor, con 18 a\u00f1itos fue colocado en la Diputaci\u00f3n de Barcelona, donde evidentemente hizo carrera, donde enchufo, a su vez, a su mujer, a tres hermanos y las mujeres de estos.<\/em><br \/>\n<em>Hoy en d\u00eda, si viviera, estoy seguro que el Teniente Coronel estar\u00eda orgulloso de que su hijo act\u00fae como \u00e9l lo hubiera hecho al frente del Ministerio del Interior, de<strong> su primog\u00e9nito Jorge Fern\u00e1ndez D\u00edaz, del \u201cHijo del represor\u201d <\/strong>que a\u00fan recuerdan muchos\u2026<\/em><\/p>\n<\/blockquote>\n<\/div>\n<\/div>\n<\/div>\n<\/div>\n<\/div>\n<\/div>\n<\/div>\n","protected":false},"excerpt":{"rendered":"<p>Calma! Constru\u00efm Europa! Escric aix\u00f2 avui, que \u00e9s jornada de reflexi\u00f3. I dem\u00e0 a votar un altra vegada. Quina mandra que em fa, ho reconec! I la mandra prov\u00e9, sobretot, pel fet de que als catalans el govern de Madrid ens queda cada cop m\u00e9s lluny i no ens serveix absolutament\u00a0per a res. I Europa, [&hellip;]<\/p>\n","protected":false},"author":214,"featured_media":0,"comment_status":"open","ping_status":"open","sticky":false,"template":"","format":"standard","meta":{"_jetpack_memberships_contains_paid_content":false,"footnotes":"","jetpack_publicize_message":"","jetpack_publicize_feature_enabled":true,"jetpack_social_post_already_shared":false,"jetpack_social_options":{"image_generator_settings":{"template":"highway","default_image_id":0,"font":"","enabled":false},"version":2}},"categories":[4475,172],"tags":[31928,31828],"class_list":["post-5744","post","type-post","status-publish","format-standard","hentry","category-partido-popular-pp","category-politica","tag-partido-popular-pp","tag-politica"],"jetpack_publicize_connections":[],"jetpack_featured_media_url":"","jetpack_shortlink":"https:\/\/wp.me\/pagkjs-1uE","jetpack-related-posts":[],"jetpack_sharing_enabled":true,"_links":{"self":[{"href":"https:\/\/blogs.avui.cat\/jaumepubill\/wp-json\/wp\/v2\/posts\/5744","targetHints":{"allow":["GET"]}}],"collection":[{"href":"https:\/\/blogs.avui.cat\/jaumepubill\/wp-json\/wp\/v2\/posts"}],"about":[{"href":"https:\/\/blogs.avui.cat\/jaumepubill\/wp-json\/wp\/v2\/types\/post"}],"author":[{"embeddable":true,"href":"https:\/\/blogs.avui.cat\/jaumepubill\/wp-json\/wp\/v2\/users\/214"}],"replies":[{"embeddable":true,"href":"https:\/\/blogs.avui.cat\/jaumepubill\/wp-json\/wp\/v2\/comments?post=5744"}],"version-history":[{"count":1,"href":"https:\/\/blogs.avui.cat\/jaumepubill\/wp-json\/wp\/v2\/posts\/5744\/revisions"}],"predecessor-version":[{"id":5745,"href":"https:\/\/blogs.avui.cat\/jaumepubill\/wp-json\/wp\/v2\/posts\/5744\/revisions\/5745"}],"wp:attachment":[{"href":"https:\/\/blogs.avui.cat\/jaumepubill\/wp-json\/wp\/v2\/media?parent=5744"}],"wp:term":[{"taxonomy":"category","embeddable":true,"href":"https:\/\/blogs.avui.cat\/jaumepubill\/wp-json\/wp\/v2\/categories?post=5744"},{"taxonomy":"post_tag","embeddable":true,"href":"https:\/\/blogs.avui.cat\/jaumepubill\/wp-json\/wp\/v2\/tags?post=5744"}],"curies":[{"name":"wp","href":"https:\/\/api.w.org\/{rel}","templated":true}]}}