{"id":5740,"date":"2016-06-18T22:07:50","date_gmt":"2016-06-18T21:07:50","guid":{"rendered":"http:\/\/blogs.avui.cat\/jaumepubill\/?p=5740"},"modified":"2016-06-18T22:07:50","modified_gmt":"2016-06-18T21:07:50","slug":"cardenals-i-cardenals","status":"publish","type":"post","link":"https:\/\/blogs.avui.cat\/jaumepubill\/2016\/06\/18\/cardenals-i-cardenals\/","title":{"rendered":"Cardenals i cardenals"},"content":{"rendered":"<p><img data-recalc-dims=\"1\" loading=\"lazy\" decoding=\"async\" class=\"alignnone\" src=\"https:\/\/i0.wp.com\/images.famigliacristiana.it\/2016\/6\/mons-montenegro-agrigento_1791093.jpg?resize=266%2C186\" width=\"266\" height=\"186\" \/><img data-recalc-dims=\"1\" loading=\"lazy\" decoding=\"async\" class=\"\" src=\"https:\/\/i0.wp.com\/images.famigliacristiana.it\/2016\/6\/montenegro1_1791113.jpg?resize=144%2C192\" width=\"144\" height=\"192\" \/><\/p>\n<div id=\"wrapper\" class=\"hfeed\">\n<div id=\"main\">\n<div id=\"container\">\n<div id=\"content\">\n<div id=\"post-6418\" class=\"post-6418 post type-post status-publish format-standard hentry category-emigracio-societat tag-emigracio\">\n<div class=\"entry-content\">\n<div id=\"6509167f-ac3c-4e8e-86ec-daae7b2c175a\" class=\"postBody\" style=\"margin: 4px 0px 0px;border-width: 0px;padding: 0px\">\n<p align=\"justify\">En el darrer apunt que vaig publicar parlava d\u2019un cardenal; concretament parlava del cardenal <strong>Ca\u00f1izares<\/strong> de Val\u00e8ncia i li feia una cr\u00edtica que a mi em semblava ben merescuda. Alg\u00fa m\u2019ha escrit dient-me que era molt injusta aquesta cr\u00edtica\u00a0i que el cardenal tenia prou ra\u00f3 en tot aix\u00f2 que ha dit i fet aquests dies i que ha aixecat molta polseguera. S\u00f3n punts de vista ben respectables. Com tamb\u00e9 de respectable deu ser-ho el meu. I mirar\u00e9 d\u2019explicar-me.<\/p>\n<p align=\"justify\">Jo penso que no tots els cardenals, bisbes, capellans o cristians s\u00f3n iguals i pensen el mateix. I per aix\u00f2 avui he volgut recollir les paraules d\u2019un altre cardenal for\u00e7a diferent en la manera de pensar i de fer. Parlo del <a href=\"http:\/\/agensir.it\/quotidiano\/2016\/6\/17\/cardinale-montenegro-di-fronte-alle-366-bare-a-lampedusa-ho-avuto-una-crisi-di-fede-e-ho-scritto-al-papa\/\">CARDENAL MONTENEGRO<\/a>. Francesco Montenegro \u00e9s bisbe d\u2019 Agrigento i a la Confer\u00e8ncia Episcopal Italiana \u00e9s el president de la Comissi\u00f3 de Migracions des del 2013 i presideix la Fundaci\u00f3 \u201cMigrantes\u201d. S\u2019ha involucrat profundament en tots els esfor\u00e7os que es fan per ajudar a desenes de milers d\u2019immigrants que travessen el Mediterrani i desembarques a les illes italianes de Lampedusa i Sic\u00edlia com a primera etapa del seu llarg i perill\u00f3s viatge cap a Europa. El cardenal Montenegro va acompanyar el Papa Francesc quan va visitar Lampedusa\u00a0 el juliol de 2013 en el seu primer viatge oficial fora de Roma.<\/p>\n<p align=\"justify\">No cal dir que aquest pensa molt diferent de Ca\u00f1izares. Nom\u00e9s cal llegir aquestes paraules\u00a0que va recollir ahir mateix\u00a0la revista <a href=\"http:\/\/agensir.it\/quotidiano\/2016\/6\/17\/cardinale-montenegro-di-fronte-alle-366-bare-a-lampedusa-ho-avuto-una-crisi-di-fede-e-ho-scritto-al-papa\/\">SIR<\/a>\u00a0(Servizio Informazione Religiosa).<\/p>\n<blockquote>\n<p align=\"justify\"><em>17 de juny de 2016<\/em><\/p>\n<p align=\"justify\"><em>Davant dels 366 cad\u00e0vers d&#8217;emigrants morts durant el naufragi del 3 d&#8217;octubre de 2013 a Lampedusa &#8220;vaig tenir una gran crisi de fe, que encara em marca&#8221;: ho ha confiat, davant d&#8217;una sala d&#8217;actes ben plena d&#8217;estudiants, el cardenal Francesco Montenegro, arquebisbe d&#8217;Agrigento i president de C\u00e0ritas italiana, durant el di\u00e0leg sobre migracions que ahir a la nit va organitzar el Centre Astalli a la Universitat Pontif\u00edcia Gregoriana.<\/em><\/p>\n<p align=\"justify\"><em>&#8220;Trobar-se davant de 366 cad\u00e0vers et fa sentir aixafat i espantat &#8211; ha explicat &#8211; Ser al moll de Lampedusa i veure aquells rostres em va provocar una crisi de fe; no nom\u00e9s vaig sentir a D\u00e9u lluny\u00e0, sin\u00f3 que realment no el vaig sentir. Llavors vaig veure un policia que plorava com un nad\u00f3. Aquella mateixa nit vaig escriure al Papa per explicar-li el meu problema, que com a bisbe hauria hagut d&#8217;ajudar els altres i, en canvi, estava fora de lloc.&#8221; El que passa avui dia a Europa, ha continuat, \u00e9s &#8220;un tema feixuc que no el podem situar en la caritat sin\u00f3 en la just\u00edcia&#8221;. El problema no \u00e9s la immigraci\u00f3 sin\u00f3 la injust\u00edcia que hi ha al m\u00f3n i el m\u00f3n es regeix per aquesta injust\u00edcia. Si no comencem a combatre la injust\u00edcia, no es trobaran les solucions&#8221;. &#8220;Nosaltres ens hem rentat les mans i continuem estant a les grades, com al Colisseu &#8211; ha afirmat &#8211; i amb el polze cap amunt o cap avall, decidim el dest\u00ed d&#8217;aquells que poden viure o morir&#8221;. Per contra, ha concl\u00f2s, &#8220;hem de comen\u00e7ar a viure la cultura de l&#8217;acollida, que \u00e9s la capacitat de mirar l&#8217;altre als ulls, i l&#8217;altre est\u00e0 feli\u00e7 perqu\u00e8 veu reconeguda la seva dignitat humana&#8221;.<\/em><\/p>\n<\/blockquote>\n<p align=\"justify\">Com diu el t\u00edtol, hi ha cardenals i cardenals. A mi, certament, alguns em mereixen m\u00e9s respecte que altres (pel que diuen, pel que pensen i fins i tot est\u00e8ticament em sento m\u00e9s a prop a uns que a d\u2019altres). Aquest Cardenal itali\u00e0 va per tot arreu amb la seva Vespa blava i mai s\u2019ha vestit amb aquella llarga cua vermella.<\/p>\n<\/div>\n<\/div>\n<\/div>\n<\/div>\n<\/div>\n<\/div>\n<\/div>\n","protected":false},"excerpt":{"rendered":"<p>En el darrer apunt que vaig publicar parlava d\u2019un cardenal; concretament parlava del cardenal Ca\u00f1izares de Val\u00e8ncia i li feia una cr\u00edtica que a mi em semblava ben merescuda. Alg\u00fa m\u2019ha escrit dient-me que era molt injusta aquesta cr\u00edtica\u00a0i que el cardenal tenia prou ra\u00f3 en tot aix\u00f2 que ha dit i fet aquests dies [&hellip;]<\/p>\n","protected":false},"author":214,"featured_media":0,"comment_status":"open","ping_status":"open","sticky":false,"template":"","format":"standard","meta":{"_jetpack_memberships_contains_paid_content":false,"footnotes":"","jetpack_publicize_message":"","jetpack_publicize_feature_enabled":true,"jetpack_social_post_already_shared":false,"jetpack_social_options":{"image_generator_settings":{"template":"highway","default_image_id":0,"font":"","enabled":false},"version":2}},"categories":[77],"tags":[31820],"class_list":["post-5740","post","type-post","status-publish","format-standard","hentry","category-esglesia","tag-esglesia"],"jetpack_publicize_connections":[],"jetpack_featured_media_url":"","jetpack_shortlink":"https:\/\/wp.me\/pagkjs-1uA","jetpack-related-posts":[],"jetpack_sharing_enabled":true,"_links":{"self":[{"href":"https:\/\/blogs.avui.cat\/jaumepubill\/wp-json\/wp\/v2\/posts\/5740","targetHints":{"allow":["GET"]}}],"collection":[{"href":"https:\/\/blogs.avui.cat\/jaumepubill\/wp-json\/wp\/v2\/posts"}],"about":[{"href":"https:\/\/blogs.avui.cat\/jaumepubill\/wp-json\/wp\/v2\/types\/post"}],"author":[{"embeddable":true,"href":"https:\/\/blogs.avui.cat\/jaumepubill\/wp-json\/wp\/v2\/users\/214"}],"replies":[{"embeddable":true,"href":"https:\/\/blogs.avui.cat\/jaumepubill\/wp-json\/wp\/v2\/comments?post=5740"}],"version-history":[{"count":1,"href":"https:\/\/blogs.avui.cat\/jaumepubill\/wp-json\/wp\/v2\/posts\/5740\/revisions"}],"predecessor-version":[{"id":5741,"href":"https:\/\/blogs.avui.cat\/jaumepubill\/wp-json\/wp\/v2\/posts\/5740\/revisions\/5741"}],"wp:attachment":[{"href":"https:\/\/blogs.avui.cat\/jaumepubill\/wp-json\/wp\/v2\/media?parent=5740"}],"wp:term":[{"taxonomy":"category","embeddable":true,"href":"https:\/\/blogs.avui.cat\/jaumepubill\/wp-json\/wp\/v2\/categories?post=5740"},{"taxonomy":"post_tag","embeddable":true,"href":"https:\/\/blogs.avui.cat\/jaumepubill\/wp-json\/wp\/v2\/tags?post=5740"}],"curies":[{"name":"wp","href":"https:\/\/api.w.org\/{rel}","templated":true}]}}