{"id":5736,"date":"2016-06-15T16:47:59","date_gmt":"2016-06-15T15:47:59","guid":{"rendered":"http:\/\/blogs.avui.cat\/jaumepubill\/?p=5736"},"modified":"2016-06-15T16:49:10","modified_gmt":"2016-06-15T15:49:10","slug":"aquests-cardenals","status":"publish","type":"post","link":"https:\/\/blogs.avui.cat\/jaumepubill\/2016\/06\/15\/aquests-cardenals\/","title":{"rendered":"Aquests cardenals!"},"content":{"rendered":"<p><img data-recalc-dims=\"1\" loading=\"lazy\" decoding=\"async\" class=\"aligncenter\" src=\"https:\/\/i0.wp.com\/www.publico.es\/files\/article_main\/\/files\/crop\/uploads\/2015\/10\/17\/5622879910957.r_1464886312429.0-80-600-389.jpg?resize=386%2C199\" width=\"386\" height=\"199\" \/><\/p>\n<div id=\"wrapper\" class=\"hfeed\">\n<div id=\"main\">\n<div id=\"container\">\n<div id=\"content\">\n<div id=\"post-6418\" class=\"post-6418 post type-post status-publish format-standard hentry category-emigracio-societat tag-emigracio\">\n<div class=\"entry-content\">\n<div id=\"fe47aba1-321d-48ef-9644-cc77b95c82ce\" class=\"postBody\" style=\"margin: 4px 0px 0px;border-width: 0px;padding: 0px\">\n<p align=\"justify\">Un home que es disfressa de la manera que veiem a la foto no \u00e9s de fiar. Jo no me\u2019n fiaria d\u2019aquesta mena de pallassos! I si aquest home \u00e9s un cardenal de l\u2019esgl\u00e9sia cat\u00f2lica\u00a0 que cada dos per tres fa manifestacions sospitoses encara me\u2019n fiaria menys. La Fiscalia Provincial de Val\u00e8ncia va obrir dilig\u00e8ncies d&#8217;Investigaci\u00f3 Penal contra el cardenal i arquebisbe de Val\u00e8ncia, <strong>Antonio Ca\u00f1izares<\/strong>, com a presumpte autor d&#8217;un delicte d&#8217;odi contra els homosexuals i les dones. Segons el Codi Penal, en cas de ser processat, el cardenal podria enfrontar fins a tres anys de pres\u00f3. \u00c9s clar que no anir\u00e0 a la pres\u00f3\u00a0\u2013ni cal, certament-, per\u00f2 s\u00ed que \u00e9s clar que una persona que diu les coses que diu hauria d\u2019anar a aquell l\u2019infern en el que ell deu creure\u00a0(si hi fos, cosa que jo no crec).<\/p>\n<p align=\"justify\">Com que estic segur que no hi ha aquesta mena d\u2019infern que ens van fer creure que hi havia, s\u00ed que hi hauria d\u2019haver alguna forma de c\u00e0stig per a persones com el Ca\u00f1izares. Carmen Andreu, la fiscal encarregada de determinar si monsenyor Ca\u00f1izares ha com\u00e8s un delicte contra el col\u00b7lectiu gai i contra el feminista \u00e9s la fiscal delegada de delictes d&#8217;odi. La representant del Ministeri P\u00fablic haur\u00e0 d&#8217;investigar la den\u00fancia presentada pel col\u00b7lectiu Lambda de lesbianes, gais, transsexuals i bisexuals que va denunciar l&#8217;arquebisbe per les seves &#8220;condemnables declaracions hom\u00f2fobes i masclistes contra les persones homosexuals i el moviment feminista&#8221;. Ca\u00f1izares va carregar durant una homilia contra la &#8220;important escalada contra la fam\u00edlia per part de dirigents pol\u00edtics, ajudats per altres poders com el &#8216;imperi gai&#8217; i certes ideologies feministes&#8221;, subratllant que les &#8220;lleis que comenten la ideologia de g\u00e8nere&#8221; (en clara refer\u00e8ncia a les legislacions que advoquen per la igualtat efectiva entre home i dona) s\u00f3n &#8220;les m\u00e9s insidioses que hi ha hagut en tota la hist\u00f2ria de la Humanitat&#8221;. Aquestes paraules, unides a moltes altres frases poc o gens encertades del prelat van acabar amb la paci\u00e8ncia de Lambda, que farts dels menyspreus\u00a0del cardenal van decidir presentar una den\u00fancia. I trobo que van fer molt ben fet.<\/p>\n<p align=\"justify\">Totes aquestes\u00a0paraules de l\u2019\u00ednclit Ca\u00f1izares van portar al prelat a rebre una reprimenda del Papa Francesc qui, segons fonts vaticanes, li va recordar que &#8220;Espanya est\u00e0 vivint un moment electoral i pol\u00edtic molt complicat en qu\u00e8 l&#8217;Esgl\u00e9sia ha de ser instrument constructiu, i no element desestabilitzador&#8221;. Per\u00f2 em sembla que no n\u2019ha fet gaire cas\u2026<\/p>\n<p align=\"justify\">El cardenal Ca\u00f1izares ha cultivat altres perles. Tamb\u00e9 va dir coses prou espatarrants i for\u00e7a fora de to sobre els refugiats: &#8220;Aquesta invasi\u00f3 de refugiats \u00e9s del tot blat net?&#8221;.\u00a0 O sobre les eleccions catalanes passades: &#8220;No entrem en valoracions pol\u00edtiques, per\u00f2 des del punt de vista moral el que succeeixi el 27 de setembre planteja unes q\u00fcestions de summa gravetat&#8221;, era la seva forma de descriure les eleccions catalanes i, a m\u00e9s, va afegir, &#8220;D\u00e9u vol la unitat, \u00e9s el que li \u00e9s grat, encara que ens entestem a obrar el contrari, per raons que res tenen a veure amb l&#8217;Evangeli &#8221; va dir durant una vig\u00edlia convocada per pregar per la unitat d&#8217;Espanya.<\/p>\n<p align=\"justify\">Ha carregat contra\u00a0 tots, especialment contra l&#8217;esquerra. Per\u00f2 tamb\u00e9 li va semblar el\u00a0PP massa tou\u00a0 quan temps enrere es va aprovar la reforma\u00a0de l&#8217;avortament, de la qual va dir que: &#8220;El Govern, oblidant els seus principis, desdient-se de gestos anteriors i tornant-se enrere de les promeses electorals , va aprovar una m\u00ednima reforma, m\u00e9s real que aparent, de la llei vigent que consagra el dret a l&#8217;avortament &#8220;.<\/p>\n<p align=\"justify\">En fi, que aquesta no \u00e9s la meva esgl\u00e9sia. No \u00e9s la esgl\u00e9sia dels pobres\u00a0(agafant el mot <strong><em>pobre<\/em><\/strong> en tots sentits de la paraula) que va voler Jes\u00fas i que em d\u00f3na la sensaci\u00f3 que vol el Papa Francesc. Per qu\u00e8 us penseu que ha tingut el Papa tant inter\u00e8s en establir la festa de <a href=\"http:\/\/www.collationes.org\/de-ministerium-sacerdotale\/subsidia-liturgica\/item\/2321-decreto-sobre-la-festividad-de-santa-maria-magdalena#\">Santa Maria Magdalena<\/a>? El cardenal Ca\u00f1izares no l\u2019hauria fet mai una cosa aix\u00ed.<\/p>\n<\/div>\n<\/div>\n<\/div>\n<\/div>\n<\/div>\n<\/div>\n<\/div>\n","protected":false},"excerpt":{"rendered":"<p>Un home que es disfressa de la manera que veiem a la foto no \u00e9s de fiar. Jo no me\u2019n fiaria d\u2019aquesta mena de pallassos! I si aquest home \u00e9s un cardenal de l\u2019esgl\u00e9sia cat\u00f2lica\u00a0 que cada dos per tres fa manifestacions sospitoses encara me\u2019n fiaria menys. La Fiscalia Provincial de Val\u00e8ncia va obrir dilig\u00e8ncies [&hellip;]<\/p>\n","protected":false},"author":214,"featured_media":0,"comment_status":"open","ping_status":"open","sticky":false,"template":"","format":"standard","meta":{"_jetpack_memberships_contains_paid_content":false,"footnotes":"","jetpack_publicize_message":"","jetpack_publicize_feature_enabled":true,"jetpack_social_post_already_shared":false,"jetpack_social_options":{"image_generator_settings":{"template":"highway","default_image_id":0,"font":"","enabled":false},"version":2}},"categories":[77],"tags":[31820],"class_list":["post-5736","post","type-post","status-publish","format-standard","hentry","category-esglesia","tag-esglesia"],"jetpack_publicize_connections":[],"jetpack_featured_media_url":"","jetpack_shortlink":"https:\/\/wp.me\/pagkjs-1uw","jetpack-related-posts":[],"jetpack_sharing_enabled":true,"_links":{"self":[{"href":"https:\/\/blogs.avui.cat\/jaumepubill\/wp-json\/wp\/v2\/posts\/5736","targetHints":{"allow":["GET"]}}],"collection":[{"href":"https:\/\/blogs.avui.cat\/jaumepubill\/wp-json\/wp\/v2\/posts"}],"about":[{"href":"https:\/\/blogs.avui.cat\/jaumepubill\/wp-json\/wp\/v2\/types\/post"}],"author":[{"embeddable":true,"href":"https:\/\/blogs.avui.cat\/jaumepubill\/wp-json\/wp\/v2\/users\/214"}],"replies":[{"embeddable":true,"href":"https:\/\/blogs.avui.cat\/jaumepubill\/wp-json\/wp\/v2\/comments?post=5736"}],"version-history":[{"count":2,"href":"https:\/\/blogs.avui.cat\/jaumepubill\/wp-json\/wp\/v2\/posts\/5736\/revisions"}],"predecessor-version":[{"id":5738,"href":"https:\/\/blogs.avui.cat\/jaumepubill\/wp-json\/wp\/v2\/posts\/5736\/revisions\/5738"}],"wp:attachment":[{"href":"https:\/\/blogs.avui.cat\/jaumepubill\/wp-json\/wp\/v2\/media?parent=5736"}],"wp:term":[{"taxonomy":"category","embeddable":true,"href":"https:\/\/blogs.avui.cat\/jaumepubill\/wp-json\/wp\/v2\/categories?post=5736"},{"taxonomy":"post_tag","embeddable":true,"href":"https:\/\/blogs.avui.cat\/jaumepubill\/wp-json\/wp\/v2\/tags?post=5736"}],"curies":[{"name":"wp","href":"https:\/\/api.w.org\/{rel}","templated":true}]}}