{"id":5727,"date":"2016-06-01T17:12:00","date_gmt":"2016-06-01T16:12:00","guid":{"rendered":"http:\/\/blogs.avui.cat\/jaumepubill\/?p=5727"},"modified":"2016-06-01T17:12:00","modified_gmt":"2016-06-01T16:12:00","slug":"ho-tenim-tot-ens-falta-tot","status":"publish","type":"post","link":"https:\/\/blogs.avui.cat\/jaumepubill\/2016\/06\/01\/ho-tenim-tot-ens-falta-tot\/","title":{"rendered":"Ho tenim tot. Ens falta tot."},"content":{"rendered":"<p align=\"justify\"><img loading=\"lazy\" decoding=\"async\" class=\"alignnone\" src=\"http:\/\/s2.reutersmedia.net\/resources\/r\/?m=02&amp;d=20160530&amp;t=2&amp;i=1139297627&amp;w=640&amp;fh=&amp;fw=&amp;ll=&amp;pl=&amp;sq=&amp;r=LYNXNPEC4T0II\" alt=\"\" width=\"414\" height=\"262\" \/><\/p>\n<p align=\"justify\">Llegeixo la not\u00edcia de <strong>l\u2019ag\u00e8ncia Reuters<\/strong> i veig aquesta impactant fotografia: Un nad\u00f3 immigrant ofegat en els bra\u00e7os d&#8217;un salvador alemany. El nad\u00f3, que sembla no tenir pas m\u00e9s d&#8217;un any d&#8217;edat, va ser tret de la mar el divendres despr\u00e9s d\u2019haver bolcat un vaixell de fusta. Quaranta-cinc cossos van arribar al sud del port itali\u00e0 de Reggio Cal\u00e0bria diumenge a bord d&#8217;un vaixell de la marina italiana, juntament amb 135 supervivents del mateix incident.<\/p>\n<p align=\"justify\">Recordeu la fotografia del nen siri\u00e0 de tres anys d&#8217;edat \u2013Aylan- trobat bocaterrosa sense vida en una platja de Turquia l&#8217;any passat? Ara tenim aquesta, que posa un rostre hum\u00e0 a les m\u00e9s de 8.000 persones que han mort a la Mediterr\u00e0nia des de l&#8217;inici de 2014. Tant la not\u00edcia com la foto impacten a qualsevol que tingui una mica de sensibilitat\u00a0i ens haurien de fer pensar. L\u2019organitzaci\u00f3 alemanya\u00a0 <strong>Mar-Watch<\/strong> va recollir 25 cossos, entre ells un altre infant, i va decidir per unanimitat la publicaci\u00f3 de la foto. Per qu\u00e8 s\u2019han de publicar aquestes fotos tan colpidores? Simplement per a fer una crida als pol\u00edtics de la UE, que si els fan mal d\u2019ulls i no les volen veure, potser haurien de fer alguna cosa m\u00e9s de les que fan ara.<\/p>\n<p align=\"justify\">Sabeu el que va escriure en una redacci\u00f3 a l\u2019escola la filla d\u2019un pescador\u00a0despr\u00e9s que el seu pare li expliqu\u00e9s el que li havia passat un dia mentre pescava? Explicava\u00a0que el seu pare havia vingut de la mar i que, quan recollien les xarxes, en lloc de peixos vius pescaven homes morts.\u00a0 I li explicava que a vegades es trobava que no sabia a qui triar per salvar primer i el sentiment de culpabilitat que li quedava despr\u00e9s de prendre la decisi\u00f3 &#8230;, el que se t&#8217;escapi alg\u00fa de les mans &#8230; el haver volgut i no haver pogut &#8230; aquell &#8220;i si hagu\u00e9s fet aix\u00f2 o all\u00f2\u00a0&#8230;&#8221;.<\/p>\n<p align=\"justify\">I ara unes quantes reflexions: Us imagineu el complicat que deu ser gestionar totes aquestes realitats tan dures\u00a0i les conseq\u00fc\u00e8ncies que a curt\u00a0i llarg termini significa tot aix\u00f2? Qu\u00e8 diran els llibres d\u2019hist\u00f2ria d\u2019aqu\u00ed 30 o 40 anys quan expliquin aquesta dura realitat dels refugiats i de com es va consentir una cosa semblant si es veia cada dia\u00a0 desgr\u00e0cies d\u2019aquest calibre?<\/p>\n<p align=\"justify\">Voleu dir que les generacions futures no jutjaran la nostra generaci\u00f3 com com indiferents, intolerants, egoistes i un llarg etc. en sentit negatiu?. I possiblement ens mereixerem aquesta qualificaci\u00f3 per haver perm\u00e8s i consentit a aquests delictes penals i morals. Afegiran a la llista un altre crim contra la humanitat. Ja n\u2019hi han hagut molts al llarg de la hist\u00f2ria;\u00a0doncs un altre m\u00e9s.<\/p>\n<p align=\"justify\">No podrem al\u00b7legar desconeixement, ni ignor\u00e0ncia, ni falta de mitjans. Res d\u2019aix\u00f2 ens podr\u00e0 eximir de la nostra responsabilitat perqu\u00e8 en ple 2016 els ciutadans europeus vivim en l&#8217;era tecnol\u00f2gica i ho sabem tot i amb tots els detalls. Tenim ordinadors, m\u00f2bils, <em>tablets<\/em>, <em>drones<\/em>, hi ha en Senyor Google, i tants diaris digitals com vulgueu que ens posen la realitat davant els nassos a l\u2019instant\u00a0&#8230; Ho tenim tot a l&#8217;abast d&#8217;un clic i al mateix temps ens falta tot. <strong>Ho tenim tot i ens falta tot<\/strong>. Ens falta cor, sensibilitat,\u00a0compassi\u00f3, empatia i un altre llarg etc., ara en positiu. Som la generaci\u00f3 m\u00e9s ben informada de la hist\u00f2ria i ens falta formaci\u00f3 en humanitat. <strong>Com m\u00e9s rics en informaci\u00f3 m\u00e9s pobres en formaci\u00f3<\/strong>. Llavors, si no \u00e9s ignor\u00e0ncia- que ja hem vist que no ho es- no ser\u00e0 indifer\u00e8ncia?. No volem compartir el nostre espai, per por i per temors infundats i paguem perqu\u00e8 tots aquests nens, dones i homes no &#8220;ens envaeixin&#8221;. Creem indignes camps de refugiats sense cap tipus de rubor i vergonya.\u00a0 I anem pescant nens morts &#8230; dia si i dia tamb\u00e9.<\/p>\n<p align=\"justify\">Aquesta \u00e9s l\u2019 Europa que somni\u00e0vem?\u00a0 Aquesta \u00e9s l\u2019 Europa que vol\u00edem? Aquest s\u00f3n els governants que ens mereixem? Aquesta gent \u00e9s la que haurem de tornar a votar ben aviat? Serveixen per alguna cosa els Parlaments Europeus i les organitzacions internacionals? Preguntes i m\u00e9s preguntes\u2026 Reflexions que ens haurien de fer tornar aquesta mica de sensibilitat que sembla que tots plegats hem anat perdent.<\/p>\n","protected":false},"excerpt":{"rendered":"<p>Llegeixo la not\u00edcia de l\u2019ag\u00e8ncia Reuters i veig aquesta impactant fotografia: Un nad\u00f3 immigrant ofegat en els bra\u00e7os d&#8217;un salvador alemany. El nad\u00f3, que sembla no tenir pas m\u00e9s d&#8217;un any d&#8217;edat, va ser tret de la mar el divendres despr\u00e9s d\u2019haver bolcat un vaixell de fusta. Quaranta-cinc cossos van arribar al sud del port [&hellip;]<\/p>\n","protected":false},"author":214,"featured_media":0,"comment_status":"open","ping_status":"open","sticky":false,"template":"","format":"standard","meta":{"_jetpack_memberships_contains_paid_content":false,"footnotes":"","jetpack_publicize_message":"","jetpack_publicize_feature_enabled":true,"jetpack_social_post_already_shared":false,"jetpack_social_options":{"image_generator_settings":{"template":"highway","default_image_id":0,"font":"","enabled":false},"version":2}},"categories":[1960,172,160],"tags":[],"class_list":["post-5727","post","type-post","status-publish","format-standard","hentry","category-emigracio","category-politica","category-societat"],"jetpack_publicize_connections":[],"jetpack_featured_media_url":"","jetpack_shortlink":"https:\/\/wp.me\/pagkjs-1un","jetpack-related-posts":[],"jetpack_sharing_enabled":true,"_links":{"self":[{"href":"https:\/\/blogs.avui.cat\/jaumepubill\/wp-json\/wp\/v2\/posts\/5727","targetHints":{"allow":["GET"]}}],"collection":[{"href":"https:\/\/blogs.avui.cat\/jaumepubill\/wp-json\/wp\/v2\/posts"}],"about":[{"href":"https:\/\/blogs.avui.cat\/jaumepubill\/wp-json\/wp\/v2\/types\/post"}],"author":[{"embeddable":true,"href":"https:\/\/blogs.avui.cat\/jaumepubill\/wp-json\/wp\/v2\/users\/214"}],"replies":[{"embeddable":true,"href":"https:\/\/blogs.avui.cat\/jaumepubill\/wp-json\/wp\/v2\/comments?post=5727"}],"version-history":[{"count":1,"href":"https:\/\/blogs.avui.cat\/jaumepubill\/wp-json\/wp\/v2\/posts\/5727\/revisions"}],"predecessor-version":[{"id":5728,"href":"https:\/\/blogs.avui.cat\/jaumepubill\/wp-json\/wp\/v2\/posts\/5727\/revisions\/5728"}],"wp:attachment":[{"href":"https:\/\/blogs.avui.cat\/jaumepubill\/wp-json\/wp\/v2\/media?parent=5727"}],"wp:term":[{"taxonomy":"category","embeddable":true,"href":"https:\/\/blogs.avui.cat\/jaumepubill\/wp-json\/wp\/v2\/categories?post=5727"},{"taxonomy":"post_tag","embeddable":true,"href":"https:\/\/blogs.avui.cat\/jaumepubill\/wp-json\/wp\/v2\/tags?post=5727"}],"curies":[{"name":"wp","href":"https:\/\/api.w.org\/{rel}","templated":true}]}}