{"id":5679,"date":"2016-04-04T12:35:12","date_gmt":"2016-04-04T11:35:12","guid":{"rendered":"http:\/\/blogs.avui.cat\/jaumepubill\/?p=5679"},"modified":"2016-04-04T12:35:12","modified_gmt":"2016-04-04T11:35:12","slug":"mariano-ave","status":"publish","type":"post","link":"https:\/\/blogs.avui.cat\/jaumepubill\/2016\/04\/04\/mariano-ave\/","title":{"rendered":"Mariano AVE"},"content":{"rendered":"<h2 class=\"entry-title\"><img loading=\"lazy\" decoding=\"async\" class=\"alignnone\" src=\"https:\/\/i0.wp.com\/laguiatv.abc.es\/Media\/201604\/03\/salvados-rajoy--644x362.jpg\" alt=\"\" width=\"396\" height=\"223\" \/><\/h2>\n<div class=\"entry-content\">\n<p align=\"justify\"><strong>NO<\/strong> vaig veure l\u2019entrevista que li van fer a <strong>Marianico El Corto<\/strong>, per\u00f2 veig que avui tothom en parla i n\u2019he llegit alguna cosa. Per principi procuro no veure certs programes o escoltar certs tipus d\u2019entrevistes perqu\u00e8 el meu metge m\u2019ho va prohibir. Em va dir que no anava b\u00e9 ni per fetge ni per l\u2019est\u00f3mac. \u00c9s per all\u00f2 de la bilis i de les llagues\u2026<\/p>\n<p align=\"justify\">No veure, llegir o escoltar certes coses no vol pas dir no assabentar-se\u2019n i viure a la lluna de Val\u00e8ncia. Procuro estar al dia de les coses que m\u2019interessen i, per suposat, que la pol\u00edtica m\u2019interessa. Procuro llegir certs diaris o escoltar certes emissores per\u00f2 me n\u2019estalvio d\u2019altres, com m\u2019estalvio els llocs, els menjars, els espectacles o les persones que no m\u2019agraden. No \u00e9s cap obligaci\u00f3 ser masoquista o fer-se mala sang. Per altra banda, \u00e9s clar que hom \u2013inevitablement- s\u2019assabenta de les coses, per\u00f2 sembla que en diferit no fan tanta impressi\u00f3 i es digereixen millor. Personatges nefastos \u2013pel que diuen i pel que fan- com Rajoy miro d\u2019estalviar-me\u2019ls. Per\u00f2 les ruqueries de l\u2019al\u00e7ada d\u2019un campanar que diu cada dos per tres transcendeixen i es passegen per les xarxes social per poder-ne fer befa p\u00fablica i acudits que retraten el personatge i en mostren la poca al\u00e7\u00e0ria intel\u00b7lectual i la encara menys densitat moral que t\u00e9.\u00a0 Ahir, entre altres coses, es veu que li van preguntar sobre les infraestructures i ell va contestar: <em><strong>\u201cTenemos buenos trenes y autopistas. Pero vac\u00edos, <\/strong><\/em>va replicar l\u2019\u00c8vole<em><strong>\u2026 S\u00ed, vac\u00edos, pero los tenemos.\u201d.<\/strong><\/em><\/p>\n<p align=\"justify\">T\u00edpica resposta d\u2019un gallec que exerceix de gallec m\u00e9s que ning\u00fa (es diu que quan hom veu un gallec en una escala mai podrem saber si puja o baixa). D\u2019acord amb aquest prototipus potser una mica gastat i no s\u00e9 si del tot cert, s\u00ed que podem dir que Rajoy \u00e9s el t\u00edpic personatge que sap escapolir-se en tot moment i sap mentir sense que se li noti gaire.<strong>Mariano AVE<\/strong> \u2013ai no, Rajoy- es vanagloria de tenir AVES sense passatgers, autopistes sense cotxes o aeroports sense avions. El fet \u00e9s que els tenim i aix\u00f2 \u00e9s el m\u00e9s important, segons ells. Buits, per\u00f2 els tenim. Com el tenim a ell -Marianico El Corto-, un personatge buit del tot, inepte total, mentider fi i descarat total, mira\u2019l per on el miris. I s\u2019ho creu tant aix\u00f2 que l\u2019important \u00e9s que el tinguem a ell, que vol continuar quatre anys m\u00e9s. L\u2019important \u00e9s que jo hi sigui, deu pensar, encara que no faci res o el poc que faig sigui un desastre. No s\u00e9 com encara hi pot haver alg\u00fa que no s\u2019adoni d\u2019aquesta presa p\u00e8l constant i repetida!<\/p>\n<p align=\"justify\">Amb aquesta mena de governants Espanya mai podr\u00e0 ser moderna, culta, educada, efectiva i europea. I amb tants mitjans de comunicaci\u00f3 que constantment li riuen les gr\u00e0cies tampoc. Faltarien unes quantes entrevistes m\u00e9s de periodistes que rasquessin una mica m\u00e9s, que li busquessin les pessigolles i que el posessin entre l\u2019espasa i la paret. Necessitar\u00edem diaris que no servissin nom\u00e9s per netejar-se el cul. Necessitar\u00edem intel\u00b7lectuals que no fossin tan nacionalistes espanyols i que van sempre amb aquelles ulleres fosques que no deixen veure la realitat. Necessitar\u00edem tantes coses que sabem del cert que mai podr\u00e0 tenir aquest pa\u00eds, que no acabar\u00edem mai. Per aix\u00f2 alguns seguim ben decidits a marxar-ne tan aviat com puguem tot demanant que, si us plau, els pol\u00edtics catalans procurin tenir una mica m\u00e9s al\u00e7ada i procurin ser millors que aquesta calamitat de Presidente que alguns van escoltar ahir, les contestes del qual reprodueixen els diaris i s\u00f3n l\u00f2gicament tema burla .<\/p>\n<\/div>\n","protected":false},"excerpt":{"rendered":"<p>NO vaig veure l\u2019entrevista que li van fer a Marianico El Corto, per\u00f2 veig que avui tothom en parla i n\u2019he llegit alguna cosa. Per principi procuro no veure certs programes o escoltar certs tipus d\u2019entrevistes perqu\u00e8 el meu metge m\u2019ho va prohibir. Em va dir que no anava b\u00e9 ni per fetge ni per [&hellip;]<\/p>\n","protected":false},"author":214,"featured_media":0,"comment_status":"open","ping_status":"open","sticky":false,"template":"","format":"standard","meta":{"_jetpack_memberships_contains_paid_content":false,"footnotes":"","jetpack_publicize_message":"","jetpack_publicize_feature_enabled":true,"jetpack_social_post_already_shared":false,"jetpack_social_options":{"image_generator_settings":{"template":"highway","default_image_id":0,"font":"","enabled":false},"version":2}},"categories":[172],"tags":[31828],"class_list":["post-5679","post","type-post","status-publish","format-standard","hentry","category-politica","tag-politica"],"jetpack_publicize_connections":[],"jetpack_featured_media_url":"","jetpack_shortlink":"https:\/\/wp.me\/pagkjs-1tB","jetpack-related-posts":[],"jetpack_sharing_enabled":true,"_links":{"self":[{"href":"https:\/\/blogs.avui.cat\/jaumepubill\/wp-json\/wp\/v2\/posts\/5679","targetHints":{"allow":["GET"]}}],"collection":[{"href":"https:\/\/blogs.avui.cat\/jaumepubill\/wp-json\/wp\/v2\/posts"}],"about":[{"href":"https:\/\/blogs.avui.cat\/jaumepubill\/wp-json\/wp\/v2\/types\/post"}],"author":[{"embeddable":true,"href":"https:\/\/blogs.avui.cat\/jaumepubill\/wp-json\/wp\/v2\/users\/214"}],"replies":[{"embeddable":true,"href":"https:\/\/blogs.avui.cat\/jaumepubill\/wp-json\/wp\/v2\/comments?post=5679"}],"version-history":[{"count":3,"href":"https:\/\/blogs.avui.cat\/jaumepubill\/wp-json\/wp\/v2\/posts\/5679\/revisions"}],"predecessor-version":[{"id":5682,"href":"https:\/\/blogs.avui.cat\/jaumepubill\/wp-json\/wp\/v2\/posts\/5679\/revisions\/5682"}],"wp:attachment":[{"href":"https:\/\/blogs.avui.cat\/jaumepubill\/wp-json\/wp\/v2\/media?parent=5679"}],"wp:term":[{"taxonomy":"category","embeddable":true,"href":"https:\/\/blogs.avui.cat\/jaumepubill\/wp-json\/wp\/v2\/categories?post=5679"},{"taxonomy":"post_tag","embeddable":true,"href":"https:\/\/blogs.avui.cat\/jaumepubill\/wp-json\/wp\/v2\/tags?post=5679"}],"curies":[{"name":"wp","href":"https:\/\/api.w.org\/{rel}","templated":true}]}}