{"id":5674,"date":"2016-03-31T23:17:41","date_gmt":"2016-03-31T22:17:41","guid":{"rendered":"http:\/\/blogs.avui.cat\/jaumepubill\/?p=5674"},"modified":"2016-03-31T23:17:41","modified_gmt":"2016-03-31T22:17:41","slug":"feixisme-en-estat-pur","status":"publish","type":"post","link":"https:\/\/blogs.avui.cat\/jaumepubill\/2016\/03\/31\/feixisme-en-estat-pur\/","title":{"rendered":"Feixisme en estat\u00a0pur?"},"content":{"rendered":"<h2 class=\"entry-title\"><img data-recalc-dims=\"1\" loading=\"lazy\" decoding=\"async\" class=\"alignleft\" src=\"https:\/\/jaumepubill.files.wordpress.com\/2016\/03\/c7224-612x408.jpg?w=483&#038;h=323&#038;fit=483%2C323&#038;resize=236%2C157\" alt=\"\" width=\"236\" height=\"157\" align=\"left\" \/><\/h2>\n<div class=\"entry-content\">\n<p align=\"justify\">El periodista <a href=\"http:\/\/jmalvarezblog.blogspot.com.es\/2016\/03\/vergonzoso-cumpleanos-de-un-fascista.html\">JM ALVAREZ<\/a> parlava en el seu blog d\u2019un <strong>\u201cVergonzoso cumplea\u00f1os de un fascista\u201d. <\/strong>Jo no m\u2019atreviria a tant i potser no posaria a tots els assistents al mateix sac. Per\u00f2, deixant de banda el gruixut qualificatiu, s\u00ed que estic d\u2019acord que aquesta mena d\u2019esdeveniments que de tant en tant ens regala aquesta Espanya de pandereta s\u00f3n una vergonya. \u00c9s el pa\u00eds de<em>l\u2019Escopeta Nacional<\/em> que es repeteix de manera semblant un dia i una altre sense cap mena de complexos. L\u2019ambient que es respira en aquesta mena de festes \u00e9s aquell ambient tardo franquista que tant b\u00e9 saben reproduir a la Villa i Corte.<\/p>\n<p align=\"justify\">Em refereixo a la festa que <strong>Mario Vargas Llosa<\/strong> i la seva nova parella,<strong> Isabel Preysler<\/strong>, van celebrar en un hotel de Madrid. Una festa <em>por todo lo alto<\/em> amb motiu del 80\u00e8 aniversari del Nobel. A m\u00e9s d\u2019amics i familiars hi van assistir tot un munt de personatges de variat pelatge. Us en dir\u00e9 uns quants i cadasc\u00fa que opini el que vulgui: els expresidents del Gobierno espanyol Felipe Gonz\u00e1lez y Jos\u00e9 Mar\u00eda Aznar, aix\u00ed com altres hom\u00f2legs llatinoamericans com como Sebasti\u00e1n Pi\u00f1era, Andr\u00e9s Pastrana, \u00c1lvaro Uribe y Luis Alberto Lacalle. Tots ells presidents de la dreta m\u00e9s dretana.<\/p>\n<p align=\"justify\">Us en dic uns quants m\u00e9s? Aqu\u00ed els teniu: els pol\u00edtics Rosa D\u00edez, Albert Rivera, Marta Rivera de la Cruz, Esperanza Aguirre; els periodistes Juan Cruz, Boris Izaguirre, Federico Jim\u00e9nez Losantos, I\u00f1aki Gabilondo i Juan Luis Cebri\u00e1n. A m\u00e9s del fill de Vargas Llosa hi havia el ministro d\u2019Industria y Turismo, Jos\u00e9 Manuel Soria, l\u2019ambaixador d\u2019 EEUU, James Costos i el seu marit, el disseny Michael Smith i Mis Capriles, esposa del dirigent opositor vene\u00e7ol\u00e0 Antonio Ledesma.<\/p>\n<p align=\"justify\">Durant la festa, els convidats van rebre com a regal el llibre \u201cIdeas en libertad\u201d, una obra que rendeix homenatge a <strong>Vargas Llosa<\/strong> a trav\u00e9s de la ploma de 80 autors, entre els que hi figuren Luis Mar\u00eda Ans\u00f3n, Juan Luis Cebri\u00e1n, Antonio Garrigues Walker, Arcadi Espada, Carlos Espinosa de los Monteros, Esperanza Aguirre, \u00c1lvaro Pombo, Carlos Rodr\u00edguez Braun o Mauricio Macri, entre altres.<\/p>\n<p align=\"justify\">Un bon i variat ramell de personatges, no? No cal qualificar-los. Ells mateixos es retraten. I el que s\u00ed evidencia tot plegat \u00e9s que certes coses no passen mai de moda i que all\u00f2 de que<em>\u201cDios los cria y ellos se juntan\u201d<\/em> continua ben vigent.<\/p>\n<\/div>\n","protected":false},"excerpt":{"rendered":"<p>El periodista JM ALVAREZ parlava en el seu blog d\u2019un \u201cVergonzoso cumplea\u00f1os de un fascista\u201d. Jo no m\u2019atreviria a tant i potser no posaria a tots els assistents al mateix sac. Per\u00f2, deixant de banda el gruixut qualificatiu, s\u00ed que estic d\u2019acord que aquesta mena d\u2019esdeveniments que de tant en tant ens regala aquesta Espanya [&hellip;]<\/p>\n","protected":false},"author":214,"featured_media":0,"comment_status":"open","ping_status":"open","sticky":false,"template":"","format":"standard","meta":{"_jetpack_memberships_contains_paid_content":false,"footnotes":"","jetpack_publicize_message":"","jetpack_publicize_feature_enabled":true,"jetpack_social_post_already_shared":false,"jetpack_social_options":{"image_generator_settings":{"template":"highway","default_image_id":0,"font":"","enabled":false},"version":2}},"categories":[160],"tags":[31827],"class_list":["post-5674","post","type-post","status-publish","format-standard","hentry","category-societat","tag-societat"],"jetpack_publicize_connections":[],"jetpack_featured_media_url":"","jetpack_shortlink":"https:\/\/wp.me\/pagkjs-1tw","jetpack-related-posts":[],"jetpack_sharing_enabled":true,"_links":{"self":[{"href":"https:\/\/blogs.avui.cat\/jaumepubill\/wp-json\/wp\/v2\/posts\/5674","targetHints":{"allow":["GET"]}}],"collection":[{"href":"https:\/\/blogs.avui.cat\/jaumepubill\/wp-json\/wp\/v2\/posts"}],"about":[{"href":"https:\/\/blogs.avui.cat\/jaumepubill\/wp-json\/wp\/v2\/types\/post"}],"author":[{"embeddable":true,"href":"https:\/\/blogs.avui.cat\/jaumepubill\/wp-json\/wp\/v2\/users\/214"}],"replies":[{"embeddable":true,"href":"https:\/\/blogs.avui.cat\/jaumepubill\/wp-json\/wp\/v2\/comments?post=5674"}],"version-history":[{"count":1,"href":"https:\/\/blogs.avui.cat\/jaumepubill\/wp-json\/wp\/v2\/posts\/5674\/revisions"}],"predecessor-version":[{"id":5675,"href":"https:\/\/blogs.avui.cat\/jaumepubill\/wp-json\/wp\/v2\/posts\/5674\/revisions\/5675"}],"wp:attachment":[{"href":"https:\/\/blogs.avui.cat\/jaumepubill\/wp-json\/wp\/v2\/media?parent=5674"}],"wp:term":[{"taxonomy":"category","embeddable":true,"href":"https:\/\/blogs.avui.cat\/jaumepubill\/wp-json\/wp\/v2\/categories?post=5674"},{"taxonomy":"post_tag","embeddable":true,"href":"https:\/\/blogs.avui.cat\/jaumepubill\/wp-json\/wp\/v2\/tags?post=5674"}],"curies":[{"name":"wp","href":"https:\/\/api.w.org\/{rel}","templated":true}]}}