{"id":5630,"date":"2016-03-03T11:27:36","date_gmt":"2016-03-03T10:27:36","guid":{"rendered":"http:\/\/blogs.avui.cat\/jaumepubill\/?p=5630"},"modified":"2016-03-03T11:27:36","modified_gmt":"2016-03-03T10:27:36","slug":"discos-ratllats","status":"publish","type":"post","link":"https:\/\/blogs.avui.cat\/jaumepubill\/2016\/03\/03\/discos-ratllats\/","title":{"rendered":"Discos ratllats"},"content":{"rendered":"<p align=\"justify\"><img data-recalc-dims=\"1\" loading=\"lazy\" decoding=\"async\" class=\"alignleft\" src=\"https:\/\/i0.wp.com\/cdnb.20m.es\/sites\/51\/2016\/01\/16-01-15-hilo.jpg?resize=433%2C238\" alt=\"\" width=\"433\" height=\"238\" \/><\/p>\n<p align=\"justify\">Recordeu aquells discos de vinil que, quan es ratllaven, repetien una i mil vegades el mateix? Diuen que, quan semblava que se n\u2019havien anat definitivament, ara tornen i que hi ha un mercat a l\u2019al\u00e7a d\u2019aquest producte <em>vintage<\/em> . No s\u00e9 si \u00e9s una moda passatgera i si nom\u00e9s persistir\u00e0 entre una minoria de col\u00b7leccionistes nost\u00e0lgics. La tecnologia avan\u00e7a tant i tan de pressa que em sembla que ning\u00fa sap ben b\u00e9 cap on anirem a parar en aquests camps. Sigui com sigui, no vull parlar pas avui dels discos de vinil sin\u00f3 d\u2019aquells pol\u00edtics que sempre repeteixen el mateix. Alguns s\u00f3n com un disc ratllat i fa temps que els podem escoltar massa sovint, sobretot quan parlen als parlaments. Per sort no tots s\u00f3n aix\u00ed. A mi m\u2019agraden els pol\u00edtics que tenen alguna cosa interessant per dir i que saben com dir-la, encara que no siguin de la meva corda. La majoria s\u00f3n repetitius, avorrits, no ens diuen res de nou i s\u2019acontenten a repetir all\u00f2 que el cap de files els diu que han de dir. Abans que obrin la boca ja sabem que ens diran. Aquesta mena de pol\u00edtics no m\u2019interessen gens ni mica.<\/p>\n<p align=\"justify\">Un dels defectes que trobo en molts pol\u00edtics \u00e9s que viuen en una esp\u00e8cie de torra d\u2019ivori, en un m\u00f3n artificial \u2013ara en dir\u00edem virtual, potser-, lluny del carrer i dels problemes de la gent i m\u00e9s interessats en tenir un lloc destacat dins del partit i si pot ser un c\u00e0rrec ben remunerat, encara molt millor. El m\u00f3n pol\u00edtic \u00e9s com una esp\u00e8cie de microclima que fa que hi creixen persones una mica estranyes, m\u00e9s dedicades moltes vegades a pensar en ells mateixos que no pas en el b\u00e9 del pa\u00eds al qual haurien de servir. Una bona prova en s\u00f3n els infinits cassos de corrupci\u00f3 que sorgeixen en tots els partits que toquen poder d\u2019una manera o altra. Alguns se n\u2019adonen i miren de sortir d\u2019aquesta esp\u00e8cie de teranyina que els engabia sense adonar-se\u2019n i surten al carrer a escoltar la gent. Una de les virtuts que hauria de tenir tot pol\u00edtic \u00e9s la de saber escoltar i no nom\u00e9s escoltar els cercles redu\u00efts que els envolten, sino a tothom. Tamb\u00e9 a la gent que no pensa com ells. \u00c9s interessant escoltar la gent dels altres partits. I tant interessant com escoltar \u00e9s saber parlar i saber arribar. Avui dia, quan hi han mil maneres diferents de comunicar i mil mitjans per a fer-ho, cal aprendre a fer-ho b\u00e9. Veig que molts pol\u00edtics ho estan aprofitant molt b\u00e9: tenen Twitter, Facebook i un munt de coses m\u00e9s. Per\u00f2 tamb\u00e9 s\u2019ha de saber fer-ho servir b\u00e9 perqu\u00e8, si no, es tornen a convertir en discos ratllats que la gent no escolta. Discos ratllats m\u00e9s moderns, per\u00f2 ratllats a fi de comptes.<\/p>\n<p align=\"justify\">Escoltar, parlar i comunicar b\u00e9. Heus ac\u00ed tres virtuts que jo considero b\u00e0siques per un pol\u00edtic. I ja se sap que per comunicar b\u00e9, hom s\u2019ha de creure el que comunica sense fingiments i interpretacions buides. He seguit poc aquests dos dies de debats d\u2019investidura i, per tant, tampoc m\u2019atreveixo a fer cap judici fonamentat. Per\u00f2 els trossos que he escoltat \u2013sobretot en els l\u00edders dels dos grans partits espanyols- m\u2019han semblat discos ratllats. No han fet m\u00e9s que repetir coses que ja estem farts d\u2019escoltar. I els que ells mateixos es diuen representants d\u2019una nova pol\u00edtica no han fet res m\u00e9s que despotricar, malparlar i dir f\u00e0stics dels dem\u00e9s i derruir, derruir sense cap proposta ferma de voler construir res amb cap i peus. Em sembla que haurien d\u2019assajar una altra mena de discurs i intentar fer una altra mena de pol\u00edtica. Si no, malament rai!<\/p>\n","protected":false},"excerpt":{"rendered":"<p>Recordeu aquells discos de vinil que, quan es ratllaven, repetien una i mil vegades el mateix? Diuen que, quan semblava que se n\u2019havien anat definitivament, ara tornen i que hi ha un mercat a l\u2019al\u00e7a d\u2019aquest producte vintage . No s\u00e9 si \u00e9s una moda passatgera i si nom\u00e9s persistir\u00e0 entre una minoria de col\u00b7leccionistes [&hellip;]<\/p>\n","protected":false},"author":214,"featured_media":0,"comment_status":"open","ping_status":"open","sticky":false,"template":"","format":"standard","meta":{"_jetpack_memberships_contains_paid_content":false,"footnotes":"","jetpack_publicize_message":"","jetpack_publicize_feature_enabled":true,"jetpack_social_post_already_shared":false,"jetpack_social_options":{"image_generator_settings":{"template":"highway","default_image_id":0,"font":"","enabled":false},"version":2}},"categories":[172],"tags":[31828],"class_list":["post-5630","post","type-post","status-publish","format-standard","hentry","category-politica","tag-politica"],"jetpack_publicize_connections":[],"jetpack_featured_media_url":"","jetpack_shortlink":"https:\/\/wp.me\/pagkjs-1sO","jetpack-related-posts":[],"jetpack_sharing_enabled":true,"_links":{"self":[{"href":"https:\/\/blogs.avui.cat\/jaumepubill\/wp-json\/wp\/v2\/posts\/5630","targetHints":{"allow":["GET"]}}],"collection":[{"href":"https:\/\/blogs.avui.cat\/jaumepubill\/wp-json\/wp\/v2\/posts"}],"about":[{"href":"https:\/\/blogs.avui.cat\/jaumepubill\/wp-json\/wp\/v2\/types\/post"}],"author":[{"embeddable":true,"href":"https:\/\/blogs.avui.cat\/jaumepubill\/wp-json\/wp\/v2\/users\/214"}],"replies":[{"embeddable":true,"href":"https:\/\/blogs.avui.cat\/jaumepubill\/wp-json\/wp\/v2\/comments?post=5630"}],"version-history":[{"count":1,"href":"https:\/\/blogs.avui.cat\/jaumepubill\/wp-json\/wp\/v2\/posts\/5630\/revisions"}],"predecessor-version":[{"id":5631,"href":"https:\/\/blogs.avui.cat\/jaumepubill\/wp-json\/wp\/v2\/posts\/5630\/revisions\/5631"}],"wp:attachment":[{"href":"https:\/\/blogs.avui.cat\/jaumepubill\/wp-json\/wp\/v2\/media?parent=5630"}],"wp:term":[{"taxonomy":"category","embeddable":true,"href":"https:\/\/blogs.avui.cat\/jaumepubill\/wp-json\/wp\/v2\/categories?post=5630"},{"taxonomy":"post_tag","embeddable":true,"href":"https:\/\/blogs.avui.cat\/jaumepubill\/wp-json\/wp\/v2\/tags?post=5630"}],"curies":[{"name":"wp","href":"https:\/\/api.w.org\/{rel}","templated":true}]}}