{"id":5600,"date":"2016-02-04T23:31:36","date_gmt":"2016-02-04T22:31:36","guid":{"rendered":"http:\/\/blogs.avui.cat\/jaumepubill\/?p=5600"},"modified":"2016-02-04T23:32:23","modified_gmt":"2016-02-04T22:32:23","slug":"qui-es-mereixedor-de-menyspreu","status":"publish","type":"post","link":"https:\/\/blogs.avui.cat\/jaumepubill\/2016\/02\/04\/qui-es-mereixedor-de-menyspreu\/","title":{"rendered":"Qui \u00e9s mereixedor de menyspreu?"},"content":{"rendered":"<p align=\"justify\"><img data-recalc-dims=\"1\" loading=\"lazy\" decoding=\"async\" class=\"alignnone\" src=\"https:\/\/i0.wp.com\/www.elplural.com\/wp-content\/uploads\/2015\/04\/0F1F-275D-TercerGobiernoVII20022.jpg?resize=365%2C243\" alt=\"\" width=\"365\" height=\"243\" \/><\/p>\n<p align=\"justify\"><em>11 dels 14 ministres d\u2019Aznar estan imputats, van cobrar sobresous o han hagut de dormir alguns dies a la pres\u00f3.<\/em><\/p>\n<p align=\"center\"><em>&#8212;&#8212;&#8212;&#8212;&#8212;&#8212;&#8212;&#8212;&#8212;&#8212;&#8212;&#8212;&#8212;&#8212;&#8212;&#8212;&#8212;&#8212;&#8212;&#8212;&#8212;&#8212;-<\/em><\/p>\n<p align=\"justify\">Un dels articles m\u00e9s durs, m\u00e9s directes, m\u00e9s indignats i m\u00e9s inflamats<strong> contra Rajoy i contra el PP<\/strong> que he llegir darrerament l\u2019ha escrit avui el professor<strong> Ram\u00f3n Cotarelo<\/strong>. Us deixo l\u2019enlla\u00e7 per si voleu anar al seu blog per poder-lo llegir: <a href=\"http:\/\/cotarelo.blogspot.com.es\/2016\/02\/desde-mi-mas-profundo-desprecio.html\"><strong>DESDE MI MAS PROFUNDO DESPRECIO<\/strong><\/a><\/p>\n<p align=\"justify\">Del professor Cotarelo ja n\u2019he parlat altres vegades. L\u2019acostumo a llegir perqu\u00e8 considero que \u00e9s dels analistes pol\u00edtics m\u00e9s clarividents que hi ha i crec que fa uns comentaris sobre l\u2019actualitat pol\u00edtica prou ajustats perqu\u00e8 ens l\u2019escoltem. I sobre el que passa a Catalunya \u00e9s dels qui millor ho entenen enll\u00e0 de l\u2019 Ebre. En el seu article d\u2019avui parla del menyspreu que li mereix aquesta gent del PP i ho fa des de la justa indignaci\u00f3. I amb ra\u00f3, perqu\u00e8 jo estic tamb\u00e9 d\u2019acord amb ell en qu\u00e8 darrerament hem tingut una colla de governants indignes, mira\u2019ls per on els miris.<\/p>\n<p align=\"justify\">Per a mi \u00e9s mereixedor de menyspreu aquell que fa les coses malament essent-ne conscient.\u00a0 I aquest principi val tant per un dentista, per un pol\u00edtic, per un professor, per un bisbe o per un pag\u00e8s. Val per tots i per totes les professions. En altres temps m\u00e9s llunyans hi havia com una esp\u00e8cie de codi d\u2019honor personal per fer les coses b\u00e9 i es valorava la professionalitat, la paraula donada, les coses ben fetes, alguns valors socials i personals que sembla que darrerament s\u2019han anat perdent. Parlant de pol\u00edtica, concretament, d\u00f3na la impressi\u00f3 que els principis fundacionals dels partits i els principis morals personals s\u2019haguessin anat quedant pel cam\u00ed i alguns partits resulten ja irrecognoscibles. Ser \u00edntegre sembla que ja no cal per a ser pol\u00edtic i sembla que m\u00e9s aviat s\u2019ha de ser tot el contrari si es vol subsistir en aquest m\u00f3n for\u00e7a obscur, ple de paranys i de sucoses temptacions. Aquells anys de vaques grasses estava ben vist fer negocis t\u00e8rbols i operacions arriscades \u2013per dir-ho d\u2019alguna manera- i al l\u00edmit de la llei. I si alguna vegada es podia fer servir la llei de l\u2019embut per portar l\u2019aigua al propi mol\u00ed i es trepitjava aquella subtil l\u00ednia vermella entre legal\u00b7litat i il\u00b7legalitat, no passava res. Tothom ho sabia i tothom callava per all\u00f2 de que \u2018<em>tots ho fan\u2019<\/em> i hi havia diners per a tot i per a tots. Si desapareixia algun bitllet del munt ning\u00fa ho notaria\u2026 Per\u00f2 va arribar la crisi i les coses anaven seguint igual perqu\u00e8 els vicis costa molt de canviar-los.<\/p>\n<p align=\"justify\">\u00c9s cert que tots podr\u00edem trobar en la nostra mem\u00f2ria accions personals o de grup que potser en cert moment de la nostra vida eren ben vistes o tolerades i que ara ens repugnarien i no les far\u00edem de cap de les maneres. En consci\u00e8ncia social crec que s\u2019ha avan\u00e7at for\u00e7a i la societat cada cop accepta menys les desigualtats, certs privilegis i certes posicions heretades de naixement. S\u00ed, em refereixo a aix\u00f2 de la Corona que encara ens toca arrossegar\u2026 Tamb\u00e9 la societat acceptar\u00e0 cada vegada menys l\u2019actual forma de fer pol\u00edtica. Les coses canviaran encara que aquestes marmotes que tenim no vulguin fer-ho. Si no ho fan de grat, ho hauran de fer per for\u00e7a, tot i que uns resultats del bar\u00f2metre del CIS que han sortit avui mateix sobre la intenci\u00f3 de vot fan posar els p\u00e8ls de punta. Sembla mentida que la gent no s\u2019adoni del que est\u00e0 passant!<\/p>\n<p align=\"justify\">Fa temps que es veu venir que aquest estat de coses i aquestes maneres de fer han d\u2019acabar malament i no cal ser profeta per endevinar-ho. A la sortida final de les clavegueres es veu sortir la merda, encara que la portin mar endins perqu\u00e8 no en vagi massa. Resulta que ning\u00fa s\u2019havia adonat de res, ning\u00fa sabia res i encara ara \u2013quan tenen un peu i mig a la pres\u00f3-\u00a0 tenen la barra de negar l\u2019evid\u00e8ncia. Per aix\u00f2 mateix, aquesta gent que ara haur\u00e0 de passar pel jutjat -i m\u00e9s d\u2019un per la pres\u00f3- i que encara s\u00f3n capa\u00e7os de negar les coses m\u00e9s evidents \u00e9s que necess\u00e0riament han de ser objecte de menyspreu. Per aix\u00f2 el professor Cotarelo diu el que diu\u00a0 i t\u00e9 m\u00e9s ra\u00f3 que un sant, tot i que ell no hi cregui massa\u2026<\/p>\n","protected":false},"excerpt":{"rendered":"<p>11 dels 14 ministres d\u2019Aznar estan imputats, van cobrar sobresous o han hagut de dormir alguns dies a la pres\u00f3. &#8212;&#8212;&#8212;&#8212;&#8212;&#8212;&#8212;&#8212;&#8212;&#8212;&#8212;&#8212;&#8212;&#8212;&#8212;&#8212;&#8212;&#8212;&#8212;&#8212;&#8212;&#8212;- Un dels articles m\u00e9s durs, m\u00e9s directes, m\u00e9s indignats i m\u00e9s inflamats contra Rajoy i contra el PP que he llegir darrerament l\u2019ha escrit avui el professor Ram\u00f3n Cotarelo. Us deixo l\u2019enlla\u00e7 per si [&hellip;]<\/p>\n","protected":false},"author":214,"featured_media":0,"comment_status":"open","ping_status":"open","sticky":false,"template":"","format":"standard","meta":{"_jetpack_memberships_contains_paid_content":false,"footnotes":"","jetpack_publicize_message":"","jetpack_publicize_feature_enabled":true,"jetpack_social_post_already_shared":false,"jetpack_social_options":{"image_generator_settings":{"template":"highway","default_image_id":0,"font":"","enabled":false},"version":2}},"categories":[5126,172],"tags":[1977,31828],"class_list":["post-5600","post","type-post","status-publish","format-standard","hentry","category-corrupcio-etica-i-moral-filosofia","category-politica","tag-corrupcio","tag-politica"],"jetpack_publicize_connections":[],"jetpack_featured_media_url":"","jetpack_shortlink":"https:\/\/wp.me\/pagkjs-1sk","jetpack-related-posts":[],"jetpack_sharing_enabled":true,"_links":{"self":[{"href":"https:\/\/blogs.avui.cat\/jaumepubill\/wp-json\/wp\/v2\/posts\/5600","targetHints":{"allow":["GET"]}}],"collection":[{"href":"https:\/\/blogs.avui.cat\/jaumepubill\/wp-json\/wp\/v2\/posts"}],"about":[{"href":"https:\/\/blogs.avui.cat\/jaumepubill\/wp-json\/wp\/v2\/types\/post"}],"author":[{"embeddable":true,"href":"https:\/\/blogs.avui.cat\/jaumepubill\/wp-json\/wp\/v2\/users\/214"}],"replies":[{"embeddable":true,"href":"https:\/\/blogs.avui.cat\/jaumepubill\/wp-json\/wp\/v2\/comments?post=5600"}],"version-history":[{"count":2,"href":"https:\/\/blogs.avui.cat\/jaumepubill\/wp-json\/wp\/v2\/posts\/5600\/revisions"}],"predecessor-version":[{"id":5602,"href":"https:\/\/blogs.avui.cat\/jaumepubill\/wp-json\/wp\/v2\/posts\/5600\/revisions\/5602"}],"wp:attachment":[{"href":"https:\/\/blogs.avui.cat\/jaumepubill\/wp-json\/wp\/v2\/media?parent=5600"}],"wp:term":[{"taxonomy":"category","embeddable":true,"href":"https:\/\/blogs.avui.cat\/jaumepubill\/wp-json\/wp\/v2\/categories?post=5600"},{"taxonomy":"post_tag","embeddable":true,"href":"https:\/\/blogs.avui.cat\/jaumepubill\/wp-json\/wp\/v2\/tags?post=5600"}],"curies":[{"name":"wp","href":"https:\/\/api.w.org\/{rel}","templated":true}]}}