{"id":558,"date":"2009-11-03T22:03:16","date_gmt":"2009-11-03T20:03:16","guid":{"rendered":"http:\/\/blogs.avui.cat\/jaumepubill\/2009\/11\/03\/elogi-dels-diners\/"},"modified":"2009-11-03T22:03:16","modified_gmt":"2009-11-03T20:03:16","slug":"elogi-dels-diners","status":"publish","type":"post","link":"https:\/\/blogs.avui.cat\/jaumepubill\/2009\/11\/03\/elogi-dels-diners\/","title":{"rendered":"Elogi dels diners."},"content":{"rendered":"<p><b><img decoding=\"async\" src=\"http:\/\/t3.gstatic.com\/images?q=tbn:O1MXrhk1DqE6aM:http:\/\/bp2.blogger.com\/_Ccmi3SCYWW8\/R_-4x2WyIpI\/AAAAAAAAAIk\/-18hqvK9FFU\/s400\/Anselm+Turmeda.jpg\" \/> Anselm Turmeda (1352-1425) <\/b>Nascut a Ciutat de Mallorca el 1352, estudi\u00e0 L\u00f2gica, Gram\u00e0tica, F\u00edsica, i Astronomia a Mallorca, Lleida, Par\u00eds i Bolonya. A la ciutat italiana entra en contacte amb grups averroistes que el fan dubtar dels preceptes cristians en un primer moment, dubte que posteriorment el portar\u00e0 a la seua conversi\u00f3 a l&#8217;Islam el 1385, any en qu\u00e8 marxa a Tun\u00edsia com a protegit del Sold\u00e0 i amb el nom d&#8217;Abd Allah al-Targuman al-Mayurqi. Des d&#8217;aleshores, i fins la seua mort, ocupa el c\u00e0rrec de cap de duanes de Tunis pel seu coneixement de lleng\u00fces cristianes i tamb\u00e9 de l\u2019\u00e0rab.<\/p>\n<p>&#160;<\/p>\n<p><b><\/b><\/p>\n<p align=\"center\"><b><font size=\"4\">Elogi dels diners<\/font><\/b><\/p>\n<p align=\"center\">&#160;<\/p>\n<p align=\"center\">Diners de tort fan veritat,   <br \/>e de jutge fan advocat;    <br \/>savi fan tornar l&#8217;hom orat,    <br \/>pus que d&#8217;ells haja.    <br \/>Diners fan b\u00e9, diners fan mal,    <br \/>diners fan l&#8217;home infernal    <br \/>e fan-lo sant celestial,    <br \/>segons que els usa.    <br \/>Diners fan bregues e remors,    <br \/>e vituperis e honors,    <br \/>e fan cantar pre\u00efcadors:    <br \/>Beati quorum.    <br \/>Diners alegren los infants    <br \/>e fan cantar los capellans    <br \/>e los frares carmelitans    <br \/>a les grans festes.    <br \/>Diners, magres fan tornar gords,    <br \/>e tornen lledesmes los bords.    <br \/>Si dir\u00e0s &quot;jas&quot; a h\u00f2mens sords,    <br \/>tantost se giren.    <br \/>Diners tornen los malalts sans;    <br \/>moros, jueus e crestians,    <br \/>lleixant a D\u00e9u e tots los sants,    <br \/>diners adoren.    <br \/>Diners fan vui al m\u00f3n lo joc,    <br \/>e fan honor a molt badoc;    <br \/>a qui diu &quot;no&quot; fan-li dir &quot;hoc&quot;.    <br \/>Vejats miracle!    <br \/>Diners, doncs, vulles aplegar.    <br \/>Si els pots haver no els lleixs anar;    <br \/>si molts n&#8217;haur\u00e0s por\u00e0s tornar    <br \/>papa de Roma.<\/p>\n<p align=\"left\">&#8212;&#8212;&#8212;&#8212;&#8212;&#8212;&#8212;&#8212;&#8212;&#8212;&#8212;&#8212;&#8212;&#8212;&#8212;&#8212;&#8212;&#8212;&#8212;&#8212;&#8212;&#8212;&#8212;&#8212;&#8212;&#8212;&#8212;&#8212;&#8212;&#8212;-<\/p>\n<p align=\"left\">Un text molt adequat per tal que hi pensem una mica en aquest dies en que no es parla m\u00e9s que de corrupci\u00f3. Es veu que la cosa ja ve de lluny!<\/p>\n<div>Etiquetes de Technorati: <a href=\"http:\/\/technorati.com\/tags\/Corrupci%c3%b3\" rel=\"tag\">Corrupci&#243;<\/a>,<a href=\"http:\/\/technorati.com\/tags\/Poesia\" rel=\"tag\">Poesia<\/a><\/div>\n","protected":false},"excerpt":{"rendered":"<p>Anselm Turmeda (1352-1425) Nascut a Ciutat de Mallorca el 1352, estudi\u00e0 L\u00f2gica, Gram\u00e0tica, F\u00edsica, i Astronomia a Mallorca, Lleida, Par\u00eds i Bolonya. A la ciutat italiana entra en contacte amb grups averroistes que el fan dubtar dels preceptes cristians en un primer moment, dubte que posteriorment el portar\u00e0 a la seua conversi\u00f3 a l&#8217;Islam el [&hellip;]<\/p>\n","protected":false},"author":214,"featured_media":0,"comment_status":"open","ping_status":"open","sticky":false,"template":"","format":"standard","meta":{"_jetpack_memberships_contains_paid_content":false,"footnotes":"","jetpack_publicize_message":"","jetpack_publicize_feature_enabled":true,"jetpack_social_post_already_shared":false,"jetpack_social_options":{"image_generator_settings":{"template":"highway","default_image_id":0,"font":"","enabled":false},"version":2}},"categories":[5126,145],"tags":[],"class_list":["post-558","post","type-post","status-publish","format-standard","hentry","category-corrupcio-etica-i-moral-filosofia","category-poesia"],"jetpack_publicize_connections":[],"jetpack_featured_media_url":"","jetpack_shortlink":"https:\/\/wp.me\/pagkjs-90","jetpack-related-posts":[],"jetpack_sharing_enabled":true,"_links":{"self":[{"href":"https:\/\/blogs.avui.cat\/jaumepubill\/wp-json\/wp\/v2\/posts\/558","targetHints":{"allow":["GET"]}}],"collection":[{"href":"https:\/\/blogs.avui.cat\/jaumepubill\/wp-json\/wp\/v2\/posts"}],"about":[{"href":"https:\/\/blogs.avui.cat\/jaumepubill\/wp-json\/wp\/v2\/types\/post"}],"author":[{"embeddable":true,"href":"https:\/\/blogs.avui.cat\/jaumepubill\/wp-json\/wp\/v2\/users\/214"}],"replies":[{"embeddable":true,"href":"https:\/\/blogs.avui.cat\/jaumepubill\/wp-json\/wp\/v2\/comments?post=558"}],"version-history":[{"count":0,"href":"https:\/\/blogs.avui.cat\/jaumepubill\/wp-json\/wp\/v2\/posts\/558\/revisions"}],"wp:attachment":[{"href":"https:\/\/blogs.avui.cat\/jaumepubill\/wp-json\/wp\/v2\/media?parent=558"}],"wp:term":[{"taxonomy":"category","embeddable":true,"href":"https:\/\/blogs.avui.cat\/jaumepubill\/wp-json\/wp\/v2\/categories?post=558"},{"taxonomy":"post_tag","embeddable":true,"href":"https:\/\/blogs.avui.cat\/jaumepubill\/wp-json\/wp\/v2\/tags?post=558"}],"curies":[{"name":"wp","href":"https:\/\/api.w.org\/{rel}","templated":true}]}}