{"id":556,"date":"2009-11-01T12:06:32","date_gmt":"2009-11-01T11:06:32","guid":{"rendered":"http:\/\/blogs.avui.cat\/jaumepubill\/2009\/11\/01\/tots-sants-o-halloween\/"},"modified":"2012-01-02T17:44:07","modified_gmt":"2012-01-02T16:44:07","slug":"tots-sants-o-halloween","status":"publish","type":"post","link":"https:\/\/blogs.avui.cat\/jaumepubill\/2009\/11\/01\/tots-sants-o-halloween\/","title":{"rendered":"Tots Sants o Halloween?"},"content":{"rendered":"<p><img decoding=\"async\" src=\"http:\/\/t0.gstatic.com\/images?q=tbn:ogAQTI_7MVgN7M:http:\/\/fondosdisney.com.es\/images\/wallpapers\/halloween-195418.jpeg\" \/> La poca cultura que la nostra societat t\u00e9 sobre les pr\u00f2pies coses cada dia s&#8217;empobrir\u00e0 m\u00e9s si fem la substituci\u00f3 sistem\u00e0tica de les pr\u00f2pies tradicions per les de forasteres. A tots ens fa falta una bona dosi de cultura tradicional, sobretot perqu\u00e8 durant molts anys les escoles franquistes havien imposat una certa cultura en detriment d&#8217;altres. Poc hav\u00edem pogut escoltar a les escoles les explicacions que un nen petit ha d&#8217;aprendre de les diverses tradicions del poble catal\u00e0!.&#160; Estaven prou ben prohibides! I ai d&#8217;aquell mestre que se salt\u00e9s la norma! El poc que sabem ho vam haver d&#8217;aprendre a casa, en un ambient familiar on encara era molt important la cultura oral, gr\u00e0cies a que no hi havia televisi\u00f3.<\/p>\n<p>Ara tot ha canviat. Ara s&#8217;ha posat de moda la festa aquesta, tan estranya per a nosaltres, del Halloween, en contrast amb la nostra tradici\u00f3 de Tots Sants i Dia dels Difunts. El mot <b>Halloween<\/b> fa refer\u00e8ncia a la festivitat tradicional heretada de les celebracions d&#8217;origen <a href=\"http:\/\/ca.wikipedia.org\/wiki\/Celta\">celta<\/a>, que tan r\u00e0pidament s&#8217;han est\u00e8s per tot el m\u00f3n i, en especial, pels pa\u00efsos hispanoparlants. (<a href=\"http:\/\/ca.wikipedia.org\/wiki\/Halloween\">http:\/\/ca.wikipedia.org\/wiki\/Halloween<\/a>)<\/p>\n<p>Substituir una tradici\u00f3 pr\u00f2pia per una d&#8217;estranya no t\u00e9 cap sentit i encara el t\u00e9 menys si aix\u00f2 serveix per empobrir. Ja som prou pobres perqu\u00e8 ens hagin d&#8217;arrabassar el poc que ens queda.<\/p>\n<p>Aviat ja no farem vacances de Nadal i Setmana Santa. Ara seran vacances d&#8217;hivern i de primavera. No farem cagar el ti\u00f3, per\u00f2 comen\u00e7arem a creure en bruixes i posarem llum dins d&#8217;una carbassa, ens disfressarem i anirem passejant amunt i avall pels nostres carrers sense saber qu\u00e8 fem, ni qu\u00e8 vol dir el que fem.<\/p>\n<p>I, entretant, els nostres infants perdran la llengua per no poder veure pel\u00b7l\u00edcules en catal\u00e0, ja que les sales de cinema les passes en castell\u00e0 majorit\u00e0riament. I, empobrits del tot, anirem a menjar les engrunes que cauran de la taula de la cultura ianqui, que ens la servir\u00e0 amb safates de plata i ens la portar\u00e0 a casa per dos rals!<\/p>\n<p>&#160;<\/p>\n<div>Etiquetes de Technorati: <a href=\"http:\/\/technorati.com\/tags\/Cultura\" rel=\"tag\">Cultura<\/a>,<a href=\"http:\/\/technorati.com\/tags\/tradicions\" rel=\"tag\">tradicions<\/a>,<a href=\"http:\/\/technorati.com\/tags\/costums\" rel=\"tag\">costums<\/a>,<a href=\"http:\/\/technorati.com\/tags\/escola\" rel=\"tag\">escola<\/a>,<a href=\"http:\/\/technorati.com\/tags\/Catalunya\" rel=\"tag\">Catalunya<\/a><\/div>\n","protected":false},"excerpt":{"rendered":"<p>La poca cultura que la nostra societat t\u00e9 sobre les pr\u00f2pies coses cada dia s&#8217;empobrir\u00e0 m\u00e9s si fem la substituci\u00f3 sistem\u00e0tica de les pr\u00f2pies tradicions per les de forasteres. A tots ens fa falta una bona dosi de cultura tradicional, sobretot perqu\u00e8 durant molts anys les escoles franquistes havien imposat una certa cultura en detriment [&hellip;]<\/p>\n","protected":false},"author":1,"featured_media":0,"comment_status":"open","ping_status":"open","sticky":false,"template":"","format":"standard","meta":{"_jetpack_memberships_contains_paid_content":false,"footnotes":"","jetpack_publicize_message":"","jetpack_publicize_feature_enabled":true,"jetpack_social_post_already_shared":false,"jetpack_social_options":{"image_generator_settings":{"template":"highway","default_image_id":0,"font":"","enabled":false},"version":2}},"categories":[877,1711,189,807],"tags":[],"class_list":["post-556","post","type-post","status-publish","format-standard","hentry","category-catalunya","category-costums","category-cultura","category-escola"],"jetpack_publicize_connections":[],"jetpack_featured_media_url":"","jetpack_shortlink":"https:\/\/wp.me\/pagkjs-8Y","jetpack-related-posts":[],"jetpack_sharing_enabled":true,"_links":{"self":[{"href":"https:\/\/blogs.avui.cat\/jaumepubill\/wp-json\/wp\/v2\/posts\/556","targetHints":{"allow":["GET"]}}],"collection":[{"href":"https:\/\/blogs.avui.cat\/jaumepubill\/wp-json\/wp\/v2\/posts"}],"about":[{"href":"https:\/\/blogs.avui.cat\/jaumepubill\/wp-json\/wp\/v2\/types\/post"}],"author":[{"embeddable":true,"href":"https:\/\/blogs.avui.cat\/jaumepubill\/wp-json\/wp\/v2\/users\/1"}],"replies":[{"embeddable":true,"href":"https:\/\/blogs.avui.cat\/jaumepubill\/wp-json\/wp\/v2\/comments?post=556"}],"version-history":[{"count":2,"href":"https:\/\/blogs.avui.cat\/jaumepubill\/wp-json\/wp\/v2\/posts\/556\/revisions"}],"predecessor-version":[{"id":3371,"href":"https:\/\/blogs.avui.cat\/jaumepubill\/wp-json\/wp\/v2\/posts\/556\/revisions\/3371"}],"wp:attachment":[{"href":"https:\/\/blogs.avui.cat\/jaumepubill\/wp-json\/wp\/v2\/media?parent=556"}],"wp:term":[{"taxonomy":"category","embeddable":true,"href":"https:\/\/blogs.avui.cat\/jaumepubill\/wp-json\/wp\/v2\/categories?post=556"},{"taxonomy":"post_tag","embeddable":true,"href":"https:\/\/blogs.avui.cat\/jaumepubill\/wp-json\/wp\/v2\/tags?post=556"}],"curies":[{"name":"wp","href":"https:\/\/api.w.org\/{rel}","templated":true}]}}