{"id":5533,"date":"2015-12-13T18:02:00","date_gmt":"2015-12-13T17:02:00","guid":{"rendered":"http:\/\/blogs.avui.cat\/jaumepubill\/?p=5533"},"modified":"2015-12-13T18:03:53","modified_gmt":"2015-12-13T17:03:53","slug":"el-bribon-de-juan-carlos-i","status":"publish","type":"post","link":"https:\/\/blogs.avui.cat\/jaumepubill\/2015\/12\/13\/el-bribon-de-juan-carlos-i\/","title":{"rendered":"El Brib\u00f3n de Juan Carlos I"},"content":{"rendered":"<p><img loading=\"lazy\" decoding=\"async\" class=\"alignleft\" src=\"http:\/\/www.aragirona.cat\/imgMini\/580\/580\/13171\" alt=\"\" width=\"251\" height=\"141\" align=\"left\" \/><\/p>\n<div id=\"wrapper\" class=\"hfeed\">\n<div id=\"main\">\n<div id=\"container\">\n<div id=\"content\">\n<div id=\"post-6162\" class=\"post-6162 post type-post status-publish format-standard hentry category-ecologia category-esglesia tag-ecologia tag-esglesia tag-papa-francesc\">\n<div class=\"entry-content\">\n<div id=\"be6742ea-209a-4e2b-a2af-8b863d73ee4a\" class=\"postBody\" style=\"margin: 4px 0px 0px;border-width: 0px;padding: 0px\">\n<p align=\"justify\">Hi ha un acudit que diu: \u201c<em>Amor meu,<strong> tinc dues noticies, una bona i una altra de dolenta<\/strong>: he deixat les drogues, per\u00f2 no s\u00e9 on\u201d.<\/em> Avui podr\u00edem comen\u00e7ar tamb\u00e9 aquest apunt amb dues not\u00edcies que he llegit aquest dies als diaris. Una de bona i una altra de dolenta (aix\u00f2 de dolenta dep\u00e8n de com es miri, \u00e9s clar). Per\u00f2, com que per alguna hem de comen\u00e7ar, ho far\u00e9 per la bona\u2026<\/p>\n<p align=\"justify\">Llegia al diari <a href=\"http:\/\/www.aragirona.cat\/noticia\/2015\/12\/07\/el-prostibul-eclipse-de-mont-ras-passara-a-ser-un-geriatric\">AraGirona.cat<\/a> que el prost\u00edbul <em>&#8216;Eclipse&#8217;<\/em>, situat a peu de la carretera C-31 dins el terme municipal de Mont-ras (Baix Empord\u00e0), ha tancat les portes per convertir-se en una resid\u00e8ncia d&#8217;ancians. El local, que va iniciar activitat el 2003, es troba en aquests moments tancat i amb un cartell a l&#8217;exterior que anuncia s&#8217;hi estan portant a terme &#8220;vacances i reformes&#8221;.<\/p>\n<p align=\"justify\">Una <strong>bona not\u00edcia<\/strong>, des del meu punt de vista, tant m\u00e9s ara que cada dia hi ha m\u00e9s vells\u00a0 i m\u00e9s falta de resid\u00e8ncies. I en aquest cas fins i tot trobo que ni els caldria canviar el nom perqu\u00e8 el considero prou adequat per a una futura resid\u00e8ncia d\u2019ancians: la paraula e<em>clipsi<\/em> ve del grec <i>\u00e9kleipsis<\/i> &#8216;desaparici\u00f3&#8217;, derivat del verb <i>ekle\u00edp\u014d <\/i>&#8216;abandonar&#8217;, i aquest, de <i>le\u00edp\u014d<\/i> &#8216;deixar&#8217;. La gent que ens anem fent grans, imperceptible i irremeiablement, ens anem atansant a l\u2019eclipsi total per m\u00e9s que ho vulguem evitar (i dissimular) de la manera que sigui. Es veu que quan tinguin els corresponents permisos, aleshores comen\u00e7ar\u00e0 la tramitaci\u00f3 del canvi d&#8217;usos (no cal dir que molt millors) del local per a poder iniciar l&#8217;activitat de geri\u00e0tric i seguidament es comen\u00e7aran les obres. Una bona not\u00edcia, doncs.<\/p>\n<p align=\"justify\">I ara ve la <strong>not\u00edcia dolenta<\/strong>. Quan la llegiu potser pensareu que no ho \u00e9s tant, sobretot pel protagonista. Per\u00f2 jo crec que s\u00ed que ho \u00e9s i que ho \u00e9s molt. Ja veureu\u2026 Resulta que l\u2019<em>enyorat<\/em>\u00a0 (per alguns i potser no tant per molts altres) rei Joan Carles I va complir el 2 de juny el seu primer any com a rei em\u00e8rit. <em>Mira, m\u00e9s o menys com jo, vaig pensar en llegir la not\u00edcia\u2026<\/em> El periodista Alberto Pinte\u00f1o ens explica a la revista <em>Vanity Fair<\/em> com \u00e9s la seva vida actual. Apassionat del mar, continua gaudint de les regates al costat dels seus amics, que li van regalar l&#8217;any passat un nou vaixell, el Brib\u00f3n XVI, un veler suec de 60.000 euros obra de l&#8217;arquitecte Gustaf Estlander. (Suposo que tots sabeu la definici\u00f3 que en fa de la paraula <em><strong>BRIB\u00d3N<\/strong>\u00a0<\/em> el Diccionario de la Real Academia Espa\u00f1ola: <strong>Brib\u00f3n, na:<\/strong>(<a>De<\/a> <i>briba<\/i>). <b>1.<\/b> adj. Harag\u00e1n, dado a la briba. <b>2.<\/b> adj. P\u00edcaro, bellaco) Trobo que el nom del vaixell no pot ser m\u00e9s ajustat a aquest personatge que, des que s\u2019ha jubilat, passa el 70 per cert del seu temps viatjant. Ha recorregut m\u00e9s de 55.000 quil\u00f2metres per Ar\u00e0bia Saudita, Estats Units, M\u00e8xic, Emirats \u00c0rabs, Bahames i el Marroc. El monarca continua rebent una assignaci\u00f3 anual de 187.356 euros, per\u00f2 la seva c\u00e0rrega de treball ha baixat for\u00e7a. Dels 200 actes de l&#8217;\u00e8poca com a rei ha passat a 24 audi\u00e8ncies, diversos viatges oficials i deu discursos. Les seves aparicions al costat de la reina Sofia han passat a comptar-se amb els dits de les mans: dos en actes oficials i en els funerals de la duquessa d&#8217;Alba, la reina Fabiola i el duc de Cal\u00e0bria.<\/p>\n<p align=\"justify\"><img data-recalc-dims=\"1\" loading=\"lazy\" decoding=\"async\" style=\"float: right;margin: 0px 0px 0px 5px\" src=\"https:\/\/i0.wp.com\/www.igualdadanimal.org\/sites\/default\/files\/images\/espana-toros-san-isidro-toros-san-isidro-15%24599x0.jpg?resize=326%2C245\" alt=\"\" width=\"326\" height=\"245\" align=\"right\" \/>Jo pensava que potser aquest geri\u00e0tric que pensen obrir al Baix Empord\u00e0 podria servir perqu\u00e8 aquest home s\u2019hi retir\u00e9s i deix\u00e9s tot l\u2019estr\u00e8s que segurament li deu produir tant moviment per aquests mons de D\u00e9u i que no s\u2019adiu gaire amb la vida d\u2019un jubilat de tanta edat.\u00a0 En aquests \u00faltims dotze mesos s&#8217;ha deixat veure a les curses de F\u00f3rmula 1 i Moto GP, partits de tennis, b\u00e0squet i futbol, i en &#8220;corrides&#8221; de toros al costat de la infanta Elena. La not\u00edcia acaba dient que una altra de les noves aficions \u00e9s la de menjar en tots els restaurants amb estrella Michelin del pa\u00eds, des del Celler de Ca Roca a l&#8217;Atri, passant per l&#8217;Arzak. La seva t\u00e0ctica es veu que \u00e9s la seg\u00fcent: Joan Carlos entra, saluda al xef i li diu: &#8220;Venim a donar-te suport i a recon\u00e8ixer, amb la nostra pres\u00e8ncia, el teu treball en defensa de l&#8217;alta cuina i de la Marca Espanya&#8221;. Una bona excusa per tal que el convidin i mengi de franc, no trobeu?<\/p>\n<p align=\"justify\">Tot plegat, com es pot comprovar, un excel\u00b7lent exemple el del rei per a tants i tant jubilats que no poden arribar a fi de mes amb les seves pensions de mis\u00e8ria i que el PP s\u2019ha encarregat d\u2019acabar-ne de buidar la caixa. Aquest <a href=\"http:\/\/www.libremercado.com\/2015-03-23\/la-hucha-de-las-pensiones-se-vacia-casi-un-40-bajo-el-gobierno-del-pp-1276543826\/\">FONDO DE RESERVA DE LA SEGURIDAD SOCIAL<\/a> els entesos diuen s\u2019ha buidat un 40% des de 2012 per compensar el d\u00e8ficit estructural que registra el sistema p\u00fablic de pensions. O sigui, que mentre uns jubilats s\u2019ho passen prou b\u00e9, a altres ens tocar\u00e0 patir per tal de que puguem cobrar alguna cosa.<\/p>\n<p align=\"justify\">Com per pensar-s\u2019ho una mica b\u00e9 ara que s\u2019acosten eleccions, no trobeu?\u2026<\/p>\n<\/div>\n<\/div>\n<\/div>\n<\/div>\n<\/div>\n<\/div>\n<\/div>\n","protected":false},"excerpt":{"rendered":"<p>Hi ha un acudit que diu: \u201cAmor meu, tinc dues noticies, una bona i una altra de dolenta: he deixat les drogues, per\u00f2 no s\u00e9 on\u201d. Avui podr\u00edem comen\u00e7ar tamb\u00e9 aquest apunt amb dues not\u00edcies que he llegit aquest dies als diaris. Una de bona i una altra de dolenta (aix\u00f2 de dolenta dep\u00e8n de [&hellip;]<\/p>\n","protected":false},"author":214,"featured_media":0,"comment_status":"open","ping_status":"closed","sticky":false,"template":"","format":"standard","meta":{"_jetpack_memberships_contains_paid_content":false,"footnotes":"","jetpack_publicize_message":"","jetpack_publicize_feature_enabled":true,"jetpack_social_post_already_shared":false,"jetpack_social_options":{"image_generator_settings":{"template":"highway","default_image_id":0,"font":"","enabled":false},"version":2}},"categories":[4089],"tags":[31922],"class_list":["post-5533","post","type-post","status-publish","format-standard","hentry","category-monarquia","tag-monarquia"],"jetpack_publicize_connections":[],"jetpack_featured_media_url":"","jetpack_shortlink":"https:\/\/wp.me\/pagkjs-1rf","jetpack-related-posts":[],"jetpack_sharing_enabled":true,"_links":{"self":[{"href":"https:\/\/blogs.avui.cat\/jaumepubill\/wp-json\/wp\/v2\/posts\/5533","targetHints":{"allow":["GET"]}}],"collection":[{"href":"https:\/\/blogs.avui.cat\/jaumepubill\/wp-json\/wp\/v2\/posts"}],"about":[{"href":"https:\/\/blogs.avui.cat\/jaumepubill\/wp-json\/wp\/v2\/types\/post"}],"author":[{"embeddable":true,"href":"https:\/\/blogs.avui.cat\/jaumepubill\/wp-json\/wp\/v2\/users\/214"}],"replies":[{"embeddable":true,"href":"https:\/\/blogs.avui.cat\/jaumepubill\/wp-json\/wp\/v2\/comments?post=5533"}],"version-history":[{"count":3,"href":"https:\/\/blogs.avui.cat\/jaumepubill\/wp-json\/wp\/v2\/posts\/5533\/revisions"}],"predecessor-version":[{"id":5536,"href":"https:\/\/blogs.avui.cat\/jaumepubill\/wp-json\/wp\/v2\/posts\/5533\/revisions\/5536"}],"wp:attachment":[{"href":"https:\/\/blogs.avui.cat\/jaumepubill\/wp-json\/wp\/v2\/media?parent=5533"}],"wp:term":[{"taxonomy":"category","embeddable":true,"href":"https:\/\/blogs.avui.cat\/jaumepubill\/wp-json\/wp\/v2\/categories?post=5533"},{"taxonomy":"post_tag","embeddable":true,"href":"https:\/\/blogs.avui.cat\/jaumepubill\/wp-json\/wp\/v2\/tags?post=5533"}],"curies":[{"name":"wp","href":"https:\/\/api.w.org\/{rel}","templated":true}]}}