{"id":550,"date":"2009-10-26T21:45:41","date_gmt":"2009-10-26T19:45:41","guid":{"rendered":"http:\/\/blogs.avui.cat\/jaumepubill\/2009\/10\/26\/aeroports\/"},"modified":"2009-10-26T21:45:41","modified_gmt":"2009-10-26T19:45:41","slug":"aeroports","status":"publish","type":"post","link":"https:\/\/blogs.avui.cat\/jaumepubill\/2009\/10\/26\/aeroports\/","title":{"rendered":"Aeroports."},"content":{"rendered":"<p><img decoding=\"async\" src=\"http:\/\/t1.gstatic.com\/images?q=tbn:026VNL0QveFHqM:http:\/\/ecranworld.free.fr\/transport\/fond\/avions_transport_017.jpg\" \/>Actualment les comunicacions s\u00f3n fonamentals. Moltes empreses s&#8217;estableixen en un lloc determinat, o en marxen, segons tinguin bona o mala comunicaci\u00f3. Em sembla que no li donem la import\u00e0ncia que t\u00e9 aquesta q\u00fcesti\u00f3, encara que cada dia hi han m\u00e9s experts que fan notar la import\u00e0ncia de les comunicacions en l&#8217;economia de qualsevol pa\u00eds.<\/p>\n<p>S&#8217;ha guanyat molt\u00edssim en els darrers anys, sobretot amb internet, el correu electr\u00f2nic i les noves tecnologies. Per\u00f2 falten millors carreteres, millor ferrocarril i, sobretot, bons aeroports. Els experts continuen dient que haur\u00edem de buidar m\u00e9s les carreteres de camions i emplenar m\u00e9s les vies de trens de mercaderies.<\/p>\n<p>I l&#8217;avi\u00f3. La import\u00e0ncia de l&#8217;avi\u00f3 cada dia ser\u00e0 m\u00e9s gran perqu\u00e8 el m\u00f3n s&#8217;ha fet petit i la gent cada vegada es mou m\u00e9s. I aqu\u00ed hi ha el problema. Si els aeroports que tenim ni tan sols els podem gestionar nosaltres, estem ben fregits. L&#8217;aeroport del Prat, gestionat per una AENA com l&#8217;actual, sempre ser\u00e0 una ventafocs i mai el deixaran ser gran i un aeroport de primer\u00edssima categoria.<\/p>\n<p>I despr\u00e9s tenim el problema dels petits aeroports, com el que estem a punt de posar en marxa a Lleida-Alguaire. La planificaci\u00f3 que en faci la Generalitat \u00e9s tan fonamental que en dep\u00e8n la vida o la mort. Pot ser un aeroport que doni vida a les terres de ponent catalanes i a una bona part de la franja d&#8217;Arag\u00f3 o pot ser un aeroport que es mori de f\u00e0stic. Les promeses s\u00f3n moltes i constants, per\u00f2 de moment les perspectives no s\u00f3n massa bones. Som molt a prop de la inauguraci\u00f3 i, de moment, les companyies disposades a operar-hi sembla que no s\u00f3n gaires i que no s&#8217;acaben de decidir. <\/p>\n<p>Penso que s&#8217;hi haurien de posar molts m\u00e9s esfor\u00e7os: tant al del Prat, per poder-lo gestionar des d&#8217;aqu\u00ed, com als de Lleida, Reus, Girona, La Seu d&#8217; Urgell i altres petits aer\u00f2droms que farien d&#8217;un pa\u00eds ben comunicat.<\/p>\n<p>Caldr\u00e0 veure com aniran les coses aquests pr\u00f2xims mesos i anys, per\u00f2 sembla que no acaben d&#8217;anar b\u00e9 del tot.&#160; <\/p>\n<\/p>\n<\/p>\n<div>Etiquetes de Technorati: <a href=\"http:\/\/technorati.com\/tags\/Comunicacions\" rel=\"tag\">Comunicacions<\/a>,<a href=\"http:\/\/technorati.com\/tags\/Aeroports\" rel=\"tag\">Aeroports<\/a>,<a href=\"http:\/\/technorati.com\/tags\/Avi%c3%b3\" rel=\"tag\">Avi&#243;<\/a><\/div>\n","protected":false},"excerpt":{"rendered":"<p>Actualment les comunicacions s\u00f3n fonamentals. Moltes empreses s&#8217;estableixen en un lloc determinat, o en marxen, segons tinguin bona o mala comunicaci\u00f3. Em sembla que no li donem la import\u00e0ncia que t\u00e9 aquesta q\u00fcesti\u00f3, encara que cada dia hi han m\u00e9s experts que fan notar la import\u00e0ncia de les comunicacions en l&#8217;economia de qualsevol pa\u00eds. S&#8217;ha [&hellip;]<\/p>\n","protected":false},"author":214,"featured_media":0,"comment_status":"open","ping_status":"open","sticky":false,"template":"","format":"standard","meta":{"_jetpack_memberships_contains_paid_content":false,"footnotes":"","jetpack_publicize_message":"","jetpack_publicize_feature_enabled":true,"jetpack_social_post_already_shared":false,"jetpack_social_options":{"image_generator_settings":{"template":"highway","default_image_id":0,"font":"","enabled":false},"version":2}},"categories":[5327,81],"tags":[],"class_list":["post-550","post","type-post","status-publish","format-standard","hentry","category-aeroports","category-mitjans-de-comunicacio"],"jetpack_publicize_connections":[],"jetpack_featured_media_url":"","jetpack_shortlink":"https:\/\/wp.me\/pagkjs-8S","jetpack-related-posts":[],"jetpack_sharing_enabled":true,"_links":{"self":[{"href":"https:\/\/blogs.avui.cat\/jaumepubill\/wp-json\/wp\/v2\/posts\/550","targetHints":{"allow":["GET"]}}],"collection":[{"href":"https:\/\/blogs.avui.cat\/jaumepubill\/wp-json\/wp\/v2\/posts"}],"about":[{"href":"https:\/\/blogs.avui.cat\/jaumepubill\/wp-json\/wp\/v2\/types\/post"}],"author":[{"embeddable":true,"href":"https:\/\/blogs.avui.cat\/jaumepubill\/wp-json\/wp\/v2\/users\/214"}],"replies":[{"embeddable":true,"href":"https:\/\/blogs.avui.cat\/jaumepubill\/wp-json\/wp\/v2\/comments?post=550"}],"version-history":[{"count":0,"href":"https:\/\/blogs.avui.cat\/jaumepubill\/wp-json\/wp\/v2\/posts\/550\/revisions"}],"wp:attachment":[{"href":"https:\/\/blogs.avui.cat\/jaumepubill\/wp-json\/wp\/v2\/media?parent=550"}],"wp:term":[{"taxonomy":"category","embeddable":true,"href":"https:\/\/blogs.avui.cat\/jaumepubill\/wp-json\/wp\/v2\/categories?post=550"},{"taxonomy":"post_tag","embeddable":true,"href":"https:\/\/blogs.avui.cat\/jaumepubill\/wp-json\/wp\/v2\/tags?post=550"}],"curies":[{"name":"wp","href":"https:\/\/api.w.org\/{rel}","templated":true}]}}