{"id":5490,"date":"2015-11-12T15:49:18","date_gmt":"2015-11-12T14:49:18","guid":{"rendered":"http:\/\/blogs.avui.cat\/jaumepubill\/?p=5490"},"modified":"2015-11-12T18:16:14","modified_gmt":"2015-11-12T17:16:14","slug":"llibertaris-lliberticidis-i-mal-educats","status":"publish","type":"post","link":"https:\/\/blogs.avui.cat\/jaumepubill\/2015\/11\/12\/llibertaris-lliberticidis-i-mal-educats\/","title":{"rendered":"Llibertaris, lliberticidis i mal\u00a0educats"},"content":{"rendered":"<div id=\"header\">\n<div id=\"masthead\">\n<div id=\"branding\"><img loading=\"lazy\" decoding=\"async\" class=\"alignleft\" src=\"https:\/\/i1.wp.com\/dades.grupnaciodigital.com\/redaccio\/arxius\/imatges\/201511\/576_144733296420151112030628.jpg\" alt=\"\" width=\"253\" height=\"165\" align=\"left\" \/><\/div>\n<\/div>\n<\/div>\n<div id=\"main\">\n<div id=\"container\">\n<div id=\"content\">\n<div id=\"post-6351\" class=\"post-6351 post type-post status-publish format-standard hentry category-politica tag-politica\">\n<div class=\"entry-content\">\n<p align=\"justify\">Aquest dies al Parlament de Catalunya hi veiem una mica de tot. Hi estem veient uns personatges \u2013ben pocs, nom\u00e9s 10- que diuen tenir un ideal llibertari. S\u00f3n els de la CUP. Els respecto, com miro de respectar tothom que es faci mereixedor de respecte. Els idearis anarco-llibertaris s\u00f3n tan respectables com qualsevol altre ideari, per\u00f2 no acabo d\u2019entendre\u2019ls ni compartir-los perqu\u00e8 em temo que massa sovint els falta tocar de peus a terra. Tot i aix\u00f2 segueixo respectant els seus punts de vista si, com fan, els exposen amb respecte i educaci\u00f3.<\/p>\n<p align=\"justify\">El que no acabo d\u2019entendre \u00e9s com, en un moment com l\u2019actual, es pugui ser tan llepafils, tan purista, tan milhomes, com per voler-se fer valer per un preu molt m\u00e9s alt del que en realitat valen. \u00c9s cert que el preu de les coses puja al mercat quan no n\u2019hi ha amb abund\u00e0ncia. Per\u00f2 tamb\u00e9 \u00e9s cert que un dels perills que corren els paradistes \u00e9s que, a fi de comptes, la gent faci n\u00fameros, deixi de comprar-los i se n\u2019hagin d\u2019entornar amb la mercaderia cap a casa i all\u00e0 se l\u2019hagin de menjar ells tots solets o esperar que se\u2019ls podreixi. A mi em d\u00f3na la sensaci\u00f3 que aquesta bona gent de la CUP, en lloc de ser llibertaris, s\u2019han tornat lliberticides sense adonar-se&#8217;n. El seu concepte de llibertat no l\u2019entenc ja que, per preservar-la la maten. Deu diputats \u2013que representen el que representen- s\u2019atorguen el poder una mica caprici\u00f3s de negar les \u00e0nsies de llibertat de milers de persones que han depositat les seves esperances en un nombre de diputats for\u00e7a superior. Ja s\u00e9 que aix\u00f2 \u00e9s la democr\u00e0cia, per\u00f2 tamb\u00e9 s\u00e9 que aquests manera d\u2019entendre la llibertat fa de mal digerir en uns moments com els actuals on tota la potent maquin\u00e0ria d\u2019un Estat com l\u2019espanyol ens va en contra i mira d\u2019aniquilar-nos i fer-nos caure en el m\u00e9s gran rid\u00edcul. No s\u00e9 si s\u2019adonen que els darrers canvis i les darreres lleis-mordassa fetes al seu gust, mida i conveni\u00e8ncia estan dirigides exactament contra gent com ells per tal de retallar llibertats personals i\u00a0 p\u00fabliques. Despr\u00e9s que no es queixin quan entrin als seus casals llibertaris \u00a0i constatin que la gent passa ol\u00edmpicament d\u2019ells\u2026<\/p>\n<p align=\"justify\">Tenim llibertaris-lliberticides i tenim mal educats. Perqu\u00e8 no podem definir millor que <em>molt mal educada<\/em> la diputada del PP Andrea Levy, fent gestos molt ostensius per cridat l\u2019atenci\u00f3, males cares, mastegant xiclet en plena sessi\u00f3 parlament\u00e0ria i avui, per acabar-ho d\u2019adobar, portant la manta per fer veure que venia a fer la migdiada al Parlament.\u00a0 Ja ho destacava un diari ahir mateix quan deia que <em>\u201cla seva actitud ha estat d\u2019all\u00f2 m\u00e9s peculiar: mastegar xiclet de manera exagerada, tenir un posat prepotent, fatxenda i ap\u00e0tic o gesticular exageradament en senyal de desaprovaci\u00f3\u201d. <\/em>D\u2019aix\u00f2 jo en dic simplement mala educaci\u00f3, males formes i menyspreu a un c\u00e0rrec representatiu i remunerat. Si per ella anar al Parlament \u00e9s avorrir-se, que es quedi a casa que segurament que hi estar\u00e0 molt m\u00e9s confortable. Per\u00f2 que a fi de mes no pari la m\u00e0 perqu\u00e8 gent com ella no es mereix un sol euro de diner p\u00fablic. I els seus correligionaris de bancada li podrien pagar classes d\u2019educaci\u00f3, a veure si en treu algun profit.<\/p>\n<h3 align=\"justify\">Ser\u00e0 veritat all\u00f2 de que cada pa\u00eds t\u00e9 els pol\u00edtics que es mereix? Potser s\u00ed. Cal pensar-ho una mica.<\/h3>\n<\/div>\n<\/div>\n<\/div>\n<\/div>\n<\/div>\n","protected":false},"excerpt":{"rendered":"<p>Aquest dies al Parlament de Catalunya hi veiem una mica de tot. Hi estem veient uns personatges \u2013ben pocs, nom\u00e9s 10- que diuen tenir un ideal llibertari. S\u00f3n els de la CUP. Els respecto, com miro de respectar tothom que es faci mereixedor de respecte. Els idearis anarco-llibertaris s\u00f3n tan respectables com qualsevol altre ideari, [&hellip;]<\/p>\n","protected":false},"author":214,"featured_media":0,"comment_status":"open","ping_status":"closed","sticky":false,"template":"","format":"standard","meta":{"_jetpack_memberships_contains_paid_content":false,"footnotes":"","jetpack_publicize_message":"","jetpack_publicize_feature_enabled":true,"jetpack_social_post_already_shared":false,"jetpack_social_options":{"image_generator_settings":{"template":"highway","default_image_id":0,"font":"","enabled":false},"version":2}},"categories":[172],"tags":[31828],"class_list":["post-5490","post","type-post","status-publish","format-standard","hentry","category-politica","tag-politica"],"jetpack_publicize_connections":[],"jetpack_featured_media_url":"","jetpack_shortlink":"https:\/\/wp.me\/pagkjs-1qy","jetpack-related-posts":[],"jetpack_sharing_enabled":true,"_links":{"self":[{"href":"https:\/\/blogs.avui.cat\/jaumepubill\/wp-json\/wp\/v2\/posts\/5490","targetHints":{"allow":["GET"]}}],"collection":[{"href":"https:\/\/blogs.avui.cat\/jaumepubill\/wp-json\/wp\/v2\/posts"}],"about":[{"href":"https:\/\/blogs.avui.cat\/jaumepubill\/wp-json\/wp\/v2\/types\/post"}],"author":[{"embeddable":true,"href":"https:\/\/blogs.avui.cat\/jaumepubill\/wp-json\/wp\/v2\/users\/214"}],"replies":[{"embeddable":true,"href":"https:\/\/blogs.avui.cat\/jaumepubill\/wp-json\/wp\/v2\/comments?post=5490"}],"version-history":[{"count":3,"href":"https:\/\/blogs.avui.cat\/jaumepubill\/wp-json\/wp\/v2\/posts\/5490\/revisions"}],"predecessor-version":[{"id":5493,"href":"https:\/\/blogs.avui.cat\/jaumepubill\/wp-json\/wp\/v2\/posts\/5490\/revisions\/5493"}],"wp:attachment":[{"href":"https:\/\/blogs.avui.cat\/jaumepubill\/wp-json\/wp\/v2\/media?parent=5490"}],"wp:term":[{"taxonomy":"category","embeddable":true,"href":"https:\/\/blogs.avui.cat\/jaumepubill\/wp-json\/wp\/v2\/categories?post=5490"},{"taxonomy":"post_tag","embeddable":true,"href":"https:\/\/blogs.avui.cat\/jaumepubill\/wp-json\/wp\/v2\/tags?post=5490"}],"curies":[{"name":"wp","href":"https:\/\/api.w.org\/{rel}","templated":true}]}}