{"id":549,"date":"2009-10-25T12:52:13","date_gmt":"2009-10-25T10:52:13","guid":{"rendered":"http:\/\/blogs.avui.cat\/jaumepubill\/2009\/10\/25\/tornarem-a-vncer\/"},"modified":"2009-10-25T12:52:13","modified_gmt":"2009-10-25T10:52:13","slug":"tornarem-a-vncer","status":"publish","type":"post","link":"https:\/\/blogs.avui.cat\/jaumepubill\/2009\/10\/25\/tornarem-a-vncer\/","title":{"rendered":"Tornarem a v&egrave;ncer!"},"content":{"rendered":"<p><img data-recalc-dims=\"1\" decoding=\"async\" src=\"https:\/\/i0.wp.com\/estaticos03.cache.el-mundo.net\/especiales\/2009\/05\/cultura\/benedetti\/imagenes\/album\/01.jpg\" \/> <\/p>\n<p>Aquesta foto de Mario Benedetti dins d&#8217;un \u00f2mnibus, amb la Pla\u00e7a de l&#8217; Independ\u00e8ncia al fons i el monument d&#8217; Artigas al bell mig, em retorna avui, dia d&#8217;eleccions, al meu estimat &quot;paisito&quot; d&#8217; Uruguai, on hi vaig deixar tan bons amics, tants records i tantes il\u00b7lusions.<\/p>\n<p>Voldria que guany\u00e9s el millor partit i el que pogu\u00e9s aportar m\u00e9s pel pa\u00eds. Jo ja s\u00e9 qui \u00e9s el millor: \u00e9s la coalici\u00f3 d&#8217;esquerres que ha governat amb moltes dificultats aquests darrers 5 anys. Que no ha fet les coses prou b\u00e9? Doncs, potser no. Quin govern fa totes les coses b\u00e9? Cap! Per\u00f2 no podem negar que l&#8217; Uruguai ha millorat molt aquests anys i, si guanya altre cop, millorar\u00e0 molt m\u00e9s. <\/p>\n<p>Benedetti, potser el millor escriptor que ha donat el pa\u00eds, va creure en aquesta utopia i durant uns anys va pert\u00e0nyer al Frente Amplio com a independent. Despr\u00e9s va veure que ell no servia per a la pol\u00edtica i que la seva vida era la literatura, a la que s&#8217;hi va dedicar amb cos i \u00e0nima. Deia que la utopia \u00e9s una cosa que hem de mantenir sempre, encara que mai l&#8217;aconseguirem. Per aix\u00f2 \u00e9s una utopia. Per\u00f2 si la nostra utopia es realitza un 10%, gr\u00e0cies a aquest 10% la humanitat ha millorat una mica.<\/p>\n<p>Com Benedetti, sempre una mica esc\u00e8ptic per\u00f2 optimista de mena, jo tamb\u00e9 seguir\u00e9 creient en la utopia, -ja una mica realitzada- que les esquerres poden guanyar altre cop i que faran un pa\u00eds millor amb la col\u00b7laboraci\u00f3 i el convenciment que entre tots ho podran aconseguir.<\/p>\n<p>Endavant Uruguai i una forta abra\u00e7ada a tots els amics d&#8217;all\u00e0!<\/p>\n<div>Etiquetes de Technorati: <a href=\"http:\/\/technorati.com\/tags\/Uruguai\" rel=\"tag\">Uruguai<\/a><\/div>\n","protected":false},"excerpt":{"rendered":"<p>Aquesta foto de Mario Benedetti dins d&#8217;un \u00f2mnibus, amb la Pla\u00e7a de l&#8217; Independ\u00e8ncia al fons i el monument d&#8217; Artigas al bell mig, em retorna avui, dia d&#8217;eleccions, al meu estimat &quot;paisito&quot; d&#8217; Uruguai, on hi vaig deixar tan bons amics, tants records i tantes il\u00b7lusions. Voldria que guany\u00e9s el millor partit i el [&hellip;]<\/p>\n","protected":false},"author":214,"featured_media":0,"comment_status":"open","ping_status":"open","sticky":false,"template":"","format":"standard","meta":{"_jetpack_memberships_contains_paid_content":false,"footnotes":"","jetpack_publicize_message":"","jetpack_publicize_feature_enabled":true,"jetpack_social_post_already_shared":false,"jetpack_social_options":{"image_generator_settings":{"template":"highway","default_image_id":0,"font":"","enabled":false},"version":2}},"categories":[2937],"tags":[],"class_list":["post-549","post","type-post","status-publish","format-standard","hentry","category-uruguai"],"jetpack_publicize_connections":[],"jetpack_featured_media_url":"","jetpack_shortlink":"https:\/\/wp.me\/pagkjs-8R","jetpack-related-posts":[],"jetpack_sharing_enabled":true,"_links":{"self":[{"href":"https:\/\/blogs.avui.cat\/jaumepubill\/wp-json\/wp\/v2\/posts\/549","targetHints":{"allow":["GET"]}}],"collection":[{"href":"https:\/\/blogs.avui.cat\/jaumepubill\/wp-json\/wp\/v2\/posts"}],"about":[{"href":"https:\/\/blogs.avui.cat\/jaumepubill\/wp-json\/wp\/v2\/types\/post"}],"author":[{"embeddable":true,"href":"https:\/\/blogs.avui.cat\/jaumepubill\/wp-json\/wp\/v2\/users\/214"}],"replies":[{"embeddable":true,"href":"https:\/\/blogs.avui.cat\/jaumepubill\/wp-json\/wp\/v2\/comments?post=549"}],"version-history":[{"count":0,"href":"https:\/\/blogs.avui.cat\/jaumepubill\/wp-json\/wp\/v2\/posts\/549\/revisions"}],"wp:attachment":[{"href":"https:\/\/blogs.avui.cat\/jaumepubill\/wp-json\/wp\/v2\/media?parent=549"}],"wp:term":[{"taxonomy":"category","embeddable":true,"href":"https:\/\/blogs.avui.cat\/jaumepubill\/wp-json\/wp\/v2\/categories?post=549"},{"taxonomy":"post_tag","embeddable":true,"href":"https:\/\/blogs.avui.cat\/jaumepubill\/wp-json\/wp\/v2\/tags?post=549"}],"curies":[{"name":"wp","href":"https:\/\/api.w.org\/{rel}","templated":true}]}}