{"id":5484,"date":"2015-11-07T20:01:43","date_gmt":"2015-11-07T19:01:43","guid":{"rendered":"http:\/\/blogs.avui.cat\/jaumepubill\/?p=5484"},"modified":"2015-11-07T20:01:43","modified_gmt":"2015-11-07T19:01:43","slug":"llegir-ens-fa-millors","status":"publish","type":"post","link":"https:\/\/blogs.avui.cat\/jaumepubill\/2015\/11\/07\/llegir-ens-fa-millors\/","title":{"rendered":"Llegir ens fa\u00a0millors?"},"content":{"rendered":"<div id=\"main\">\n<div id=\"container\">\n<div id=\"content\">\n<div id=\"post-6346\" class=\"post-6346 post type-post status-publish format-standard hentry category-lectura tag-lectura\">\n<h2 class=\"entry-title\"><img loading=\"lazy\" decoding=\"async\" class=\"alignleft\" src=\"https:\/\/i1.wp.com\/www.illadelsllibres.com\/wp-content\/uploads\/2011\/01\/llegir-llibre.jpg\" alt=\"\" width=\"231\" height=\"154\" align=\"left\" \/><\/h2>\n<div class=\"entry-content\">\n<p align=\"justify\">Seguint amb el tema del darrer apunt que vaig escriure, a vegades em faig les seg\u00fcents preguntes: Qu\u00e8 m\u2019han donat tot el munt d\u2019hores que he dedicat a la lectura durant la meva vida? Qu\u00e8 han aportat a la meva vida tots els llibres que he llegit? Seria diferent de com s\u00f3c si no hagu\u00e9s llegit alguns dels llibres que he llegit i que han deixat marques indelebles en mi? Com m\u2019han influ\u00eft les lectures que he fet i com m\u2019haurien influ\u00eft altres lectures completament diferents? No s\u00f3n pas preguntes sense sentit, sin\u00f3 que, si hi pensem b\u00e9, tenen el seu qu\u00e8\u2026\u00a0 I no s\u00f3c pas sol qui se les fa, sin\u00f3 que he vist que se les fan molta gent, tot i que de formes diverses. He llegit alguna vegada que es formulava aix\u00f2 mateix preguntant a alg\u00fa si llegir ens fa millors, o si llegir pot transformar la vida d\u2019una persona. Estic quasi segur que la resposta seria for\u00e7a un\u00e0nime i que la majoria coincidir\u00edem en qu\u00e8 el fet d\u2019haver llegit ens ha transformat d\u2019alguna manera i, en alguns cassos, a alg\u00fa li ha canviat la vida.<\/p>\n<p align=\"justify\">No estic segur de poder compartir l\u2019afirmaci\u00f3 de que<em> \u2018llegir ens faci millors\u2019<\/em> perqu\u00e8, malauradament, hi ha hagut al llarg de la hist\u00f2ria persones molt cultes i que han llegit molt, per\u00f2 que han deixat un record molt nefast en el seu pas per aquesta vida. Segurament que, en molts cassos, la lectura ha estat beneficiosa\u00a0 i ha obert moltes ments i molts horitzons. A fi de comptes, tothom est\u00e0 d\u2019acord que la invenci\u00f3 de la impremta ha significat un gran pas per a la humanitat en tant que ha facilitat molt\u00edssim la transmissi\u00f3 de coneixements i, per tant, ha significat un progr\u00e9s tan gran que se\u2019ns fa dif\u00edcil d\u2019imaginar. Si no ens ha fet millors sempre i a tots, s\u00ed que ha ajudat a molt\u00edssima gent a poder-ho ser i segur que tamb\u00e9 a ser m\u00e9s feli\u00e7os.<\/p>\n<p align=\"justify\">Els h\u00e0bits de lectura han canviat molt i les possibilitats d\u2019arribar a molts m\u00e9s focus de cultura tamb\u00e9. Amb internet el m\u00f3n del coneixement i de la lectura s\u2019ha engrandit tant que ja es parla de que un dels grans perills \u00e9s el de la dispersi\u00f3 per voler abra\u00e7ar m\u00e9s del que en realitat som capa\u00e7os. Antigament els anomenats <em>cl\u00e0ssics<\/em> eren els que guanyaven per golejada. Actualment ja no n\u2019estic tant segur i aquest seria un gran tema de discussi\u00f3. Caldria retornar als cl\u00e0ssics i no deixar-los abandonats a les biblioteques? Deixarem la resposta als especialistes.<\/p>\n<p align=\"justify\">La meva resposta\u00a0 a la pregunta del t\u00edtol d\u2019aquest apunt seria que la lectura m\u2019ha obert la ment, m\u2019ha fet passar molts moments feli\u00e7os, m\u2019ha enriquit, m\u2019ha divertit, m\u2019ha transportat a altres dimensions, m\u2019ha fet riure, m\u2019ha fet plorar i m\u2019ha fet sofrir. M\u2019ha fet viure altres mons, altres realitats, m\u2019ha ajudat a comprendre millor les persones, les maneres de ser, m\u2019ha fet sentir petit algunes vegades i molt gran algunes altres. M\u2019ha fet descobrir la gran capacitat de fabulaci\u00f3 d\u2019algunes persones, la gran habilitat que tenen alguns per expressar sentiments, per expressar de manera bonica coses senzilles i aparentment sense import\u00e0ncia; m\u2019ha fet descobrir la gran potencialitat de la humanitat, tot el gran cam\u00ed que s\u2019ha fet en el m\u00f3n de la ci\u00e8ncia i de les arts i, per altra banda, tot l\u2019immens horitz\u00f3 que encara tenim al davant. I tamb\u00e9 \u00e9s molt probable que aquesta mateixa lectura m\u2019hagi fet adonar que la saviesa no \u00e9s nom\u00e9s als llibres, ni s\u2019apr\u00e8n nom\u00e9s a les biblioteques, sin\u00f3 que hi ha tamb\u00e9 molta saviesa en persones que no saben llegir i, per tant, no han llegit mai una sola p\u00e0gina. Potser fins i tot tenim massa la tend\u00e8ncia a creure que la cultura es transmet pels camins habituals d\u2019escola, universitat i llibres. No sempre valorem les cultures orals, les cultures que han buscat \u2013i trobat- altres camins per a viure i ser feli\u00e7os que, en definitiva, \u00e9s el que compta.<\/p>\n<p align=\"justify\">Algunes de les lectures que hagi pogut fer a la meva vida, segur que m\u2019han ajudat a descobrir tamb\u00e9 que per ser moralment bo o dolent no cal necess\u00e0riament haver estudiat, sin\u00f3 que aix\u00f2 arriba per camins molt diversos i ens hi ajuda la fam\u00edlia, els amics, els mestres, els exemples d\u2019altres persones i la nostra pr\u00f2pia consci\u00e8ncia que ho processa tot, en fa una tria i es queda amb all\u00f2 que vol (que no \u00e9s pas sempre el millor, per desgr\u00e0cia). S\u00ed que \u00e9s veritat, amb tot, que als llibres hi he trobat coses que segurament no m\u2019haurien pogut donar les persones que eren al meu voltant. Algunes novel\u00b7les, alguns llibres de poesia, de filosofia, de teologia, o algunes biografies \u00e9s cert que m\u2019han fet reflexionar i han fet que, en molts aspectes, sigui el que s\u00f3c, pensi el que penso i cregui el que crec. Les lectures m\u2019han ajudat a trobar respostes, a ampliar horitzons, a discernir i a descobrir que el coneixement \u00e9s quasi infinit i, per tant, a ser molt humil, a recon\u00e8ixer que <em>\u201cnom\u00e9s s\u00e9 que no s\u00e9 re<\/em>s\u201d, a no ser potser tant dogm\u00e0tic, tant cap quadrat i molt m\u00e9s flexible i comprensiu en alguns aspectes del viure i actuar propi i dels dem\u00e9s i tamb\u00e9 en les meves opinions i creences.<\/p>\n<p align=\"justify\">I, per acabar, una confessi\u00f3: sempre demano que pugui tenir la sort de no perdre la vista i pugui continuar llegint fins al meu darrer dia. No s\u00e9 per qu\u00e8 \u2013babau de mi-, per\u00f2 em sembla que, podent llegir, ja quasi ho tingui tot.<\/p>\n<\/div>\n<\/div>\n<\/div>\n<\/div>\n<\/div>\n","protected":false},"excerpt":{"rendered":"<p>Seguint amb el tema del darrer apunt que vaig escriure, a vegades em faig les seg\u00fcents preguntes: Qu\u00e8 m\u2019han donat tot el munt d\u2019hores que he dedicat a la lectura durant la meva vida? Qu\u00e8 han aportat a la meva vida tots els llibres que he llegit? Seria diferent de com s\u00f3c si no hagu\u00e9s [&hellip;]<\/p>\n","protected":false},"author":214,"featured_media":0,"comment_status":"open","ping_status":"closed","sticky":false,"template":"","format":"standard","meta":{"_jetpack_memberships_contains_paid_content":false,"footnotes":"","jetpack_publicize_message":"","jetpack_publicize_feature_enabled":true,"jetpack_social_post_already_shared":false,"jetpack_social_options":{"image_generator_settings":{"template":"highway","default_image_id":0,"font":"","enabled":false},"version":2}},"categories":[5006],"tags":[31940],"class_list":["post-5484","post","type-post","status-publish","format-standard","hentry","category-lectura","tag-lectura"],"jetpack_publicize_connections":[],"jetpack_featured_media_url":"","jetpack_shortlink":"https:\/\/wp.me\/pagkjs-1qs","jetpack-related-posts":[],"jetpack_sharing_enabled":true,"_links":{"self":[{"href":"https:\/\/blogs.avui.cat\/jaumepubill\/wp-json\/wp\/v2\/posts\/5484","targetHints":{"allow":["GET"]}}],"collection":[{"href":"https:\/\/blogs.avui.cat\/jaumepubill\/wp-json\/wp\/v2\/posts"}],"about":[{"href":"https:\/\/blogs.avui.cat\/jaumepubill\/wp-json\/wp\/v2\/types\/post"}],"author":[{"embeddable":true,"href":"https:\/\/blogs.avui.cat\/jaumepubill\/wp-json\/wp\/v2\/users\/214"}],"replies":[{"embeddable":true,"href":"https:\/\/blogs.avui.cat\/jaumepubill\/wp-json\/wp\/v2\/comments?post=5484"}],"version-history":[{"count":1,"href":"https:\/\/blogs.avui.cat\/jaumepubill\/wp-json\/wp\/v2\/posts\/5484\/revisions"}],"predecessor-version":[{"id":5485,"href":"https:\/\/blogs.avui.cat\/jaumepubill\/wp-json\/wp\/v2\/posts\/5484\/revisions\/5485"}],"wp:attachment":[{"href":"https:\/\/blogs.avui.cat\/jaumepubill\/wp-json\/wp\/v2\/media?parent=5484"}],"wp:term":[{"taxonomy":"category","embeddable":true,"href":"https:\/\/blogs.avui.cat\/jaumepubill\/wp-json\/wp\/v2\/categories?post=5484"},{"taxonomy":"post_tag","embeddable":true,"href":"https:\/\/blogs.avui.cat\/jaumepubill\/wp-json\/wp\/v2\/tags?post=5484"}],"curies":[{"name":"wp","href":"https:\/\/api.w.org\/{rel}","templated":true}]}}