{"id":5456,"date":"2015-10-09T19:42:05","date_gmt":"2015-10-09T18:42:05","guid":{"rendered":"http:\/\/blogs.avui.cat\/jaumepubill\/?p=5456"},"modified":"2015-10-09T19:42:05","modified_gmt":"2015-10-09T18:42:05","slug":"envaida-i-saquejada","status":"publish","type":"post","link":"https:\/\/blogs.avui.cat\/jaumepubill\/2015\/10\/09\/envaida-i-saquejada\/","title":{"rendered":"Enva\u00efda i saquejada"},"content":{"rendered":"<h2><a style=\"font-size: 1.17em\" href=\"https:\/\/jaumepubill.files.wordpress.com\/2015\/10\/12107097_1069047743114290_9045836562570285722_n.jpg\"><img data-recalc-dims=\"1\" loading=\"lazy\" decoding=\"async\" style=\"border: 0px;margin-left: 5px;margin-right: 5px\" title=\"12107097_1069047743114290_9045836562570285722_n\" alt=\"12107097_1069047743114290_9045836562570285722_n\" src=\"https:\/\/jaumepubill.files.wordpress.com\/2015\/10\/12107097_1069047743114290_9045836562570285722_n_thumb.jpg?w=509&#038;h=534&#038;fit=509%2C534&#038;resize=237%2C249\" width=\"237\" height=\"249\" align=\"left\" border=\"0\" \/><\/a><\/h2>\n<div>\n<p align=\"justify\">Ja tenim aqu\u00ed un altre\u00a0<strong>12 d\u2019Octubre<\/strong>. Un altre\u00a0<strong>D\u00eda de la Raza, Fiesta de la Hispanidad., D\u00eda de la Fiesta Nacional, D\u00eda Nacional de Espa\u00f1a, D\u00eda de la Madre Patria, D\u00eda del Descubrimiento, D\u00eda de Col\u00f3n, D\u00eda del Pilar.<\/strong><\/p>\n<p align=\"justify\">El<em>\u00a0<strong>12-O\u00a0<\/strong><\/em>s\u2019ha anomenat de moltes maneres i s\u2019ha mirat d\u2019anar tapant una mica el seu origen, que no \u00e9s res m\u00e9s que una\u00a0<strong>CELEBRACI\u00d3 D\u2019ORIGEN FEIXISTA<\/strong>. Han mirat de canviar el nom perqu\u00e8 suposo que els feia vergonya. Per\u00f2 el significat segueix sent el mateix de quan va n\u00e9ixer. \u00c9s all\u00f2 de que \u201caunque la mona se vista de seda, mona se queda\u201d. Per molt que canvi\u00efn el nom, el substrat que trobem en aquesta vergonyant festa \u00e9s un substrat feixista.<\/p>\n<p align=\"justify\">A<strong>\u00a0Am\u00e8rica Llatina<\/strong>\u00a0tamb\u00e9 ha subsistit durant una bona colla d\u2019anys aquest significat. De mica en mica- per sort-, s\u2019ha anat abandonant i ja se li comen\u00e7a a canviar el significat i ara ja se celebra com el DIA\u00a0<strong>DE LA RESISTENCIA IND\u00cdGENA.<\/strong>\u00a0 Quan vivia a l\u2019 Uruguai recordo que em xocava el fet de que la majoria de gent encara fossin tan poc cr\u00edtics amb el contingut i\u00a0 amb el significat d\u2019aquest dia. Recordo que la gent pensava que la festa del 12 d\u2019octubre \u2013perqu\u00e8 all\u00e0 tamb\u00e9 era festa- ho era en al\u00b7lusi\u00f3 a la \u201ctrobada de cultures\u201d i que el seu nom,\u00a0<strong>\u201cDia de la Raza<\/strong>\u201d al\u00b7ludia a la trobada de les tres \u201craces\u201d: la negra, la amer\u00edndia i la cauc\u00e0sica. No s\u00e9 exactament d\u2019on havien tret aquesta hist\u00f2ria, per\u00f2 s\u00ed que s\u00e9 que encara s\u2019ensenyava aquesta idea a les escoles i \u00e9s per aix\u00f2 que molt pocs uruguaians reflexionessin de veritat entorn d\u2019aquesta festa i no es plantegessin que aquesta data estava profundament implicada amb les ideologies d\u2019extrema dreta de l\u2019Espanya m\u00e9s retr\u00f2grada.<\/p>\n<p align=\"justify\">I com s\u2019hi arriba a aquest punt? Tot t\u00e9 una explicaci\u00f3: a finals del segle XIX, Espanya es trobava en una situaci\u00f3 molt delicada. A nivell intern patia profundes inestabilitats a causa de les lluites de liberals, conservadors, carlins (mon\u00e0rquics), anarquistes i socialistes. A nivell extern, els moviments independentistes de les ultimes col\u00f2nies d\u2019Am\u00e8rica i \u00c0sia feia que la pol\u00edtica colonial fos pr\u00e0cticament insostenible. Aix\u00f2 finalment es concreta amb la guerra hisp\u00e0-nord-americana de 1898 despr\u00e9s de la qual Espanya perd les seves col\u00f2nies de Cuba, Puerto Rico, Filipines i Guam, quedant-li nom\u00e9s les seves petites col\u00f2nies d\u2019\u00c0frica. Aquella Espanya que, en altre temps fou una gran pot\u00e8ncia mundial, veien que ja no era res. Nom\u00e9s era una trista despulla.<\/p>\n<p align=\"justify\">\u00c9s per aix\u00f2 les classes aristocr\u00e0tiques comencen a desenvolupar un sentiment de nost\u00e0lgia cap a aquell passat imperial que havia pr\u00e0cticament desaparegut. La utopia de restablir el vell ordre colonial sumat a les teories racials de l\u2019\u00e8poca van generar el concepte de<strong>\u201cHispanidad<\/strong>\u201c. Sota aquest concepte les antigues col\u00f2nies espanyoles d\u2019Am\u00e8rica havien de retre-li tribut i alinear-se geopol\u00edticament amb Espanya ja que ella els havia portat la<em>civilitzaci\u00f3<\/em>. A m\u00e9s creien que tots els hispanoamericans pertanyien a la \u201cra\u00e7a hispana\u201d i per tant havien de seguir mantenint el vincle cultural, pol\u00edtic i econ\u00f2mic amb l\u2019antiga Metr\u00f2polis. Per la seva banda els pa\u00efsos Llatinoamericans, influ\u00efts per les teories del darwinisme social, van acceptar f\u00e0cilment aquests preceptes ja que l\u2019her\u00e8ncia ind\u00edgena o africana no servia per reivindicar el sup\u00f2sit de pertinen\u00e7a a la Civilitzaci\u00f3 Occidental, mentre que una her\u00e8ncia espanyola s\u00ed que servia per a reivindicar-se com a pa\u00efsos occidentals . D\u2019altra banda l\u2019Esgl\u00e9sia Cat\u00f2lica s\u2019enfrontava a les Am\u00e8riques als processos de secularitzaci\u00f3 que li restaven poder per\u00f2 que, no obstant aix\u00f2, el discurs hispanista li era molt \u00fatil per seguir mantenint el seu estatus. En ser una instituci\u00f3 que arrib\u00e0 al continent de la m\u00e0 del colonialisme espanyol, es transformava en un dels pilars culturals del Continent.<\/p>\n<p align=\"justify\">\u00c9s en aquest context que al\u00a0<strong>1915<\/strong>\u00a0la\u00a0<strong>Uni\u00f3 Iberoamericana de Madrid<\/strong>\u00a0proposa que el 12 d\u2019octubre sigui declarat\u00a0<strong>\u201cFiesta de la Raza Espa\u00f1ola\u201d.<\/strong>\u00a0En els anys subseg\u00fcents, la totalitat dels pa\u00efsos de les Am\u00e8riques van incorporar el 12 d\u2019octubre com \u201cDia de la Ra\u00e7a\u201d (en al\u00b7lusi\u00f3 a la Ra\u00e7a Espanyola) o com \u201cDay of Columbus\u201d (\u201cdia de Col\u00f3n\u201d per als pa\u00efsos anglosaxons ). Un dels majors promotors de la ideologia de la \u201chispanitat\u201d, va ser el dictador\u00a0<strong>Miguel Primo de Rivera<\/strong>. El 1931 el fill del dictador enderrocat,\u00a0<strong>Jos\u00e9 Antonio Primo de Rivera<\/strong>\u00a0funda la Falange Espa\u00f1ola Tradicionalista i de las Juntas de Ofensiva Nacional Sindicalista (FET de la JONS per les seves sigles) i s\u2019alinea ideol\u00f2gicament amb els r\u00e8gims del feixisme itali\u00e0, del nazisme alemany i de l\u2019autoritarisme portugu\u00e8s.\u00a0 ja que el concepte de hispanitat \u00e9s central en la seva ideologia.\u00a0<strong>La Falange pren com a data clau per les seves mobilitzacions el 12 d\u2019octubre<\/strong><\/p>\n<p align=\"justify\">\u00c9s bo saber l\u2019origen de les coses i, com deia abans, encara avui subsisteix aquest substrat en molts espanyols, que miren d\u2019amagar tant com poden per\u00f2 que, per m\u00e9s que facin i per m\u00e9s que hagin canviat el nom, se\u2019ls veu la llauna. Haurien de tenir vergonya de celebrar encara aquesta data de la manera com ho fan, per\u00f2 es veu que no en tenen gens ni mica. Amb tot, la resposta \u00e9s cada dia m\u00e9s un\u00e0nime i tan all\u00e0 com aqu\u00ed cada dia s\u00f3n m\u00e9s els que diuen que<strong>\u00a0eL 12 D\u2019OCTUBRE NO HI HA RES PER CELEBRAR<\/strong>. O, si voleu, s\u00ed que hi ha alguna cosa per recordar:\u00a0<strong>la hist\u00f2ria d\u2019una invasi\u00f3, d\u2019una massacre i d\u2019un saqueig.<\/strong><\/p>\n<\/div>\n","protected":false},"excerpt":{"rendered":"<p>Ja tenim aqu\u00ed un altre\u00a012 d\u2019Octubre. Un altre\u00a0D\u00eda de la Raza, Fiesta de la Hispanidad., D\u00eda de la Fiesta Nacional, D\u00eda Nacional de Espa\u00f1a, D\u00eda de la Madre Patria, D\u00eda del Descubrimiento, D\u00eda de Col\u00f3n, D\u00eda del Pilar. El\u00a012-O\u00a0s\u2019ha anomenat de moltes maneres i s\u2019ha mirat d\u2019anar tapant una mica el seu origen, que no [&hellip;]<\/p>\n","protected":false},"author":214,"featured_media":0,"comment_status":"open","ping_status":"closed","sticky":false,"template":"","format":"standard","meta":{"_jetpack_memberships_contains_paid_content":false,"footnotes":"","jetpack_publicize_message":"","jetpack_publicize_feature_enabled":true,"jetpack_social_post_already_shared":false,"jetpack_social_options":{"image_generator_settings":{"template":"highway","default_image_id":0,"font":"","enabled":false},"version":2}},"categories":[4391,1296,2798],"tags":[1980,24809,31872],"class_list":["post-5456","post","type-post","status-publish","format-standard","hentry","category-america-llatina","category-espana","category-indigenes","tag-12-d-octubre","tag-america-llatina-2","tag-espana"],"jetpack_publicize_connections":[],"jetpack_featured_media_url":"","jetpack_shortlink":"https:\/\/wp.me\/pagkjs-1q0","jetpack-related-posts":[],"jetpack_sharing_enabled":true,"_links":{"self":[{"href":"https:\/\/blogs.avui.cat\/jaumepubill\/wp-json\/wp\/v2\/posts\/5456","targetHints":{"allow":["GET"]}}],"collection":[{"href":"https:\/\/blogs.avui.cat\/jaumepubill\/wp-json\/wp\/v2\/posts"}],"about":[{"href":"https:\/\/blogs.avui.cat\/jaumepubill\/wp-json\/wp\/v2\/types\/post"}],"author":[{"embeddable":true,"href":"https:\/\/blogs.avui.cat\/jaumepubill\/wp-json\/wp\/v2\/users\/214"}],"replies":[{"embeddable":true,"href":"https:\/\/blogs.avui.cat\/jaumepubill\/wp-json\/wp\/v2\/comments?post=5456"}],"version-history":[{"count":1,"href":"https:\/\/blogs.avui.cat\/jaumepubill\/wp-json\/wp\/v2\/posts\/5456\/revisions"}],"predecessor-version":[{"id":5457,"href":"https:\/\/blogs.avui.cat\/jaumepubill\/wp-json\/wp\/v2\/posts\/5456\/revisions\/5457"}],"wp:attachment":[{"href":"https:\/\/blogs.avui.cat\/jaumepubill\/wp-json\/wp\/v2\/media?parent=5456"}],"wp:term":[{"taxonomy":"category","embeddable":true,"href":"https:\/\/blogs.avui.cat\/jaumepubill\/wp-json\/wp\/v2\/categories?post=5456"},{"taxonomy":"post_tag","embeddable":true,"href":"https:\/\/blogs.avui.cat\/jaumepubill\/wp-json\/wp\/v2\/tags?post=5456"}],"curies":[{"name":"wp","href":"https:\/\/api.w.org\/{rel}","templated":true}]}}