{"id":5451,"date":"2015-10-02T18:02:42","date_gmt":"2015-10-02T17:02:42","guid":{"rendered":"http:\/\/blogs.avui.cat\/jaumepubill\/?p=5451"},"modified":"2015-10-02T18:02:42","modified_gmt":"2015-10-02T17:02:42","slug":"complices-i-col%c2%b7laboradors-necessaris","status":"publish","type":"post","link":"https:\/\/blogs.avui.cat\/jaumepubill\/2015\/10\/02\/complices-i-col%c2%b7laboradors-necessaris\/","title":{"rendered":"C\u00f2mplices i col\u00b7laboradors necessaris"},"content":{"rendered":"<p align=\"justify\"><img data-recalc-dims=\"1\" loading=\"lazy\" decoding=\"async\" style=\"margin-left: 5px;margin-right: 5px\" alt=\"\" src=\"https:\/\/i0.wp.com\/pbs.twimg.com\/media\/CI35usIWEAMc9yv.jpg?resize=274%2C185&#038;ssl=1\" width=\"274\" height=\"185\" align=\"left\" \/>La por. El silenci. La vergonya. El propi inter\u00e8s. La des\u00eddia. La neglig\u00e8ncia. La complicitat\u2026 Totes aquestes coses \u2013i segurament que algunes m\u00e9s- s\u00f3n elements necessaris perqu\u00e8 injust\u00edcies i maldats de tota mena es puguin fer realitat. Tots sabem que en un crim, per exemple, hi ha l\u2019autor directe i, en molts cassos, una colla de c\u00f2mplices. No he estudiat dret penal ni en s\u00e9 absolutament res, per\u00f2 no em fa cap falta per saber que un c\u00f2mplice \u00e9s responsable penal d\u2019un delicte o d\u2019una falta per haver col\u00b7laborat d\u2019una manera o altra en l\u2019execuci\u00f3 del fet. Una vegada descoberts els c\u00f2mplices, podrem discutir sempre els matisos i si la complicitat \u00e9s m\u00e9s o menys directa i de si hi ha hagut cooperaci\u00f3 necess\u00e0ria o no.<\/p>\n<p align=\"justify\">Aix\u00f2 que es d\u00f3na en alguns delictes i faltes, tamb\u00e9 passa de forma molt m\u00e9s desapercebuda en molts aspectes del nostre dia a dia. Si ho mirem b\u00e9, tots som m\u00e9s o menys culpables d\u2019algunes coses no prou exemplars que succeeixen al nostre voltant. Potser caldria que\u00a0 analitz\u00e9ssim una mica millor totes les nostres complicitats impl\u00edcites o expl\u00edcites i segurament que en trobar\u00edem tantes que ens posar\u00edem les mans al cap esgarrifats.<\/p>\n<p align=\"justify\">Partint de la base que a tots ens caldria fer aquest personal examen de consci\u00e8ncia, m\u2019agradaria parlar d\u2019aquest immund partit de dretes espanyol que es diu PP i de les nombroses complicitats que li ha costat ben poc trobar en les seves accions vergonyants contra una bona part de la societat i de forma directa i molt especial contra el poble catal\u00e0 aquests darrers anys. Parlem clar i catal\u00e0: els grans c\u00f2mplices del PP en all\u00f2 que ells mateixos han definit com a \u201cproblema catal\u00e0\u201d, s\u00f3n la majoria de partits d\u2019\u00e0mbit estatal (de dreta, de centre i d\u2019esquerra), les institucions de Just\u00edcia de l\u2019 Estat plenes de membres posats a dit i disposats en tot moment a ballar el ball que toqui, la mateixa Monarquia, la major part de la jerarquia eclesi\u00e0stica, l\u2019ex\u00e8rcit, una gran part d\u2019intel\u00b7lectuals, la gran banca i la majoria de mitjans de comunicaci\u00f3. Amb el tema de Catalunya, tots ells s\u2019entenen perfectament i es coordinen de forma natural, meravellosa \u2013i mal\u00e8fica- i sense cap mena d\u2019esfor\u00e7. Nom\u00e9s cal que mireu atentament la foto que encap\u00e7ala aquest apunt\u2026 No \u00e9s cap novetat perqu\u00e8 fa segles que dura, tot i que aquests darrers anys s\u2019ha intensificat enormement amb els governs del PP. Tots aquests que he anomenat s\u00f3n els cooperadors necessaris per arribar on hem arribat i aix\u00ed cal jutjar-los sense cap mena de rubor. Alguns ho s\u00f3n, per no haver mogut ni un sol dit i per no haver dit ni una sola paraula davant de les flagrants injust\u00edcies. D\u2019aix\u00f2 se\u2019n diu silenci c\u00f2mplice o pecat d\u2019omissi\u00f3. Altres, pecant directament de mala fe i sabent prou b\u00e9 el que feien. Nom\u00e9s cal veure la mala baba que hi ha darrere d\u2019algunes sent\u00e8ncies judicials, darrere d\u2019algunes lleis i en els continus intents d\u2019asf\u00edxia econ\u00f2mica a que ens tenen sotmesos. D\u2019aix\u00f2 en podem dir a dreta llei un evident mal govern en contra de Catalunya<\/p>\n<p align=\"justify\">Qualsevol jutge mitjanament just i lliure podria fer sortir a la llum moltes de les injust\u00edcies que sovint ens ha tocat patir en aquests darrers anys. Per\u00f2 no diuen res i col\u00b7laboren ben contents amb aquest PP de majoria absoluta que, a hores d\u2019ara, ja ni ho intenta amagar. Sap que anar contra Catalunya li d\u00f3na vots i molt bon rendiment i, per tant, no cal amagar-ho ni dissimular-ho. Ja s\u00e9 que alguns em direu que torno amb la mateixa can\u00e7\u00f3 de sempre i que torno a fer el discurs del victimisme i de la queixa (sempre ens acusen del mateix) i que els governs catalans en tenen una bona part de culpa de tot el que passa. No negar\u00e9 pas que aqu\u00ed no hem fet les coses prou b\u00e9 i que n\u2019hem fet moltes de malament, per\u00f2 aix\u00f2 no \u00e9s excusa per no recon\u00e8ixer que se\u2019ns est\u00e0 castigant molt durament, molt m\u00e9s del que mereixem i se\u2019ns aplica una vara d\u2019amidar totalment trucada. I el que \u00e9s pitjor: qui ens castiga \u00e9s el que menys hauria de fer-ho perqu\u00e8 \u00e9s el m\u00e9s corrupte de tots.<\/p>\n<p align=\"justify\">No els agrada que parlem d\u2019espoli per\u00f2 la realitat i l\u2019 evid\u00e8ncia fa que aix\u00f2 nostre ho sigui en tota regla. Mirem alguns exemples? Mirem-los: els estudiants catalans reben nom\u00e9s el 5% de totes les beques de l\u2019 Estat i els estudiants de Madrid en reben el 58%&#8230; Si tingu\u00e9ssim seguretat social pr\u00f2pia la nostra renda per c\u00e0pita augmentaria uns 2.400\u20ac l\u2019any&#8230; El &#8220;Ministeri de Cultura&#8221; fa una despesa anual per cada espanyol de 47 euros i per cada catal\u00e0 nom\u00e9s de 5 euros&#8230; Aqu\u00ed encara viatgem amb el 40% dels trens constru\u00efts per l&#8217;Estat durant la d\u00e8cada dels 70 -i que ells van considerar obsolets-, mentre que Madrid nom\u00e9s t\u00e9 el 4%\u2026Cada any el Ministerio de Fomento deixa d\u2019invertir una bona part del que ens tocaria per llei i entretant fa autopistes que van buides de cotxes en altres llocs d\u2019 espanya i AVES que costen una milionada i que aniran sense passatgers i nom\u00e9s faran que donar p\u00e8rdues\u2026A Catalunya, per l&#8217;AVE, el govern va invertir 316 euros per catal\u00e0, per\u00f2 en el mateix any va invertir 1.198 per andal\u00fas, 894 per madrileny, 574 per aragon\u00e8s i 407 per castellanomanxec\u2026Com podem conformar-nos a que el d\u00e8ficit fiscal catal\u00e0 ells el rebaixin a 8.500 milions d&#8217;euros &#8211;un 4,35% del PIB&#8211;, per b\u00e9 que, emprant el mateix m\u00e8tode, la Generalitat calculi que era d&#8217;11.000 milions?\u2026 Com podem tolerar que per cada 12,7 milions d&#8217;euros que s&#8217;inverteixen en medi-ambient a l&#8217;aeroport del Prat, s&#8217;inverteixin 300 milions al de Barajas?\u2026 Entre 1985 i 2005 nom\u00e9s s&#8217;han es van construir a Catalunya 20 quil\u00f2metres d&#8217;autovies mentre que a Madrid se\u2019n van acabar prop de 900 en id\u00e8ntic\u2026 A Catalunya nom\u00e9s s&#8217;inverteix una mitjana del 12% del PIB espanyol anual tot i aportar el 22% del mateix PIB espanyol?\u2026 I els peatges de les autopistes que nosaltres hem de pagar religiosament i a altres els surten totalment gratis\u2026 I podr\u00edem seguir, seguir i seguir amb un llarg i evident rosari de greuges. Espanya \u00e9s un mal negoci en tots sentits i ho seguir\u00e0 sent sempre mentre no marxem perqu\u00e8 ens considera i ens tracta com una col\u00f2nia. I ha arribat el moment que una gran part de catalans diem que ja n\u2019estem tips de colonitzadors!<\/p>\n<p align=\"justify\">Com podem ser catalans i sentir-nos espanyols \u2013com ells voldrien- si cada dia ens menyspreen, ens espolien, ens maltracten, ens menteixen, i no reconeixen els nostres drets m\u00e9s elementals? Realment sentir-se espanyol a Catalunya compensa? Com pot ser que encara hi hagi alg\u00fa que es deixi enganyar veient tot aix\u00f2? Tret d\u2019honroses excepcions, a Espanya no hi tenim gaires amics que ens defensin, ni aliats que alcin la veu. Al contrari. D\u2019Espanya nom\u00e9s ens en cal esperar recriminacions, acusacions, incomprensi\u00f3 i molta mala llet. Pocs ens defensaran all\u00e0. Tampoc ho far\u00e0 l\u2019esquerra espanyola que, com deia no fa gaires dies <a href=\"http:\/\/www.mon.cat\/cat\/notices\/2015\/06\/l_esquerra_hipocrita_110355.php\">Juli\u00e0 de J\u00f2dar<\/a> en un article \u201c<strong>la pitjor esquerra que pot tenir un pa\u00eds \u00e9s una esquerra hip\u00f2crita\u201d.<\/strong> Per aix\u00f2 ara trobo que \u00e9s ser molt curt de vista i tenir molt poc sentit pol\u00edtic nosaltres mateixos \u201cens fem el llit\u201d \u2013com vulgarment es diu- els uns als altres i actuem de tal manera que nom\u00e9s fem que perjudicar-nos a nosaltres mateixos. Als c\u00f2mplices de fora caldr\u00e0 sumar-hi els col\u00b7laboradors necessaris de dins per fer descarrilar el tren de la independ\u00e8ncia? Espero que no siguem tan rucs per permetre-ho.<\/p>\n","protected":false},"excerpt":{"rendered":"<p>La por. El silenci. La vergonya. El propi inter\u00e8s. La des\u00eddia. La neglig\u00e8ncia. La complicitat\u2026 Totes aquestes coses \u2013i segurament que algunes m\u00e9s- s\u00f3n elements necessaris perqu\u00e8 injust\u00edcies i maldats de tota mena es puguin fer realitat. Tots sabem que en un crim, per exemple, hi ha l\u2019autor directe i, en molts cassos, una colla [&hellip;]<\/p>\n","protected":false},"author":214,"featured_media":0,"comment_status":"open","ping_status":"closed","sticky":false,"template":"","format":"standard","meta":{"_jetpack_memberships_contains_paid_content":false,"footnotes":"","jetpack_publicize_message":"","jetpack_publicize_feature_enabled":true,"jetpack_social_post_already_shared":false,"jetpack_social_options":{"image_generator_settings":{"template":"highway","default_image_id":0,"font":"","enabled":false},"version":2}},"categories":[877,643,4475,172],"tags":[31863,31850,31928,31828],"class_list":["post-5451","post","type-post","status-publish","format-standard","hentry","category-catalunya","category-independencia","category-partido-popular-pp","category-politica","tag-catalunya","tag-independencia","tag-partido-popular-pp","tag-politica"],"jetpack_publicize_connections":[],"jetpack_featured_media_url":"","jetpack_shortlink":"https:\/\/wp.me\/pagkjs-1pV","jetpack-related-posts":[],"jetpack_sharing_enabled":true,"_links":{"self":[{"href":"https:\/\/blogs.avui.cat\/jaumepubill\/wp-json\/wp\/v2\/posts\/5451","targetHints":{"allow":["GET"]}}],"collection":[{"href":"https:\/\/blogs.avui.cat\/jaumepubill\/wp-json\/wp\/v2\/posts"}],"about":[{"href":"https:\/\/blogs.avui.cat\/jaumepubill\/wp-json\/wp\/v2\/types\/post"}],"author":[{"embeddable":true,"href":"https:\/\/blogs.avui.cat\/jaumepubill\/wp-json\/wp\/v2\/users\/214"}],"replies":[{"embeddable":true,"href":"https:\/\/blogs.avui.cat\/jaumepubill\/wp-json\/wp\/v2\/comments?post=5451"}],"version-history":[{"count":1,"href":"https:\/\/blogs.avui.cat\/jaumepubill\/wp-json\/wp\/v2\/posts\/5451\/revisions"}],"predecessor-version":[{"id":5452,"href":"https:\/\/blogs.avui.cat\/jaumepubill\/wp-json\/wp\/v2\/posts\/5451\/revisions\/5452"}],"wp:attachment":[{"href":"https:\/\/blogs.avui.cat\/jaumepubill\/wp-json\/wp\/v2\/media?parent=5451"}],"wp:term":[{"taxonomy":"category","embeddable":true,"href":"https:\/\/blogs.avui.cat\/jaumepubill\/wp-json\/wp\/v2\/categories?post=5451"},{"taxonomy":"post_tag","embeddable":true,"href":"https:\/\/blogs.avui.cat\/jaumepubill\/wp-json\/wp\/v2\/tags?post=5451"}],"curies":[{"name":"wp","href":"https:\/\/api.w.org\/{rel}","templated":true}]}}