{"id":5425,"date":"2015-09-12T18:56:53","date_gmt":"2015-09-12T17:56:53","guid":{"rendered":"http:\/\/blogs.avui.cat\/jaumepubill\/?p=5425"},"modified":"2015-09-12T19:50:35","modified_gmt":"2015-09-12T18:50:35","slug":"res-es-gratis","status":"publish","type":"post","link":"https:\/\/blogs.avui.cat\/jaumepubill\/2015\/09\/12\/res-es-gratis\/","title":{"rendered":"Res no \u00e9s gratis"},"content":{"rendered":"<p align=\"justify\"><img data-recalc-dims=\"1\" loading=\"lazy\" decoding=\"async\" style=\"margin-left: 5px;margin-right: 5px\" alt=\"\" src=\"https:\/\/i0.wp.com\/auto.img.v4.skyrock.net\/0376\/75170376\/pics\/3005103801_2_3_DsgQHqN6.jpg?resize=201%2C151\" width=\"201\" height=\"151\" align=\"left\" \/>Llegia avui que el periodista catal\u00e0 Arcadi Espada escriu al diari EL MUNDO\u201d que \u201csiente por esos cientos de miles un profundo desprecio\u201d (es refereix a tota la gernaci\u00f3 que ahir vam anar a la Via Lliure) i, d\u2019alguna manera ens ve a tractar com a \u201cpersonas con deficiencias cognitivas de alg\u00fan g\u00e9nero\u201d pel fet d\u2019escoltar i fer cas dels missatges de l\u2019 ANC. Tampoc n\u2019hem de fer gaire cas de la gent que escriu al \u201cinmundo EL MUNDO\u201d dirigir per un tal Marhuerda i que arreplega tot all\u00f2 que no vol ning\u00fa. Ja sabem que aquest diari \u00e9s un diari de rebotats, de gent amb males digestions i que escriuen quan despr\u00e9s d\u2019una bona fartanera els puja la bilis i l\u2019han d&#8217;escopir d\u2019alguna manera o altra.Tenim altres cassos d\u2019il\u00b7lustres catalans (Boadella, Sostres i alguns altres) que pateixen aquest mateix mal i, de tant en tant, es despengen amb coses d\u2019aquestes per cridar l\u2019atenci\u00f3; perqu\u00e8 d\u2019altra manera no s\u2019ent\u00e9n.<\/p>\n<p align=\"justify\">Fa temps que sento dir que els independentistes ens comportem com un ramat de xais que seguim mansament uns quants il\u00b7luminats (el President Mas o Junqueres s\u00f3n els seus principals focus d\u2019atenci\u00f3). Pocs arguments ens donen per poder afirmar aix\u00f2, per\u00f2 ho repeteixen com una inacabable lletania un dia i un altre sense adonar-se que la seva posici\u00f3 \u00e9s molt m\u00e9s f\u00e0cil que la nostra. Diu que Mas &#8220;no ha tingut el coratge, l&#8217;elemental dec\u00e8ncia democr\u00e0tica de dir als seus s\u00fabdits que la independ\u00e8ncia nom\u00e9s podr\u00e0 aconseguir-se amb sang, suor i ll\u00e0grimes&#8221; com diu tamb\u00e9 Josep Fontana: &#8220;Tota independ\u00e8ncia necessita d&#8217;una guerra d&#8217;independ\u00e8ncia&#8221;.<\/p>\n<p align=\"justify\">El senyor Arcadi ha de saber que no som tan rucs per no adonar-nos que res \u00e9s gratis i tampoc som tan ingenus com per no saber que la independ\u00e8ncia de Catalunya ens costar\u00e0 sang, suor i ll\u00e0grimes \u2013i potser m\u00e9s d\u2019una cagarrina- en una Espanya profundament antidemocr\u00e0tica i tancada a qualsevol tipus de negociaci\u00f3, com es faria en qualsevol altre Estat on la democr\u00e0cia no fos nom\u00e9s una paraula que es fa servir per quedar b\u00e9 i on \u00e9s m\u00e9s important que l\u2019imperi pur i dur de la llei (que generalment es converteix en llei de l\u2019embut). Est\u00e0 b\u00e9 que ell es conformi amb el que t\u00e9 i estigui content amb la llibertat que li concedeixen graciosament. No hi tinc res a dir. Tampoc tinc res a dir que alguns s\u2019acostin a la menjadora que el poder\u00f3s Estat els omple cada dia i on hi troben tot tipus de facilitats. Estar al costat del Poder \u00e9s la posici\u00f3 m\u00e9s c\u00f2moda, senzilla i f\u00e0cil. Per\u00f2 \u00e9s possible que molts dels catalans que ahir vam anar a la Via Lliure no en tinguem prou i vulguem alguna cosa m\u00e9s. Es veu que aix\u00f2 \u00e9s molt dif\u00edcil d\u2019entendre per alguns que no \u201ctenen les defici\u00e8ncies cognitives\u201d que ens atribueix a nosaltres i que es veu que ells deuen ser \u00e9ssers superiors i amb facultats especials per entendre les coses. Res no \u00e9s gratis. La llibertat i la dignitat tampoc ho s\u00f3n.<\/p>\n<p align=\"justify\">Per\u00f2 jo no m\u2019atreviria a donar tantes lli\u00e7ons com ho fan ells i a aquests savis de pa sucat amb oli els aniria b\u00e9 la lli\u00e7\u00f3 que un alumne va donar a un professor seu en plena classe. Expliquen que en una classe d\u2019una famosa universitat un dels alumnes, inesperadament, li va preguntar al professor: &#8211; &#8220;\u00bfVost\u00e8 sap com es capturen els porcs senglars?&#8221; \u2026El professor va creure que era un acudit i esperava una resposta divertida \u2026 El jove va respondre que no era un acudit i li va continuar explicant:- &#8220;Vost\u00e8 pot capturar senglars buscant un lloc al bosc on vegi que s\u2019hi passegen. Despr\u00e9s hi tira en aquell indret una mica de blat de moro. Els porcs vindran di\u00e0riament a menjar el blat de moro. Per a ells \u00e9s un regal diari que els surt gratis. Quan s&#8217;acostumen a venir-hi di\u00e0riament vost\u00e8 construeix una tanca a un costat. Quan s\u2019han acostumat a la tanca i ells segueixen venint cada dia a menjar el blat de moro, vost\u00e8 construeix un altre costat de la tanca \u2026 Ells s\u2019hi van acostumant i cada dia tornen a menjar la seva raci\u00f3 de blat de moro. Vost\u00e8 poc a poc a poc va fent la tanca fins que nom\u00e9s hi quedi una porta d\u2019entrada. Els senglars seguiran venint i un dia, quan siguin a dins menjant, nom\u00e9s li caldr\u00e0 instal\u00b7lar la porta i podr\u00e0 capturar f\u00e0cilment tot el grup. \u00c9s aix\u00ed de simple. En un instant els senglars perden la seva llibertat. Quan se n\u2019adonin comen\u00e7aran a c\u00f3rrer desesperats dins de la tanca, per\u00f2 ja no tindran res a fer. Estan sotmesos. Despr\u00e9s, seguiran menjant el blat de moro que tindran cada dia f\u00e0cilment i grati. S\u2019hi hauran acostumat i fins i tot s\u2019oblidaran dels temps que s\u2019havien de buscar el menjar ells mateixos. hauran acceptat l\u2019esclavitud sense ni adonar-se\u2019n\u201d\u2026<\/p>\n","protected":false},"excerpt":{"rendered":"<p>Llegia avui que el periodista catal\u00e0 Arcadi Espada escriu al diari EL MUNDO\u201d que \u201csiente por esos cientos de miles un profundo desprecio\u201d (es refereix a tota la gernaci\u00f3 que ahir vam anar a la Via Lliure) i, d\u2019alguna manera ens ve a tractar com a \u201cpersonas con deficiencias cognitivas de alg\u00fan g\u00e9nero\u201d pel fet [&hellip;]<\/p>\n","protected":false},"author":214,"featured_media":0,"comment_status":"open","ping_status":"closed","sticky":false,"template":"","format":"standard","meta":{"_jetpack_memberships_contains_paid_content":false,"footnotes":"","jetpack_publicize_message":"","jetpack_publicize_feature_enabled":true,"jetpack_social_post_already_shared":false,"jetpack_social_options":{"image_generator_settings":{"template":"highway","default_image_id":0,"font":"","enabled":false},"version":2}},"categories":[2366,643,567],"tags":[31891,31850,31846],"class_list":["post-5425","post","type-post","status-publish","format-standard","hentry","category-dignitat","category-independencia","category-llibertat","tag-dignitat","tag-independencia","tag-llibertat"],"jetpack_publicize_connections":[],"jetpack_featured_media_url":"","jetpack_shortlink":"https:\/\/wp.me\/pagkjs-1pv","jetpack-related-posts":[],"jetpack_sharing_enabled":true,"_links":{"self":[{"href":"https:\/\/blogs.avui.cat\/jaumepubill\/wp-json\/wp\/v2\/posts\/5425","targetHints":{"allow":["GET"]}}],"collection":[{"href":"https:\/\/blogs.avui.cat\/jaumepubill\/wp-json\/wp\/v2\/posts"}],"about":[{"href":"https:\/\/blogs.avui.cat\/jaumepubill\/wp-json\/wp\/v2\/types\/post"}],"author":[{"embeddable":true,"href":"https:\/\/blogs.avui.cat\/jaumepubill\/wp-json\/wp\/v2\/users\/214"}],"replies":[{"embeddable":true,"href":"https:\/\/blogs.avui.cat\/jaumepubill\/wp-json\/wp\/v2\/comments?post=5425"}],"version-history":[{"count":2,"href":"https:\/\/blogs.avui.cat\/jaumepubill\/wp-json\/wp\/v2\/posts\/5425\/revisions"}],"predecessor-version":[{"id":5427,"href":"https:\/\/blogs.avui.cat\/jaumepubill\/wp-json\/wp\/v2\/posts\/5425\/revisions\/5427"}],"wp:attachment":[{"href":"https:\/\/blogs.avui.cat\/jaumepubill\/wp-json\/wp\/v2\/media?parent=5425"}],"wp:term":[{"taxonomy":"category","embeddable":true,"href":"https:\/\/blogs.avui.cat\/jaumepubill\/wp-json\/wp\/v2\/categories?post=5425"},{"taxonomy":"post_tag","embeddable":true,"href":"https:\/\/blogs.avui.cat\/jaumepubill\/wp-json\/wp\/v2\/tags?post=5425"}],"curies":[{"name":"wp","href":"https:\/\/api.w.org\/{rel}","templated":true}]}}