{"id":5395,"date":"2015-08-18T20:12:21","date_gmt":"2015-08-18T19:12:21","guid":{"rendered":"http:\/\/blogs.avui.cat\/jaumepubill\/?p=5395"},"modified":"2015-08-18T20:12:21","modified_gmt":"2015-08-18T19:12:21","slug":"mollerussa-un-petit-poble-del-s-xvii","status":"publish","type":"post","link":"https:\/\/blogs.avui.cat\/jaumepubill\/2015\/08\/18\/mollerussa-un-petit-poble-del-s-xvii\/","title":{"rendered":"Mollerussa, un petit poble del S. XVII"},"content":{"rendered":"<h3><a style=\"font-size: 13px\" href=\"https:\/\/es.wikipedia.org\/wiki\/Cosme_III_de_M%C3%A9dici\"><strong><em><img loading=\"lazy\" decoding=\"async\" style=\"margin-left: 5px;margin-right: 5px\" alt=\"\" src=\"https:\/\/upload.wikimedia.org\/wikipedia\/commons\/6\/64\/Cosimo-III-BR.jpg\" width=\"154\" height=\"238\" align=\"left\" \/><\/em><\/strong><\/a><\/h3>\n<div id=\"post-body-4284491861612334105\">\n<div align=\"justify\"><a href=\"https:\/\/es.wikipedia.org\/wiki\/Cosme_III_de_M%C3%A9dici\"><strong><em>Cosme III de M\u00e8dici<\/em><\/strong><\/a>, pr\u00edncep hereu del gran ducat de Toscana,\u00a0 va fer un llarg viatge per Espanya i\u00a0Portugal des del 18 de setembre de 1668 fins al 19 de mar\u00e7 de 1669. Posteriorment, va continuar el seu recorregut per Irlanda, Anglaterra, Holanda i Fran\u00e7a.<\/div>\n<div align=\"justify\">A Espanya, va iniciar el viatge a Catalunya i va anar visitant diferents ciutats i pobles fins arribar a Extremadura.\u00a0 Des de Badajoz, el dia\u00a09 de gener va passar a Portugal per tal de continuar el seu viatge all\u00e0.<\/div>\n<div align=\"justify\"><strong>Cosme de M\u00e8dici<\/strong>\u00a0anava acompanyat dels escriptors<b>\u00a0<\/b><b>Lorenzo Magalotti<\/b>\u00a0i<b>Filippo Corsini<\/b>\u00a0que van anar prenent notes del viatge. A la Introducci\u00f3 de<strong><em>Viaje de M\u00e9dicis por Espa\u00f1a y Portugal<\/em><\/strong>, se senyala:<\/div>\n<blockquote>\n<div align=\"justify\"><i>\u00abPor la impresi\u00f3n que dan los pueblos, tenemos que decir, a nuestro pesar, que la impresi\u00f3n que los viajeros se llevan no parece ser demasiado halag\u00fce\u00f1a. La condici\u00f3n, generalmente miserable, suscita unos juicios no siempre amables [\u2026] Pero, aparte del car\u00e1cter miserable que se reconoce a esos pueblos, lo que m\u00e1s disgusta a los refinados florentinos es la suciedad que domina en ellos. Y no s\u00f3lo pueblos, o pueblecitos como Torrija o Guadalajara, sino ciudades como Alcal\u00e1, las que presentan calles generalmente intolerables por el mal olor determinado por la costumbre de vaciar en ella, durante el d\u00eda, las peores suciedades.\u00bb<\/i><\/div>\n<\/blockquote>\n<div align=\"justify\">A\u00a0<strong>Cosme de M\u00e8dici tamb\u00e9 l\u2019acompanyava<\/strong>\u00a0el pintor i arquitecte\u00a0<a href=\"http:\/\/en.wikipedia.org\/wiki\/Pier_Maria_Baldi\"><strong><em>Pier Mar\u00eda Baldi<\/em><\/strong><\/a>\u00a0que va fer una interessant col\u00b7lecci\u00f3 d\u2019aquarel\u00b7les, amb vistes panor\u00e0miques d\u2019algunes localitats per\u00a0on passaven i que il\u00b7lustren la cr\u00f2nica del viatge.<\/div>\n<div align=\"justify\">Les aquarel\u00b7les que il\u00b7lustren la\u00a0<a href=\"http:\/\/purl.pt\/12926\"><em><strong>cr\u00f2nica oficial que va redactar Magalotti<\/strong><\/em><\/a>\u00a0es poden visualitzar, si es t\u00e9 una mica de paci\u00e8ncia, fent clic a la imatge:<\/div>\n<div align=\"justify\"><a href=\"http:\/\/purl.pt\/12926\/3\/\"><img data-recalc-dims=\"1\" loading=\"lazy\" decoding=\"async\" alt=\"Portada\" src=\"https:\/\/delpergaminoalaweb.files.wordpress.com\/2015\/03\/portada.jpg?w=717&#038;h=379&#038;fit=717%2C379&#038;resize=327%2C265\" width=\"327\" height=\"265\" \/><\/a><\/div>\n<div align=\"justify\">\n<pre>Viaje de Cosme de M\u00e9dicis por Espa\u00f1a y Portugal (1668-1669) [Material gr\u00e1fico] : l\u00e1minas \/ [por\r\n Pier Maria Baldi] ; edici\u00f3n y notas por \u00c1ngel S\u00e1nchez Rivero y \u00c1ngela Mariutti de S\u00e1nchez Rivero\r\n . -- Madrid: Junta para Ampliaci\u00f3n de Estudios e Investigaciones Cient\u00edficas, Centro de Estudios\r\nHist\u00f3ricos, [1933] (Fototipia Hauser y Menet)\r\n3 h., LXXI l\u00e1m. en una carpeta ; 50 x 63 cm<\/pre>\n<pre><\/pre>\n<\/div>\n<div align=\"justify\">MAGALOTTI,\u00a0Lorenzo,\u00a01637-1712<br \/>\nViaje de Cosme de M\u00e9dicis por Espa\u00f1a y Portugal (1668-1669) \/ edicion y notas por Angel S\u00e1nchez Rivero y Angela Mariutti de S\u00e1nchez Rivero. &#8211; Madrid : Sucesores de Rivadeneyra,\u00a0[1933]. &#8211; XXVI, 347 p. + 1 pasta (3 f., 71 estampas) ; 25 cm, 51&#215;67 cm<\/div>\n<div align=\"justify\"><\/div>\n<div align=\"justify\"><a href=\"http:\/\/quinalafem.blogspot.com.es\/2014\/05\/723-mollerussa-un-petit-poble-del-segle.html\">Quina la fem? blog de J M MIR<\/a>\u00a0 \u00e9s un blog\u00a0que publica interessants dades hist\u00f2riques, geogr\u00e0fiques i de cultura popular, especialment de les nostres terres de ponent. Avui li copio aquest apunt que fa refer\u00e8ncia a l\u2019aquarel\u00b7la de Mollerussa\u00a0 que va fer Baldi en aquest viatge.<\/div>\n<div align=\"justify\"><a href=\"https:\/\/www.blogger.com\/null\" name=\"3740625610158037417\"><\/a><\/div>\n<h2 align=\"justify\">[723] Mollerussa, un petit poble del segle XVII<\/h2>\n<div align=\"justify\"><\/div>\n<div align=\"justify\"><\/div>\n<div align=\"justify\"><a href=\"https:\/\/i0.wp.com\/1.bp.blogspot.com\/-NFHw5jGmBDk\/U3ISmjvLSuI\/AAAAAAAAvoE\/IMBmstmizpA\/s1600\/Baldi_Mollerussa_00.JPG\"><img data-recalc-dims=\"1\" loading=\"lazy\" decoding=\"async\" style=\"border: 0px\" alt=\"\" src=\"https:\/\/i0.wp.com\/1.bp.blogspot.com\/-NFHw5jGmBDk\/U3ISmjvLSuI\/AAAAAAAAvoE\/IMBmstmizpA\/s1600\/Baldi_Mollerussa_00.JPG?resize=448%2C118\" width=\"448\" height=\"118\" border=\"0\" \/><\/a><\/div>\n<div align=\"justify\"><b>1668-69. Mollerussa, el Pla d&#8217;Urgell.<\/b><\/div>\n<div align=\"justify\"><b><i>\u00abViatge de Cosme M\u00e8dici&#8230;\u00bb,<\/i><\/b><b>\u00a0aquarel\u00b7la de P.M. Baldi.<\/b><\/div>\n<div align=\"justify\">\n<div align=\"justify\">Detall de l&#8217;obra d&#8217;aquest dibuixant itali\u00e0, que acompany\u00e0, entre setembre de 1668-69, el pr\u00edncep hereu del Gran Ducat de Toscana, Cosme III de M\u00e8dici, un dels pr\u00ednceps renaixentistes m\u00e9s destacats de la seua \u00e8poca, i que d&#8217;acord amb les idees del moment volia ampliar horitzons i veure m\u00f3n. Pier Maria Baldi pint\u00e0 aquarel\u00b7les de les ciutats per on la comitiva ducal va anar passant durant aquell any i les l\u00e0mines que ens han arribat s\u00f3n un dels m\u00e9s destacats retrats de les poblacions i ciutats ib\u00e8riques siscentistes. Segurament, aquesta \u00e9s la primera vista mai feta de Mollerussa, fa uns tres-cents cinquanta anys.<\/div>\n<div align=\"justify\"><\/div>\n<p>La present imatge no pot fer honor a l&#8217;original. Vista en mida grossa, \u00e9s desoladora: ni un arbre, ni un signe de vida fins all\u00e0 on la vista allarga. Aix\u00f2 era la plana urgellenca: el clot del dimoni, temperatures extremes d&#8217;estiu i d&#8217;hivern, un graner els anys que plovia, un pla des\u00e8rtic els anys de sequera (cliqueu damunt per fer la foto una mica m\u00e9s gran).<\/p>\n<\/div>\n<div align=\"justify\"><\/div>\n<div align=\"justify\"><a href=\"https:\/\/i0.wp.com\/1.bp.blogspot.com\/-QEbF_xwrpyA\/U3ISmT0mWEI\/AAAAAAAAvoA\/hIe3Sru6OUM\/s1600\/Baldi_Mollerussa_00a.JPG\"><img data-recalc-dims=\"1\" loading=\"lazy\" decoding=\"async\" class=\"aligncenter\" style=\"border: 0px\" alt=\"\" src=\"https:\/\/i0.wp.com\/1.bp.blogspot.com\/-QEbF_xwrpyA\/U3ISmT0mWEI\/AAAAAAAAvoA\/hIe3Sru6OUM\/s1600\/Baldi_Mollerussa_00a.JPG?resize=448%2C213\" width=\"448\" height=\"213\" border=\"0\" \/><\/a><\/div>\n<div align=\"justify\"><b>1668-69. Mollerussa, el Pla d&#8217;Urgell.<\/b><\/div>\n<div align=\"justify\"><b><i>\u00abViatge de Cosme M\u00e8dici&#8230;\u00bb,<\/i><\/b><b>\u00a0aquarel\u00b7la de P.M. Baldi.<\/b><br \/>\nL&#8217;animaci\u00f3 humana de la imatge, situada a l&#8217;extrem, encara la fa m\u00e9s inh\u00f2spita. Sota aquells bats de sol, el tr\u00e0nsit per la plana lleidatana de poblaci\u00f3 en poblaci\u00f3 no era gens agradable. La solit\u00e0ria creu de terme marcava l&#8217;arribada al poble venint de Lleida en direcci\u00f3 cap a l&#8217;est.<\/div>\n<div align=\"justify\"><\/div>\n<div align=\"justify\"><a href=\"https:\/\/i0.wp.com\/3.bp.blogspot.com\/-tB5kdBvPgiY\/U3ISsH4zPYI\/AAAAAAAAvoo\/SkUlCQr41Us\/s1600\/Baldi_Mollerussa_04.JPG\"><img data-recalc-dims=\"1\" loading=\"lazy\" decoding=\"async\" style=\"border: 0px\" alt=\"\" src=\"https:\/\/i0.wp.com\/3.bp.blogspot.com\/-tB5kdBvPgiY\/U3ISsH4zPYI\/AAAAAAAAvoo\/SkUlCQr41Us\/s1600\/Baldi_Mollerussa_04.JPG?resize=448%2C280\" width=\"448\" height=\"280\" border=\"0\" \/><\/a><\/div>\n<div align=\"justify\"><b>1668-69. Mollerussa, el Pla d&#8217;Urgell.<\/b><\/div>\n<div align=\"justify\"><b><i>\u00abViatge de Cosme M\u00e8dici&#8230;\u00bb,<\/i><\/b><b>\u00a0aquarel\u00b7la de P.M. Baldi.<\/b><br \/>\nDetall dels dos viatges a cavall de mules i del seu criat, a peu.<\/div>\n<div align=\"justify\"><\/div>\n<div align=\"justify\"><a href=\"https:\/\/i0.wp.com\/3.bp.blogspot.com\/-7idTmjCfSYE\/U3ISrKXwqxI\/AAAAAAAAvog\/VDBJqXUVpLg\/s1600\/Baldi_Mollerussa_05.JPG\"><img data-recalc-dims=\"1\" loading=\"lazy\" decoding=\"async\" style=\"border: 0px\" alt=\"\" src=\"https:\/\/i0.wp.com\/3.bp.blogspot.com\/-7idTmjCfSYE\/U3ISrKXwqxI\/AAAAAAAAvog\/VDBJqXUVpLg\/s1600\/Baldi_Mollerussa_05.JPG?resize=448%2C263\" width=\"448\" height=\"263\" border=\"0\" \/><\/a><\/div>\n<div align=\"justify\"><b>1668-69. Mollerussa, el Pla d&#8217;Urgell.<\/b><\/div>\n<div align=\"justify\"><b><i>\u00abViatge de Cosme M\u00e8dici&#8230;\u00bb,<\/i><\/b><b>\u00a0aquarel\u00b7la de P.M. Baldi.<\/b><br \/>\nCap arbre a l&#8217;horitz\u00f3, nom\u00e9s la solitud que la creu de terme encara refor\u00e7ava, all\u00e0 gens acompanyada. No ho conec del cert, per\u00f2 diria que no, que aquesta creu, probablement d&#8217;origen medieval, no ens ha pervingut fins avui.<\/div>\n<div align=\"justify\"><\/div>\n<div align=\"justify\"><a href=\"https:\/\/i0.wp.com\/3.bp.blogspot.com\/-6VrTm4J1UAA\/U3ISpqYAQFI\/AAAAAAAAvoY\/tdP7cBIULt8\/s1600\/Baldi_Mollerussa_03.JPG\"><img data-recalc-dims=\"1\" loading=\"lazy\" decoding=\"async\" style=\"border: 0px\" alt=\"\" src=\"https:\/\/i0.wp.com\/3.bp.blogspot.com\/-6VrTm4J1UAA\/U3ISpqYAQFI\/AAAAAAAAvoY\/tdP7cBIULt8\/s1600\/Baldi_Mollerussa_03.JPG?resize=448%2C246\" width=\"448\" height=\"246\" border=\"0\" \/><\/a><\/div>\n<div align=\"justify\"><b>1668-69. Mollerussa, el Pla d&#8217;Urgell.<\/b><\/div>\n<div align=\"justify\"><b><i>\u00abViatge de Cosme M\u00e8dici&#8230;\u00bb,<\/i><\/b><b>\u00a0aquarel\u00b7la de P.M. Baldi.<\/b><br \/>\nDetall del poble envoltat d&#8217;un mur que m\u00e9s aviat fa l&#8217;efecte que \u00e9s de t\u00e0pia m\u00e9s que no pas de pedra.\u00a0 En primer terme, la portalada d&#8217;acc\u00e9s que es trobava venint de Lleida. La vila no tenia gaires cases, era prou petita. De fet, aix\u00ed ser\u00e0 fins a l&#8217;arribada de l&#8217;aigua del Canal d&#8217;Urgell. Destaca la torra rere la portalada, al costat d&#8217;un casalot que podria ben b\u00e9 correspondre&#8217;s amb la coneguda Casa Forta, que f\u00e9u les funcions d&#8217;ajuntament fins als anys 1950.<\/div>\n<div align=\"justify\"><\/div>\n<div align=\"justify\"><a href=\"https:\/\/i0.wp.com\/2.bp.blogspot.com\/-LmODk7m0M0Y\/U3ISsPbvjDI\/AAAAAAAAvos\/s0baXGSDUFs\/s1600\/Baldi_Mollerussa_06.JPG\"><img data-recalc-dims=\"1\" loading=\"lazy\" decoding=\"async\" style=\"border: 0px\" alt=\"\" src=\"https:\/\/i0.wp.com\/2.bp.blogspot.com\/-LmODk7m0M0Y\/U3ISsPbvjDI\/AAAAAAAAvos\/s0baXGSDUFs\/s1600\/Baldi_Mollerussa_06.JPG?resize=448%2C269\" width=\"448\" height=\"269\" border=\"0\" \/><\/a><\/div>\n<div align=\"justify\"><b>1668-69. Mollerussa, el Pla d&#8217;Urgell.<\/b><\/div>\n<div align=\"justify\"><b><i>\u00abViatge de Cosme M\u00e8dici&#8230;\u00bb,<\/i><\/b><b>\u00a0aquarel\u00b7la de P.M. Baldi.<\/b><br \/>\nL&#8217;esgl\u00e9sia de Sant Jaume, llavors a la dreta. El canvi de situaci\u00f3 es produ\u00ed a mitjan segle XX. Llavors, Isidre Puig Boada, arquitecte dioces\u00e0, presenta un projecte de construcci\u00f3 d&#8217;una nova esgl\u00e9sia, prevista a l\u2019altra banda de carretera d\u2019on es trobava l\u2019esgl\u00e9sia vella. En l\u2019expedient de reconstrucci\u00f3, s&#8217;informa d\u2019un acord amb l\u2019Ajuntament per tal de rectificar el tra\u00e7at de la carretera que passava entre la Casa Consistorial i les restes de l\u2019esgl\u00e9sia parroquial, de manera que l\u2019Ajuntament adquiria el solar i restes de la parr\u00f2quia, i a canvi li cedia un solar contigu a la municipalitat d&#8217;aleshores. Aquest acord tard\u00e0 anys a portar-se a terme, i les restes de l\u2019esgl\u00e9sia vella no foren definitivament enrunades fins a l\u2019any 1957, per b\u00e9 que les obres de l\u2019esgl\u00e9sia nova s\u2019havien comen\u00e7at l\u2019any 1949 i s\u2019inaugurava l\u2019any 1952.<\/div>\n<div align=\"justify\"><\/div>\n<div align=\"justify\"><a href=\"https:\/\/i0.wp.com\/2.bp.blogspot.com\/-YjCZLbH3DNU\/U3ISs43GabI\/AAAAAAAAvo4\/4QcGh_EvymU\/s1600\/Baldi_Mollerussa_07.JPG\"><img data-recalc-dims=\"1\" loading=\"lazy\" decoding=\"async\" style=\"border: 0px\" alt=\"\" src=\"https:\/\/i0.wp.com\/2.bp.blogspot.com\/-YjCZLbH3DNU\/U3ISs43GabI\/AAAAAAAAvo4\/4QcGh_EvymU\/s1600\/Baldi_Mollerussa_07.JPG?resize=448%2C231\" width=\"448\" height=\"231\" border=\"0\" \/><\/a><\/div>\n<div align=\"justify\"><b>1668-69. Mollerussa, el Pla d&#8217;Urgell.<\/b><\/div>\n<div align=\"justify\"><b><i>\u00abViatge de Cosme M\u00e8dici&#8230;\u00bb,<\/i><\/b><b>\u00a0aquarel\u00b7la de P.M.Baldi.<\/b><\/div>\n<div align=\"justify\">Detall del mur de la vila per la banda oest, mentre que per la contr\u00e0ria sembla com si les mateixes cases s&#8217;afilerin per fer un carrer de vila closa.<\/div>\n<div align=\"justify\"><\/div>\n<div align=\"justify\"><a href=\"https:\/\/i0.wp.com\/2.bp.blogspot.com\/-9YlLdYxP0aI\/U3ISoHWt0XI\/AAAAAAAAvoQ\/V8Q0OuqeB08\/s1600\/Baldi_Mollerussa_02.JPG\"><img data-recalc-dims=\"1\" loading=\"lazy\" decoding=\"async\" style=\"border: 0px\" alt=\"\" src=\"https:\/\/i0.wp.com\/2.bp.blogspot.com\/-9YlLdYxP0aI\/U3ISoHWt0XI\/AAAAAAAAvoQ\/V8Q0OuqeB08\/s1600\/Baldi_Mollerussa_02.JPG?resize=448%2C274\" width=\"448\" height=\"274\" border=\"0\" \/><\/a><\/div>\n<div align=\"justify\"><b>1668-69. Mollerussa, el Pla d&#8217;Urgell.<\/b><\/div>\n<div align=\"justify\"><b><i>\u00abViatge de Cosme M\u00e8dici&#8230;\u00bb,<\/i><\/b><b>\u00a0aquarel\u00b7la de P.M.Baldi.<\/b><br \/>\nDetall del poble per la banda m\u00e9s oriental, arribant de T\u00e0rrega i Bellpuig. Sembla que unes pletes i un hostal rebien el viatger que creuava el pla.<\/div>\n<\/div>\n","protected":false},"excerpt":{"rendered":"<p>Cosme III de M\u00e8dici, pr\u00edncep hereu del gran ducat de Toscana,\u00a0 va fer un llarg viatge per Espanya i\u00a0Portugal des del 18 de setembre de 1668 fins al 19 de mar\u00e7 de 1669. Posteriorment, va continuar el seu recorregut per Irlanda, Anglaterra, Holanda i Fran\u00e7a. A Espanya, va iniciar el viatge a Catalunya i va [&hellip;]<\/p>\n","protected":false},"author":214,"featured_media":0,"comment_status":"open","ping_status":"closed","sticky":false,"template":"","format":"standard","meta":{"_jetpack_memberships_contains_paid_content":false,"footnotes":"","jetpack_publicize_message":"","jetpack_publicize_feature_enabled":true,"jetpack_social_post_already_shared":false,"jetpack_social_options":{"image_generator_settings":{"template":"highway","default_image_id":0,"font":"","enabled":false},"version":2}},"categories":[17137,4627],"tags":[29718,31957],"class_list":["post-5395","post","type-post","status-publish","format-standard","hentry","category-mollerussa-catalunya-paisos","category-pla-d-urgell","tag-el-pla-durgell","tag-mollerussa-catalunya-paisos"],"jetpack_publicize_connections":[],"jetpack_featured_media_url":"","jetpack_shortlink":"https:\/\/wp.me\/pagkjs-1p1","jetpack-related-posts":[],"jetpack_sharing_enabled":true,"_links":{"self":[{"href":"https:\/\/blogs.avui.cat\/jaumepubill\/wp-json\/wp\/v2\/posts\/5395","targetHints":{"allow":["GET"]}}],"collection":[{"href":"https:\/\/blogs.avui.cat\/jaumepubill\/wp-json\/wp\/v2\/posts"}],"about":[{"href":"https:\/\/blogs.avui.cat\/jaumepubill\/wp-json\/wp\/v2\/types\/post"}],"author":[{"embeddable":true,"href":"https:\/\/blogs.avui.cat\/jaumepubill\/wp-json\/wp\/v2\/users\/214"}],"replies":[{"embeddable":true,"href":"https:\/\/blogs.avui.cat\/jaumepubill\/wp-json\/wp\/v2\/comments?post=5395"}],"version-history":[{"count":2,"href":"https:\/\/blogs.avui.cat\/jaumepubill\/wp-json\/wp\/v2\/posts\/5395\/revisions"}],"predecessor-version":[{"id":5397,"href":"https:\/\/blogs.avui.cat\/jaumepubill\/wp-json\/wp\/v2\/posts\/5395\/revisions\/5397"}],"wp:attachment":[{"href":"https:\/\/blogs.avui.cat\/jaumepubill\/wp-json\/wp\/v2\/media?parent=5395"}],"wp:term":[{"taxonomy":"category","embeddable":true,"href":"https:\/\/blogs.avui.cat\/jaumepubill\/wp-json\/wp\/v2\/categories?post=5395"},{"taxonomy":"post_tag","embeddable":true,"href":"https:\/\/blogs.avui.cat\/jaumepubill\/wp-json\/wp\/v2\/tags?post=5395"}],"curies":[{"name":"wp","href":"https:\/\/api.w.org\/{rel}","templated":true}]}}