{"id":5369,"date":"2015-07-30T09:56:26","date_gmt":"2015-07-30T08:56:26","guid":{"rendered":"http:\/\/blogs.avui.cat\/jaumepubill\/?p=5369"},"modified":"2015-07-30T12:17:37","modified_gmt":"2015-07-30T11:17:37","slug":"estany-d-ivars-i-vila-sana","status":"publish","type":"post","link":"https:\/\/blogs.avui.cat\/jaumepubill\/2015\/07\/30\/estany-d-ivars-i-vila-sana\/","title":{"rendered":"Estany d&#8217; Ivars i Vila-Sana"},"content":{"rendered":"<div id=\"post-body-1495438980970155672\">\n<div align=\"justify\"><strong><img data-recalc-dims=\"1\" loading=\"lazy\" decoding=\"async\" style=\"margin-left: 5px;margin-right: 5px\" alt=\"\" src=\"https:\/\/i0.wp.com\/www.calribero.com\/wp-content\/uploads\/2012\/06\/Estany-dIvars-i-Vilasana-2.jpg?resize=191%2C135\" width=\"191\" height=\"135\" align=\"left\" \/>Com que som a l\u2019estiu i amb aquestes calorades que ens regala no em ve gaire de gust escriure sobre segons quins temes, he decidit recollir alguns textos extrets d\u2019ac\u00ed i d\u2019all\u00e0 sobre l\u2019 Estany d\u2019 Ivars i Vila-Sana.<\/strong><\/div>\n<div align=\"justify\"><\/div>\n<div align=\"justify\"><strong>Alguns ja coneixeu aquest bell indret del Pla d\u2019 Urgell per\u00f2, per a qui no el conegui, pot ser interessant. A m\u00e9s, passejar-se entorn d\u2019un bene\u00eft toll d\u2019aigua com aquest, amb el bat de sol que cada dia ens cau al damunt, pot ser refrescant i relaxant, a m\u00e9s de ser mentalment saludable deixar una mica de banda certs temes que fan mal al fetge de tan pesats de digerir.<\/strong><\/div>\n<div align=\"justify\"><strong>\u00a0<\/strong><\/div>\n<div align=\"justify\"><strong>L&#8217;Estany d&#8217;Ivars i Vila-sana\u00a0<\/strong>(el Pla d\u2019Urgell &#8211; les Terres de Lleida) \u00e9s una llacuna d&#8217;aigua dol\u00e7a recuperada despr\u00e9s d\u2019una colla d\u2019anys d\u2019haver estat dessecada. Es tracta de l&#8217;estany interior de Catalunya m\u00e9s gran quant a dimensions i acull una important diversitat biol\u00f2gica. Va ser una de les zones humides m\u00e9s importants de la Catalunya interior fins a la seva dessecaci\u00f3 l&#8217;any 1951. Aquest estany, ben viu encara a la mem\u00f2ria popular, ha reeixit amb el projecte de recuperaci\u00f3 i condicionament ecol\u00f2gic que s&#8217;hi ha executat.<\/div>\n<div align=\"justify\"><img data-recalc-dims=\"1\" loading=\"lazy\" decoding=\"async\" style=\"margin-left: 5px;margin-right: 5px\" alt=\"\" src=\"https:\/\/i0.wp.com\/2.bp.blogspot.com\/-PviHw7i5oJ4\/VODqxe_8MEI\/AAAAAAAAWfQ\/l4pw_wybf80\/s1600\/DSC_1916.NEF.jpg?resize=214%2C112\" width=\"214\" height=\"112\" align=\"right\" \/><\/div>\n<div align=\"justify\">D\u2019en\u00e7\u00e0 que el 2005 es va iniciar la inundaci\u00f3, l\u2019estany ja mostra un paisatge plenament transformat amb una important diversitat biol\u00f2gica. Les seves dimensions s\u00f3n molt importants:\u00a0<strong>126 ha<\/strong>de l\u00e0mina d\u2019aigua que constitueixen un per\u00edmetre de gaireb\u00e9 6 km, amb una amplada m\u00e0xima de 800 m, una longitud de 2.200 m i una profunditat mitjana d&#8217;1,9 m. Actualment, l\u2019aigua prov\u00e9 del<strong>canal d\u2019Urgell<\/strong>\u00a0i es correspon a la mateixa dotaci\u00f3 que fins fa poc temps s\u2019emprava per conrear aquestes terres. Origin\u00e0riament, era un estany endorreic que gaireb\u00e9 s\u2019assecava a l\u2019estiu i que amb l\u2019arribada de les aig\u00fces del canal es va convertir en una gran zona humida.<\/div>\n<div align=\"justify\"><\/div>\n<div align=\"justify\"><img data-recalc-dims=\"1\" loading=\"lazy\" decoding=\"async\" style=\"margin-left: 5px;margin-right: 5px\" alt=\"\" src=\"https:\/\/i0.wp.com\/4.bp.blogspot.com\/-iVB65MxR-bk\/VODroKOghzI\/AAAAAAAAWjA\/-m5uT6RZ4Eo\/s1600\/DSC_0158.NEF%2B%282%29.jpg?resize=203%2C136\" width=\"203\" height=\"136\" align=\"left\" \/>Des del punt de vista ornitol\u00f2gic l\u2019estany d\u2019Ivars i Vila-sana s\u2019ha convertit\u00a0<strong>en una de les zones humides m\u00e9s importants de Catalunya\u00a0<\/strong>pel que fa a l\u2019observaci\u00f3 de les aus. Hi destaca la diversitat d\u2019esp\u00e8cies que es poden observar: m\u00e9s de 200 al llarg de l\u2019any, entre sedent\u00e0ries, estivals, hivernants o de pas. D\u2019altra banda, a l\u2019hivern s\u2019hi donen concentracions de centenars d\u2019\u00e0necs, fotges, gavines, fredelugues, etc. que han comportat que l\u2019estany\u00a0<strong>esdevingui la principal zona humida de l\u2019interior de Catalunya.<\/strong><\/div>\n<div align=\"justify\"><strong>\u00a0<\/strong><\/div>\n<div align=\"justify\">L\u2019estany disposa de\u00a0<strong>dos punts d\u2019informaci\u00f3<\/strong>\u00a0situats a les zones d\u2019arribada: (una al costat sud-est: acc\u00e9s des d&#8217;Ivars) i l&#8217;altra al costat nord-oest (acc\u00e9s des de Vila-sana i Vallverd), d\u2019on parteixen els itineraris naturals equipats amb miradors, aguaits i plafons d\u2019interpretaci\u00f3 ambiental. En conjunt es tracta d\u2019un espai natural de gran inter\u00e8s ecol\u00f2gic i preparat per fer-hi agradables passejades a peu i amb bicicleta. Al llarg del per\u00edmetre,\u00a0 la profunditat \u00e9s molt baixa (menys d&#8217;1 metre), de manera que<img data-recalc-dims=\"1\" loading=\"lazy\" decoding=\"async\" style=\"margin-left: 5px;margin-right: 5px\" alt=\"\" src=\"https:\/\/i0.wp.com\/4.bp.blogspot.com\/-sjTISK2_i84\/VODr6cRv9EI\/AAAAAAAAWj4\/0IZzMdkyFm0\/s1600\/DSC_0217.NEF.jpg?resize=112%2C167\" width=\"112\" height=\"167\" align=\"right\" \/>\u00a0proliferen les comunitats lacustres. I la profunditat m\u00e0xima no arriba als quatre metres. Al llarg de l&#8217;estany s&#8217;hi han recreat illes amb diferents formes, pendents, al\u00e7ades i empla\u00e7aments que afavoreixen la fauna, especialment els ocells, amb punts de descans, alimentaci\u00f3 i reproducci\u00f3.<\/div>\n<div align=\"justify\"><\/div>\n<div align=\"justify\">L&#8217;estany est\u00e0 situat a la comarca del Pla d&#8217;Urgell, entre les poblacions d&#8217;Ivars d&#8217;Urgell (2 km a l&#8217;oest), Vila-sana (2 km al nord-est) i Vallverd (a 1 km al sud). La capital comarcal, Mollerussa, es troba a tan sols 8 km de l&#8217;estany, mentre que Lleida es troba a 35 km i Barcelona a 140 km. Des de l&#8217;autovia A2 i a trav\u00e9s de les respectives sortides d&#8217;Ivars d&#8217;Urgell o Vila-sana, s&#8217;hi accedeix amb menys de 10 km. Tamb\u00e9, des de qualsevol de les poblacions de l&#8217;entorn, s&#8217;hi arriba per camins rurals ben senyalitzats.<\/div>\n<div align=\"justify\"><\/div>\n<div align=\"justify\"><strong>M\u00e9s informaci\u00f3:<\/strong>\u00a0<a href=\"http:\/\/www.estanyivarsvilasana.cat\/\">http:\/\/www.estanyivarsvilasana.cat\/<\/a>\u00a0Fotos N\u00faria Tom\u00e0s<\/div>\n<\/div>\n","protected":false},"excerpt":{"rendered":"<p>Com que som a l\u2019estiu i amb aquestes calorades que ens regala no em ve gaire de gust escriure sobre segons quins temes, he decidit recollir alguns textos extrets d\u2019ac\u00ed i d\u2019all\u00e0 sobre l\u2019 Estany d\u2019 Ivars i Vila-Sana. Alguns ja coneixeu aquest bell indret del Pla d\u2019 Urgell per\u00f2, per a qui no el [&hellip;]<\/p>\n","protected":false},"author":214,"featured_media":0,"comment_status":"open","ping_status":"closed","sticky":false,"template":"","format":"standard","meta":{"_jetpack_memberships_contains_paid_content":false,"footnotes":"","jetpack_publicize_message":"","jetpack_publicize_feature_enabled":true,"jetpack_social_post_already_shared":false,"jetpack_social_options":{"image_generator_settings":{"template":"highway","default_image_id":0,"font":"","enabled":false},"version":2}},"categories":[17142,4627],"tags":[29718,3983],"class_list":["post-5369","post","type-post","status-publish","format-standard","hentry","category-estany-d-ivars-i-vila-sana","category-pla-d-urgell","tag-el-pla-durgell","tag-estany-divars-i-vila-sana"],"jetpack_publicize_connections":[],"jetpack_featured_media_url":"","jetpack_shortlink":"https:\/\/wp.me\/pagkjs-1oB","jetpack-related-posts":[],"jetpack_sharing_enabled":true,"_links":{"self":[{"href":"https:\/\/blogs.avui.cat\/jaumepubill\/wp-json\/wp\/v2\/posts\/5369","targetHints":{"allow":["GET"]}}],"collection":[{"href":"https:\/\/blogs.avui.cat\/jaumepubill\/wp-json\/wp\/v2\/posts"}],"about":[{"href":"https:\/\/blogs.avui.cat\/jaumepubill\/wp-json\/wp\/v2\/types\/post"}],"author":[{"embeddable":true,"href":"https:\/\/blogs.avui.cat\/jaumepubill\/wp-json\/wp\/v2\/users\/214"}],"replies":[{"embeddable":true,"href":"https:\/\/blogs.avui.cat\/jaumepubill\/wp-json\/wp\/v2\/comments?post=5369"}],"version-history":[{"count":3,"href":"https:\/\/blogs.avui.cat\/jaumepubill\/wp-json\/wp\/v2\/posts\/5369\/revisions"}],"predecessor-version":[{"id":5372,"href":"https:\/\/blogs.avui.cat\/jaumepubill\/wp-json\/wp\/v2\/posts\/5369\/revisions\/5372"}],"wp:attachment":[{"href":"https:\/\/blogs.avui.cat\/jaumepubill\/wp-json\/wp\/v2\/media?parent=5369"}],"wp:term":[{"taxonomy":"category","embeddable":true,"href":"https:\/\/blogs.avui.cat\/jaumepubill\/wp-json\/wp\/v2\/categories?post=5369"},{"taxonomy":"post_tag","embeddable":true,"href":"https:\/\/blogs.avui.cat\/jaumepubill\/wp-json\/wp\/v2\/tags?post=5369"}],"curies":[{"name":"wp","href":"https:\/\/api.w.org\/{rel}","templated":true}]}}