{"id":5326,"date":"2015-06-29T18:34:43","date_gmt":"2015-06-29T17:34:43","guid":{"rendered":"http:\/\/blogs.avui.cat\/jaumepubill\/?p=5326"},"modified":"2015-06-29T19:50:46","modified_gmt":"2015-06-29T18:50:46","slug":"adeuwert-cat","status":"publish","type":"post","link":"https:\/\/blogs.avui.cat\/jaumepubill\/2015\/06\/29\/adeuwert-cat\/","title":{"rendered":"Adeuwert.cat"},"content":{"rendered":"<h3><\/h3>\n<div id=\"post-body-4684093286361669817\">\n<div align=\"justify\"><img data-recalc-dims=\"1\" decoding=\"async\" alt=\"\" src=\"https:\/\/i0.wp.com\/www.vilaweb.cat\/media\/continguts\/000\/103\/495\/thumbnails\/thumb_474__4.jpg\" \/><\/div>\n<div align=\"justify\"><\/div>\n<div align=\"justify\"><\/div>\n<div align=\"justify\">Arran del relleu de\u00a0<strong>Jos\u00e9 Ignacio Wert<\/strong>\u00a0al capdavant del Ministeri d&#8217;Educaci\u00f3 espanyol\u00a0<a href=\"http:\/\/www.vilaweb.cat\/noticia\/4408006\/20150629\/digueu-adeu-lex-ministre-wert.html\">VilaWew<\/a>\u00a0recull una excel\u00b7lent idea que la\u00a0<a href=\"https:\/\/www.plataforma-llengua.cat\/\">Plataforma per la Llengua<\/a>\u00a0ha engegat. No \u00e9s res m\u00e9s que una campanya perqu\u00e8 tothom pugui fer-li arribar una postal de comiat amb missatges que recorden les accions i pol\u00e8miques que ha protagonitzat contra el catal\u00e0. Amb<strong>\u00a0<\/strong><a href=\"http:\/\/adeuwert.cat\/\"><strong>Adeuwert.cat<\/strong><\/a><strong>,<\/strong>\u00a0l&#8217;entitat<strong>\u00a0&#8216;pret\u00e9n de donar veu a la ciutadania per a fer evident el malestar que ha causat el ministre durant tota la legislatura amb la seva pol\u00edtica contra la llengua catalana, l&#8217;escola catalana i contra el model d&#8217;immersi\u00f3 ling\u00fc\u00edstica, reconegut internacionalment&#8217;.<\/strong><\/div>\n<div align=\"justify\"><\/div>\n<div align=\"justify\"><strong>Rajoy\u00a0<\/strong>s\u2019ha desempallegat d\u2019un dels seus ministres m\u00e9s pol\u00e8mics. Com sempre, ha estat prou covard (per aix\u00f2 s\u2019acostuma a fer<em>\u00a0la puta i la ramoneta<\/em>\u00a0com a bon gallec o\u00a0 amagar-se darrera d\u2019una pantalla de plasma) i ha anat pel cam\u00ed m\u00e9s f\u00e0cil. No li servir\u00e0 de res perqu\u00e8 el seu substitut<strong>\u00a0I\u00f1igo M\u00e9ndez de Vigo<\/strong>\u00a0\u00e9s de la mateixa fusta. Ser\u00e0 dif\u00edcil que el nou ministre es plantegi derogar la pol\u00e8mica LOMQE perqu\u00e8 aquesta gent del PP s\u00f3n de pensament \u00fanic, d\u2019idees fixes i encara no han apr\u00e8s el que significa respectar els pobles i les seves lleng\u00fces. Per ells faran!<\/div>\n<div align=\"justify\"><\/div>\n<div align=\"justify\">El cas \u00e9s que des d\u2019aquesta p\u00e0gina web es pot enviar una postal de comiat a l\u2019\u00ednclit ex-ministre amb el benintencionat intent de col\u00b7lapsar el seu correu electr\u00f2nic amb milers de postals de comiat.\u00a0<em>Que s\u00e0piga qu\u00e8 pensem els catalans d\u2019ell!,<\/em>\u00a0diu la invitaci\u00f3. Per a fer-ho m\u00e9s f\u00e0cil hi ha uns formularis per omplir amb les nostres dades i amb uns missatges predeterminats. Est\u00e0 b\u00e9. \u00c9s una manera de facilitar les coses. Per\u00f2 aquestes coses ja sabem el recorregut que tenen\u2026<\/div>\n<div align=\"justify\"><\/div>\n<div align=\"justify\">Per\u00f2, pensant-ho b\u00e9, no est\u00e0 gens malament la idea. Jo ja li he enviat la meva postal amb un text de\u00a0<strong>Manuel de Pedrolo.<\/strong>\u00a0Possiblement jo hauria estat molt m\u00e9s agressiu i li hauria dit alguna cosa m\u00e9s. Com que no ho he pogut fer all\u00e0, ho faig aqu\u00ed.<\/div>\n<div align=\"justify\"><\/div>\n<div align=\"justify\"><strong>Mira, Wert<\/strong>, hauries de saber que una bona majoria de catalans estem molt emprenyats amb tu pel poc respecte que has mostrat envers nosaltres i envers la nostra llengua. Has falsejat la realitat \u2013i ho saps- dient que els nois i noies catalans no saben prou castell\u00e0. Vas dir que no tenien \u201cprou compet\u00e8ncia ling\u00fc\u00edstica en castell\u00e0\u201d quan la crua realitat de les dades ens diu que, com a m\u00ednim, la tenen com a la resta de de l\u2019Estat i fins i tot hi ha alguns estudis que indiquen que el nivell \u00e9s superior.<\/div>\n<div align=\"justify\"><\/div>\n<div align=\"justify\"><strong>Senyor Wert<\/strong>\u00a0(aix\u00f2 de senyor, \u00e9s un dir, perqu\u00e8 com diem per aqu\u00ed \u201cde porc i de senyor se n\u2019ha de venir de mena\u201d i aquest no \u00e9s el teu cas) saps prou b\u00e9 que a Catalunya les dues lleng\u00fces conviuen amb total normalitat i que, si alguna surt perdedora, \u00e9s el catal\u00e0. Nom\u00e9s cal que et passegis per qualsevol barri de Catalunya. Saps tamb\u00e9 prou b\u00e9 que la majoria de canals de TV emeten la seva programaci\u00f3 en castell\u00e0. Saps prou b\u00e9 que el catal\u00e0 est\u00e0 en inferioritat de condicions en tots els \u00e0mbits i que, si no el defensem nosaltres, no el defensar\u00e0 ning\u00fa. Potser va ser sense voler, per\u00f2 ho vas dir prou clar: \u201cHay que espa\u00f1olizar a los ni\u00f1os catalanes\u201d. Un\u00a0<em>lapsus linguae?\u00a0<\/em>Segurament. Per\u00f2 vas dir exactament el que pensaves i durant tot el temps que has estat ministres has mirat de fer. Tu i tots els teus correligionaris del PP no heu fet m\u00e9s que ser tan bel\u00b7ligerants com heu pogut amb la nostra llengua. I, per acabar-ho d\u2019adobar, ara se us hi ha afegit la Punset de Ciudadanos. Nom\u00e9s faltava aix\u00f2!<\/div>\n<div align=\"justify\"><\/div>\n<div align=\"justify\"><strong>Senyor Wert<\/strong>, sabem que no ets ruc. Sabem que ets una persona preparada. Qu\u00e8 ho fa que t\u2019has tornat aix\u00ed? Com \u00e9s que una persona com tu diu el que diu i fa el que fa? Nom\u00e9s hi ha una explicaci\u00f3:\u00a0<em>\u201cpoderoso caballero es don dinero\u201d<\/em>\u00a0. O dit d&#8217;una altra manera: d\u00f3na molt bo asseure\u2019s a la taula dels poderosos i tenir la sensaci\u00f3 de que hom t\u00e9 poder. \u00c9s pot ser arrogant i no passa res. Es por claudicar de les conviccions de joventut i no passa res. Es pot canviar de pell com les serps i no passa res. El poder \u00e9s el poder, i de moment el teniu vosaltres. Per\u00f2 se us acaba. A tu ja se t\u2019ha acabat i aviat se\u2019ls acabar\u00e0 a tots els del PP. Com diu la dita,\u00a0<em>\u201cCuando las barbas de tu vecino veas pelar, pon las tuyas a remojar\u201d\u2026<\/em><\/div>\n<div align=\"justify\"><\/div>\n<div align=\"justify\"><strong>Senyor Wert<\/strong>, el pitjor de tot \u00e9s que marxes tu i al teu lloc n\u2019hi posen un que pensa com tu. Poca cosa guanyarem i estic segur que seguireu emprenyant fins al darrer segon que maneu. Sou tan miserables que no teniu en compte tots aquests anys de bona sintonia, de bona conviv\u00e8ncia i de pau en l\u2019\u00e0mbit de l\u2019ensenyament i de la llengua. Heu decidit fer-ne problema de forma artificial i ho heu aconseguit. No som nosaltres qui hem dividit la poblaci\u00f3. Heu estat vosaltres que heu creat un problema on no n\u2019hi havia. Tothom sap que Catalunya \u00e9s un pa\u00eds d\u2019acollida i que aqu\u00ed tothom \u00e9s ben rebut, vingui d\u2019on vingui i parli la llengua que parli. Aqu\u00ed sabem acollir. Aqu\u00ed tothom se sent acollit, fora d\u2019alguns \u00e9ssers estranys que la \u00fanica cosa que volen \u00e9s crear problemes.<\/div>\n<div align=\"justify\"><\/div>\n<div align=\"justify\"><strong>Senyor Wert i senyors del PP: no us en sortireu<\/strong>. Estem massa avesats a lluitar i no sereu vosaltres els que ens tapareu la boca i ens lligareu les mans. Seguirem lluitant. I en aquest terreny de la llengua i la cultura estigueu ben certs que guanyarem.<\/div>\n<\/div>\n","protected":false},"excerpt":{"rendered":"<p>Arran del relleu de\u00a0Jos\u00e9 Ignacio Wert\u00a0al capdavant del Ministeri d&#8217;Educaci\u00f3 espanyol\u00a0VilaWew\u00a0recull una excel\u00b7lent idea que la\u00a0Plataforma per la Llengua\u00a0ha engegat. No \u00e9s res m\u00e9s que una campanya perqu\u00e8 tothom pugui fer-li arribar una postal de comiat amb missatges que recorden les accions i pol\u00e8miques que ha protagonitzat contra el catal\u00e0. Amb\u00a0Adeuwert.cat,\u00a0l&#8217;entitat\u00a0&#8216;pret\u00e9n de donar veu a [&hellip;]<\/p>\n","protected":false},"author":214,"featured_media":0,"comment_status":"open","ping_status":"closed","sticky":false,"template":"","format":"standard","meta":{"_jetpack_memberships_contains_paid_content":false,"footnotes":"","jetpack_publicize_message":"","jetpack_publicize_feature_enabled":true,"jetpack_social_post_already_shared":false,"jetpack_social_options":{"image_generator_settings":{"template":"highway","default_image_id":0,"font":"","enabled":false},"version":2}},"categories":[877,189,20695],"tags":[31863,31829,824],"class_list":["post-5326","post","type-post","status-publish","format-standard","hentry","category-catalunya","category-cultura","category-llengua-3","tag-catalunya","tag-cultura","tag-llengua-catalana"],"jetpack_publicize_connections":[],"jetpack_featured_media_url":"","jetpack_shortlink":"https:\/\/wp.me\/pagkjs-1nU","jetpack-related-posts":[],"jetpack_sharing_enabled":true,"_links":{"self":[{"href":"https:\/\/blogs.avui.cat\/jaumepubill\/wp-json\/wp\/v2\/posts\/5326","targetHints":{"allow":["GET"]}}],"collection":[{"href":"https:\/\/blogs.avui.cat\/jaumepubill\/wp-json\/wp\/v2\/posts"}],"about":[{"href":"https:\/\/blogs.avui.cat\/jaumepubill\/wp-json\/wp\/v2\/types\/post"}],"author":[{"embeddable":true,"href":"https:\/\/blogs.avui.cat\/jaumepubill\/wp-json\/wp\/v2\/users\/214"}],"replies":[{"embeddable":true,"href":"https:\/\/blogs.avui.cat\/jaumepubill\/wp-json\/wp\/v2\/comments?post=5326"}],"version-history":[{"count":10,"href":"https:\/\/blogs.avui.cat\/jaumepubill\/wp-json\/wp\/v2\/posts\/5326\/revisions"}],"predecessor-version":[{"id":5338,"href":"https:\/\/blogs.avui.cat\/jaumepubill\/wp-json\/wp\/v2\/posts\/5326\/revisions\/5338"}],"wp:attachment":[{"href":"https:\/\/blogs.avui.cat\/jaumepubill\/wp-json\/wp\/v2\/media?parent=5326"}],"wp:term":[{"taxonomy":"category","embeddable":true,"href":"https:\/\/blogs.avui.cat\/jaumepubill\/wp-json\/wp\/v2\/categories?post=5326"},{"taxonomy":"post_tag","embeddable":true,"href":"https:\/\/blogs.avui.cat\/jaumepubill\/wp-json\/wp\/v2\/tags?post=5326"}],"curies":[{"name":"wp","href":"https:\/\/api.w.org\/{rel}","templated":true}]}}