{"id":5244,"date":"2015-04-08T17:51:16","date_gmt":"2015-04-08T16:51:16","guid":{"rendered":"http:\/\/blogs.avui.cat\/jaumepubill\/?p=5244"},"modified":"2015-04-08T17:51:16","modified_gmt":"2015-04-08T16:51:16","slug":"aquest-any-acudam-compleix-40-anys","status":"publish","type":"post","link":"https:\/\/blogs.avui.cat\/jaumepubill\/2015\/04\/08\/aquest-any-acudam-compleix-40-anys\/","title":{"rendered":"Aquest any ACUDAM compleix 40 anys"},"content":{"rendered":"<div id=\"post-body-3584010850008081041\"><img data-recalc-dims=\"1\" loading=\"lazy\" decoding=\"async\" class=\"aligncenter\" alt=\"alt\" src=\"https:\/\/i0.wp.com\/social.acudam.com\/images\/noticies\/40.jpg?resize=406%2C221\" width=\"406\" height=\"221\" \/><\/p>\n<p style=\"text-align: justify\"><strong>ACUDAM fa 40 anys! .\u00a0<\/strong>Que una associaci\u00f3 com aquesta arribi amb tan bona salut en els temps que corren \u00e9s una excel\u00b7lent not\u00edcia.\u00a0<strong>ACUDAM<\/strong>\u00a0\u00e9s una associaci\u00f3 sense afany de lucre situada a Mollerussa i que vol ajudar a les persones de les nostres comarques amb discapacitat intel\u00b7lectual a dur una vida de qualitat i el m\u00e9s aut\u00f2noma possible. Aquesta va ser la idea inicial i aquest \u00e9s l\u2019objectiu que encara avui \u2013i esperem que sigui per molts anys m\u00e9s- persegueix.<\/p>\n<p style=\"text-align: justify\"><strong>ACUDAM<\/strong>\u00a0sorgeix l\u2019any 1975 a partir de l\u2019afany d\u2019uns pares que veien com la societat no facilitava els recursos necessaris per tal de que els seus fills amb algun grau de discapacitat intel\u00b7lectual es poguessin desenvolupar amb una certa normalitat. Eren uns temps on encara hi havia poca sensibilitat social i pol\u00edtica en el tractament d\u2019aquests temes. Tampoc hi havia gaires ajudes i nom\u00e9s aquells pares que van embarcar-se en aquella aventura saben les dificultats de tota mena que van trobar; dificultats que al llarg dels anys han anat superant amb molt bona nota i molt encert.<\/p>\n<p style=\"text-align: justify\">Aquests pares, juntament amb un grup de voluntaris i amb l\u2019ajuda d\u2019algun pol\u00edtic i institucions que van endevinar la necessitat de donar un cop de m\u00e0 a una iniciativa tan bona i que ja llavors van mostrar una gran sensibilitat, van buscar i trobar els recursos necessaris per comen\u00e7ar aquesta bona obra i poder continuar-la amb tot els altres recursos que avui disposa. Un recursos que han anat creixent de mica en mica i que avui s\u00f3n molts i molt rics en tots sentits. Recursos pensats i basats en el treball, l\u2019ocupaci\u00f3 terap\u00e8utica i l\u2019educaci\u00f3 i cura de totes les persones que necessitin els seus serveis.<\/p>\n<p style=\"text-align: justify\"><strong>ACUDAM<\/strong>\u00a0va comen\u00e7ar constituint-se en quatre grans centres de serveis:<\/p>\n<ul style=\"text-align: justify\">\n<li>els<strong>\u00a0TALLERS PLA D\u2019URGELL<\/strong>, situats primerament nom\u00e9s a Mollerussa i en aquests moments tamb\u00e9 a Vila-Sana, on hi ha quasi tota la producci\u00f3 industrial i a Castellnou de Seana, on hi ha els vivers de plantes.<\/li>\n<li>la\u00a0<strong>RESID\u00c8NCIA I LES LLARS,\u00a0<\/strong>on hi ha les persones que s\u2019han hagut de quedar a viure permanentment all\u00e0, degut a que les seves fam\u00edlies no han pogut seguir atenent-los per raons diverses.<\/li>\n<li>el col\u00b7legi\u00a0<strong>SILO\u00c9,\u00a0<\/strong>actualment un col\u00b7legi p\u00fablic situat a Mollerussa que est\u00e0 fent cam\u00ed de forma aut\u00f2noma per\u00f2 que sempre ha estat molt unit a l\u2019 Associaci\u00f3.<\/li>\n<li>la\u00a0<strong>LLAR SANTA ANNA DEL CASTELL DEL REMEI,\u00a0<\/strong>al terme de Penelles i que tamb\u00e9 s\u2019ha tornat un centre totalment aut\u00f2nom per\u00f2 que segueix tenint m\u00faltiples vincles amb l\u2019Associaci\u00f3.<\/li>\n<\/ul>\n<p style=\"text-align: justify\">Sempre s\u2019ha procurat treballar en 4 grans \u00e0rees:<\/p>\n<ol style=\"text-align: justify\">\n<li>\u00c0rea d\u2019<b>\u00a0ATENCI\u00d3 A LA PERSONA<\/b>: Atenci\u00f3 pedag\u00f2gica directa al\u00a0<i><strong>Col\u00b7legi Silo\u00e9<\/strong>\u00a0<\/i>\u00a0i als\u00a0<i><strong>Tallers Pla d\u2019 Urgell<\/strong><\/i>; atenci\u00f3 psicol\u00f2gica, treball social i fisioter\u00e0pia.<\/li>\n<li>\u00c0rea de<b>\u00a0TREBALL:<\/b>\u00a0Hi ha el\u00a0<i><strong>Servei de Ter\u00e0pia Ocupacional<\/strong><\/i>\u00a0que at\u00e9n les persones amb un grau de discapacitat igual o superior al 65%, el\u00a0<strong><em>Servei d\u2019Orientaci\u00f3 per la Integraci\u00f3,\u00a0<\/em><\/strong>que procura integrar algunes d\u2019aquestes persones\u00a0<em>\u00a0<\/em>a la vida laboral d\u2019empreses de la zona i el<em>\u00a0<strong>Centre Especial de Treball<\/strong>\u00a0\u00a0<\/em>on hi treballes totes aquelles persones que tenen capacitat laboral i que moltes d\u2019elles estan donades d\u2019alta a la Seguretat Social com un treballador m\u00e9s. A totes se\u2019ls busca el lloc m\u00e9s adequat segons les seves capacitats o habilitats, pensant sempre el seu millor desenvolupament personal<em>.<\/em><\/li>\n<li>\u00c0rea d<b>\u2019HABITATGE:\u00a0<\/b>La formen les\u00a0<i><strong>Llar-Resid\u00e8ncia<\/strong><\/i>\u00a0 les\u00a0<i><strong>Llars-Apartaments i<\/strong><\/i>\u00a0la<strong>\u00a0<em>Llar Santa Anna del Castell del Remei.\u00a0<\/em><\/strong>Segons el grau d\u2019incapacitat i la major o menor necessitat d\u2019atenci\u00f3 a cada persona se li busca el lloc \u00e9s adequat per a viure-hi.<\/li>\n<li>\u00c0rea d\u2019\u00a0<b>ESPORT I LLEURE:\u00a0<\/b>Es fan activitats esportives, d\u2019oci, tallers, sortides, activitats d\u2019integraci\u00f3 social, etc. per a tots els que puguin fer-les<\/li>\n<\/ol>\n<p style=\"text-align: justify\">Durant aquests 40 anys s\u2019ha fet un llarg cam\u00ed i s\u2019ha anat construint un bonic somni, pedra a pedra i amb molt d\u2019esfor\u00e7. Per\u00f2 com que aquell somni\u00a0<strong>ACUDAM<\/strong>\u00a0sap que no s\u2019ha acabat, vol seguir treballant per aconseguint noves fites. Per aix\u00f2 aquest any celebrar\u00e0 amb una s\u00e8rie d\u2019actes aquests 40 anys, amb molta il\u00b7lusi\u00f3 i amb l\u2019entusiasme de que s\u2019ha de seguir aquest cam\u00ed.\u00a0<strong>ACUDAM<\/strong>\u00a0ens convida a tots a acompanyar-los en tots els actes que ha preparat i a celebrar-ho amb ells.<\/p>\n<\/div>\n","protected":false},"excerpt":{"rendered":"<p>ACUDAM fa 40 anys! .\u00a0Que una associaci\u00f3 com aquesta arribi amb tan bona salut en els temps que corren \u00e9s una excel\u00b7lent not\u00edcia.\u00a0ACUDAM\u00a0\u00e9s una associaci\u00f3 sense afany de lucre situada a Mollerussa i que vol ajudar a les persones de les nostres comarques amb discapacitat intel\u00b7lectual a dur una vida de qualitat i el m\u00e9s [&hellip;]<\/p>\n","protected":false},"author":214,"featured_media":0,"comment_status":"open","ping_status":"closed","sticky":false,"template":"","format":"standard","meta":{"_jetpack_memberships_contains_paid_content":false,"footnotes":"","jetpack_publicize_message":"","jetpack_publicize_feature_enabled":true,"jetpack_social_post_already_shared":false,"jetpack_social_options":{"image_generator_settings":{"template":"highway","default_image_id":0,"font":"","enabled":false},"version":2}},"categories":[2845,2898],"tags":[31907,26987],"class_list":["post-5244","post","type-post","status-publish","format-standard","hentry","category-acudam","category-discapacitats","tag-acudam","tag-discapacitat"],"jetpack_publicize_connections":[],"jetpack_featured_media_url":"","jetpack_shortlink":"https:\/\/wp.me\/pagkjs-1mA","jetpack-related-posts":[],"jetpack_sharing_enabled":true,"_links":{"self":[{"href":"https:\/\/blogs.avui.cat\/jaumepubill\/wp-json\/wp\/v2\/posts\/5244","targetHints":{"allow":["GET"]}}],"collection":[{"href":"https:\/\/blogs.avui.cat\/jaumepubill\/wp-json\/wp\/v2\/posts"}],"about":[{"href":"https:\/\/blogs.avui.cat\/jaumepubill\/wp-json\/wp\/v2\/types\/post"}],"author":[{"embeddable":true,"href":"https:\/\/blogs.avui.cat\/jaumepubill\/wp-json\/wp\/v2\/users\/214"}],"replies":[{"embeddable":true,"href":"https:\/\/blogs.avui.cat\/jaumepubill\/wp-json\/wp\/v2\/comments?post=5244"}],"version-history":[{"count":1,"href":"https:\/\/blogs.avui.cat\/jaumepubill\/wp-json\/wp\/v2\/posts\/5244\/revisions"}],"predecessor-version":[{"id":5245,"href":"https:\/\/blogs.avui.cat\/jaumepubill\/wp-json\/wp\/v2\/posts\/5244\/revisions\/5245"}],"wp:attachment":[{"href":"https:\/\/blogs.avui.cat\/jaumepubill\/wp-json\/wp\/v2\/media?parent=5244"}],"wp:term":[{"taxonomy":"category","embeddable":true,"href":"https:\/\/blogs.avui.cat\/jaumepubill\/wp-json\/wp\/v2\/categories?post=5244"},{"taxonomy":"post_tag","embeddable":true,"href":"https:\/\/blogs.avui.cat\/jaumepubill\/wp-json\/wp\/v2\/tags?post=5244"}],"curies":[{"name":"wp","href":"https:\/\/api.w.org\/{rel}","templated":true}]}}