{"id":5145,"date":"2015-01-10T19:41:58","date_gmt":"2015-01-10T18:41:58","guid":{"rendered":"http:\/\/blogs.avui.cat\/jaumepubill\/?p=5145"},"modified":"2015-01-10T19:41:58","modified_gmt":"2015-01-10T18:41:58","slug":"que-escric-avui","status":"publish","type":"post","link":"https:\/\/blogs.avui.cat\/jaumepubill\/2015\/01\/10\/que-escric-avui\/","title":{"rendered":"Qu\u00e8 escric avui?"},"content":{"rendered":"<h3><strong style=\"font-size: 13px\"><\/strong><strong><img data-recalc-dims=\"1\" loading=\"lazy\" decoding=\"async\" style=\"margin-left: 5px;margin-right: 5px\" alt=\"\" src=\"https:\/\/i0.wp.com\/mangasverdes.es\/files\/2013\/05\/escritor_agobiado-535x356.jpg?resize=231%2C156\" width=\"231\" height=\"156\" align=\"left\" \/><\/strong><\/h3>\n<div id=\"post-body-3098672562253725237\">\n<p align=\"justify\"><strong>Aquest any 2015<\/strong>\u00a0que acaba de n\u00e0ixer -tan menut i ja tan pocavergonya- nom\u00e9s fa que portar-nos males vibracions i males not\u00edcies. L\u2019acabem de comen\u00e7ar i ja hem hagut de rebre i comentar aquesta mala not\u00edcia de la salvatjada de Par\u00eds\u00a0 tacada amb sang innocent. Mal comen\u00e7ament i massa males not\u00edcies per un any acabat d\u2019estrenar\u2026<\/p>\n<p align=\"justify\">Aqu\u00ed\u00a0<strong>a casa nostra<\/strong>\u00a0els pol\u00edtics que s\u2019haurien d\u2019entendre tampoc s\u2019acaben d\u2019entendre. Amb alguns ja no cal comptar-hi perqu\u00e8 ja hem vist que des de sempre nom\u00e9s saben fer el titella (i \u00e9s que s\u00f3n titelles de veritat perqu\u00e8 els seus fils els mouen des de Madrid)\u00a0 Els que de veritat compten no s\u2019entenen i jo no s\u00e9 si nom\u00e9s \u00e9s per fer el paperot, per fer veure qui els t\u00e9 m\u00e9s grossos i marcar una mica de paquet, o si realment tota aquesta mena de\u00a0 com\u00e8dia \u00e9s de veritat i si \u00e9s nom\u00e9s un sainet o si a fi de comptes tot acaba en drama. Esperem que sigui simplement una esp\u00e8cie de novel\u00b7la de suspens d\u2019aquelles que justament s\u00f3n bones perqu\u00e8 creen expectaci\u00f3 i angoixa, per\u00f2 que al final es lliguen caps, es descobreix l\u2019assass\u00ed i tothom queda content. Est\u00e0 b\u00e9 crear una mica d\u2019intriga, per\u00f2 els nostres pol\u00edtics potser es passen una mica. I em refereixo als pol\u00edtics que de veritat sembla que creuen en aix\u00f2 que tanta gent somiem, que veiem que es pot aconseguir i que se\u2019n diu independ\u00e8ncia. No s\u00f3c d\u2019aquells que es pensen que arribar\u00e0 dem\u00e0 mateix i que servir\u00e0 per lligar els gossos amb llonganisses; sin\u00f3 que m\u00e9s aviat s\u00f3c dels que creuen que simplement som a l\u2019inici d\u2019un cam\u00ed llarg i feixuc per\u00f2 que, justament per aix\u00f2 donar\u00e0 els seus fruits, i podrem viure millor tots plegats. Per\u00f2 penso que hem iniciat un cam\u00ed que ens cal fer junts i ben decidits. \u00e9s el moment de fer pinya i \u00e9s el moment que es far\u00e0 cert all\u00f2 de que \u201cla uni\u00f3 fa la for\u00e7a\u201d. Ja vindran prou obstacles de fora com per posar-nos pals a la rodat nosaltres mateixos.<\/p>\n<p align=\"justify\">Per aix\u00f2, a l\u2019hora de posar-me a escriure l\u2019apunt d\u2019avui, he hagut de pensar una mica qu\u00e8 calia escriure o comentar. Podia parlar altre cop de pol\u00edtica o de males not\u00edcies\u2026 Els que teniu la paci\u00e8ncia de llegir-me,\u00a0 ja veieu que parlo una mica de tot i generalment sempre miro de comentar alguna cosa de les que passen, a vegades simplement com a reflexi\u00f3 en veu alta d\u2019all\u00f2 que jo penso. Fora dels blogs especialitzats en algun tema concret (alguns d\u2019ells molt ben escrits i seriosos), veig que n\u2019hi ha una bona majoria que s\u00f3n m\u00e9s superficials \u2013aquest \u00e9s un d\u2019ells- i que serveixen m\u00e9s per desfogar les manies, les<em>neures<\/em>\u00a0o les f\u00f2bies que cadasc\u00fa t\u00e9, que no pas per una altra cosa. I he arribat a la conclusi\u00f3 que no em cal escriure m\u00e9s sobre males not\u00edcies perqu\u00e8 els diaris ja en van prou plens\u2026<\/p>\n<p align=\"justify\">Per aix\u00f2 he pensat, a l\u2019hora de triar el tema d\u2019avui, que tornaria a\u00a0<strong>reflexionar en veu alta sobre el que vull que sigui el meu blog\u00a0<\/strong>i, ja que comencem un nou any, si cal continuar-lo o no. Alguna vegada m\u2019han dit com m\u2019ho faig per escriure tant i tant sovint i la resposta \u00e9s que de temes sempre n\u2019hi ha i que la principal dificultat, en definitiva, \u00e9s m\u00e9s aviat la de triar. Normalment tinc un munt de temes actuals o guardats en una carpeta. A vegades es fan vells i ja no serveixen. Els llan\u00e7o a la paperera i tal dia far\u00e0 un any.. Per\u00f2 a vegades em serveixen com a punt de reflexi\u00f3 per un tema actual o intemporal. Perqu\u00e8 tenim la sort de que hi han temes que no es fan mai vells. Ja els fil\u00f2sofs grecs hi pensaven; hi van seguir pensant a l\u2019Edat Mitja i seguim pensant-hi i parlant-ne ara. Perqu\u00e8 jo considero que un blog com el meu ha de ser aix\u00f2: un lloc on parlar dels temes que es parlen en fam\u00edlia, amb un amic o amb qualsevol desconegut. Un blog serveix per compartir opinions i perqu\u00e8 tothom hi pugui dir la seva, si li ve de gust.<\/p>\n<p align=\"justify\">I potser repetir\u00e9 el que ja he dit alguna altra vegada; per\u00f2 a mi el blog em serveix per fer una parada de tant en tant, asseure\u2019m a pensar una mica i fer l\u2019intent \u2013no sempre reeixit- d\u2019expressar all\u00f2 que penso. Un blog ajuda a observar, a garbellar, a aprendre, a escriure, a dubtar i una cosa que jo valoro molt: a rebre opinions semblants o diverses -cada cop menys, per cert- dels pocs o molts lectors que hom t\u00e9. De tant en tant rebo una grata sorpresa en forma de comentari o de correu d\u2019alguna persona que no coneixes de res i que diu que et llegeix i t\u2019anima a seguir. Aquesta ser\u00e0 la il\u00b7lusi\u00f3 que intentar\u00e9 mantenir durant aquest any que comen\u00e7a i enviar una gran abra\u00e7ada als amics que em segueixen.<\/p>\n<p align=\"justify\">I tamb\u00e9 des d\u2019aquest lloc tan humil goso demanar-li al nou any que, si us plau, procuri acabar una mica millor del que ha comen\u00e7at!<\/p>\n<\/div>\n","protected":false},"excerpt":{"rendered":"<p>Aquest any 2015\u00a0que acaba de n\u00e0ixer -tan menut i ja tan pocavergonya- nom\u00e9s fa que portar-nos males vibracions i males not\u00edcies. L\u2019acabem de comen\u00e7ar i ja hem hagut de rebre i comentar aquesta mala not\u00edcia de la salvatjada de Par\u00eds\u00a0 tacada amb sang innocent. Mal comen\u00e7ament i massa males not\u00edcies per un any acabat d\u2019estrenar\u2026 [&hellip;]<\/p>\n","protected":false},"author":214,"featured_media":0,"comment_status":"open","ping_status":"closed","sticky":false,"template":"","format":"standard","meta":{"_jetpack_memberships_contains_paid_content":false,"footnotes":"","jetpack_publicize_message":"","jetpack_publicize_feature_enabled":true,"jetpack_social_post_already_shared":false,"jetpack_social_options":{"image_generator_settings":{"template":"highway","default_image_id":0,"font":"","enabled":false},"version":2}},"categories":[3787,685],"tags":[31920,31856],"class_list":["post-5145","post","type-post","status-publish","format-standard","hentry","category-a-peu","category-blogs","tag-a-peu","tag-blogs"],"jetpack_publicize_connections":[],"jetpack_featured_media_url":"","jetpack_shortlink":"https:\/\/wp.me\/pagkjs-1kZ","jetpack-related-posts":[],"jetpack_sharing_enabled":true,"_links":{"self":[{"href":"https:\/\/blogs.avui.cat\/jaumepubill\/wp-json\/wp\/v2\/posts\/5145","targetHints":{"allow":["GET"]}}],"collection":[{"href":"https:\/\/blogs.avui.cat\/jaumepubill\/wp-json\/wp\/v2\/posts"}],"about":[{"href":"https:\/\/blogs.avui.cat\/jaumepubill\/wp-json\/wp\/v2\/types\/post"}],"author":[{"embeddable":true,"href":"https:\/\/blogs.avui.cat\/jaumepubill\/wp-json\/wp\/v2\/users\/214"}],"replies":[{"embeddable":true,"href":"https:\/\/blogs.avui.cat\/jaumepubill\/wp-json\/wp\/v2\/comments?post=5145"}],"version-history":[{"count":2,"href":"https:\/\/blogs.avui.cat\/jaumepubill\/wp-json\/wp\/v2\/posts\/5145\/revisions"}],"predecessor-version":[{"id":5147,"href":"https:\/\/blogs.avui.cat\/jaumepubill\/wp-json\/wp\/v2\/posts\/5145\/revisions\/5147"}],"wp:attachment":[{"href":"https:\/\/blogs.avui.cat\/jaumepubill\/wp-json\/wp\/v2\/media?parent=5145"}],"wp:term":[{"taxonomy":"category","embeddable":true,"href":"https:\/\/blogs.avui.cat\/jaumepubill\/wp-json\/wp\/v2\/categories?post=5145"},{"taxonomy":"post_tag","embeddable":true,"href":"https:\/\/blogs.avui.cat\/jaumepubill\/wp-json\/wp\/v2\/tags?post=5145"}],"curies":[{"name":"wp","href":"https:\/\/api.w.org\/{rel}","templated":true}]}}