{"id":5141,"date":"2015-01-07T22:40:47","date_gmt":"2015-01-07T21:40:47","guid":{"rendered":"http:\/\/blogs.avui.cat\/jaumepubill\/?p=5141"},"modified":"2015-01-07T22:40:47","modified_gmt":"2015-01-07T21:40:47","slug":"el-concepte-de-guerra-santa-gihad","status":"publish","type":"post","link":"https:\/\/blogs.avui.cat\/jaumepubill\/2015\/01\/07\/el-concepte-de-guerra-santa-gihad\/","title":{"rendered":"El concepte de guerra santa (gihad)"},"content":{"rendered":"<h3><a style=\"font-size: 1em\" href=\"http:\/\/ca.wikipedia.org\/wiki\/Fitxer:Muslim_man_at_prayer.jpg\"><img loading=\"lazy\" decoding=\"async\" style=\"margin-left: 5px;margin-right: 5px\" alt=\"\" src=\"http:\/\/upload.wikimedia.org\/wikipedia\/commons\/thumb\/7\/74\/Muslim_man_at_prayer.jpg\/200px-Muslim_man_at_prayer.jpg\" width=\"160\" height=\"214\" align=\"left\" \/><\/a><\/h3>\n<div id=\"post-body-228863864802668713\">\n<p align=\"justify\">Amb atemptats de l\u2019islamisme radical com el d\u2019avui a Par\u00eds sembla que la humanitat, no nom\u00e9s no avan\u00e7a, sin\u00f3 que retrocedeix una colla de segles. Tots tenim a la mem\u00f2ria les guerres santes -m\u00e9s o menys justificades per raons religioses- per part de quasi totes les religions. Les croades d\u2019infausta mem\u00f2ria; les persecucions de tota mena contra heretges o membres d\u2019altres religions, la imposici\u00f3 del cristianisme a Am\u00e8rica llatina, etc. Els m\u00e9s grans encara recordem com a l\u2019escola ens anomenaven la guerra civil espanyola com una\u00a0<em>croada.\u00a0<\/em>Ha estat en vig\u00e8ncia durant segles la temptaci\u00f3 de voler imposar per la for\u00e7a la religi\u00f3 del vencedor o del m\u00e9s fort. I sembla que seguim aix\u00ed en molts llocs del m\u00f3n. En l\u2019\u00e0mbit isl\u00e0mic, molts conflictes actuals s\u00f3n qualificats de guerra santa (gihad) pels seus actors.<\/p>\n<p align=\"justify\">Quan fa uns anys em vaig interessar per con\u00e8ixer una mica l\u2019islam, vaig comprar un parell o tres de llibres que em van recomanar. Entre ells hi havia el de\u00a0<a href=\"http:\/\/www.casadellibro.com\/libros-ebooks\/seyyed-hossein-nasr\/122323\"><strong>SEYYED HOSSEIN NASR<\/strong><\/a><strong>, VIDA Y PENSAMIENTO EN EL ISLAM<\/strong>\u00a0(Herder, 1985). Vaig intentar llegir-lo i entendre\u2019l per tal de comprendre una mica millor l\u2019islam. No me\u2019n vaig sortir -ho confesso- tot i que aquest prestigi\u00f3s autor \u00e9s dels pocs autors musulmans contemporanis que escriuen en lleng\u00fces europees. Ell ho fa concretament en angl\u00e8s, per b\u00e9 que aquest llibre que tinc a casa est\u00e0 tradu\u00eft al castell\u00e0. Encara no fa gaires dies que el tornava a agafar per veure si podia digerir aquest conjunt d&#8217;assajos escrits des d\u2019una perspectiva de l\u2019historiador cient\u00edfic que reflexiona sobre temes com religi\u00f3 i secularitzaci\u00f3, sentit de la llibertat, ci\u00e8ncia i filosofia en la tradici\u00f3 musulmana. En general no he pogut digerir-lo, fora de petis cap\u00edtols, com per exemple, el que fa refer\u00e8ncia a Jes\u00fas vist a trav\u00e9s de l\u2019 islam o l\u2019estudi tipol\u00f2gic de la cultura isl\u00e0mica. Per\u00f2, en general, aquesta lectura em resulta tan allunyada del meu pensament que se\u2019m fa for\u00e7a estranya.<\/p>\n<p align=\"justify\">Tots hem sentit a dir moltes vegades que els 5 pilars b\u00e0sics de l\u2019islam s\u00f3n: La professi\u00f3 de fe (<i><a href=\"http:\/\/ca.wikipedia.org\/wiki\/Xahada\">xahada<\/a><\/i>), la preg\u00e0ria ritual (<i><a href=\"http:\/\/ca.wikipedia.org\/wiki\/Preg%C3%A0ria_salat\">salat<\/a><\/i>), l&#8217;almoina (<i><a href=\"http:\/\/ca.wikipedia.org\/wiki\/Zakat\">zakat<\/a><\/i>), el dejuni durant el mes de ramad\u00e0 (<i><a href=\"http:\/\/ca.wikipedia.org\/wiki\/Sawm\">sawm<\/a><\/i>) i el Pelegrinatge a la Meca (<i><a href=\"http:\/\/ca.wikipedia.org\/wiki\/Hajj\">hajj<\/a><\/i>). Pet tant, tots els punts s\u00f3n completament acceptables, b\u00e9 que que potser ens resultin distants i estranys a la nostra cultura. Per\u00f2, arribats en aquest punt, ens podr\u00edem preguntar d\u2019on surt el concepte de\u00a0<em>gjihad<\/em>\u00a0(guerra santa) \u2013del qual se\u2019n parla tant-, interpretat de diversa manera dins del mateix m\u00f3n musulm\u00e0 i tant distant de la forma de pensar de l\u2019home modern occidental.. Segons alguns musulmans,<i><a href=\"http:\/\/ca.wikipedia.org\/wiki\/Jihad\">Jihad<\/a><\/i>\u00a0, no \u00e9s m\u00e9s que \u201cl\u2019e<i>sfor\u00e7<\/i>\u00a0per guanyar el favor de D\u00e9u. El Gran jihad o\u00a0<i>intern<\/i>\u00a0\u00e9s la lluita contra el mal dins de la pr\u00f2pia \u00e0nima. El Petit jihad o\u00a0<i>extern<\/i>, s\u00f3n els esfor\u00e7os que el creient ha de fer pel que fa a l&#8217;entorn exterior\u201d. Per tant, no hi cabria la viol\u00e8ncia que alguns islamistes radicals propugnen i porten a la pr\u00e0ctica, com en el cas dels atemptats terroristes que cometen arreu i que, si hem de ser justos, no s\u00f3n compartits per la major part del mateix m\u00f3n musulm\u00e0.<\/p>\n<p align=\"justify\">Fa nom\u00e9s un parell de dies que es va celebrar una conferencia contra el fonamentalisme isl\u00e0mic en una de les m\u00e9s prestigioses universitats sunnites. Ens ho explica\u00a0<strong>Mons. Anba Antonios Aziz Mina<\/strong>, bisbe copte cat\u00f2lic de Guizeh : \u00abLa confer\u00e8ncia organitzada per la\u00a0<strong>Universitat d&#8217;al-Azhar (El Caire)<\/strong>\u00a0per condemnar el terrorisme i l&#8217;extremisme isl\u00e0mic \u00e9s un fet de gran import\u00e0ncia hist\u00f2rica. I no s\u00e9 si a Occident alg\u00fa se n\u2019ha adonat \u00bb. La Universitat isl\u00e0mica del Caire, considerada el centre teol\u00f2gic m\u00e9s important de l&#8217;Islam sunnita, va organitzar aquesta confer\u00e8ncia per reflexionar sobre la controvertida q\u00fcesti\u00f3 de la relaci\u00f3 entre el m\u00f3n isl\u00e0mic i el fonamentalisme. Va comptar amb la participaci\u00f3 de 700 acad\u00e8mics i representants de la vida pol\u00edtica, social i religiosa &#8211; incloent alguns l\u00edders de les comunitats cristianes d&#8217;Orient &#8211; de 120 pa\u00efsos i va fer una clara condemna del fonamentalisme.<\/p>\n<blockquote>\n<p align=\"justify\"><em>\u00ab\u00c9s la primera vegada &#8211; subratlla Mons. Anba Antonios Aziz &#8211; que una instituci\u00f3 isl\u00e0mica tan influent diu clarament que les teories utilitzades pels terroristes i extremistes per justificar les seves accions violentes amb l&#8217;Alcor\u00e0 representen una perversi\u00f3 del veritable Islam. Fins ara, les institucions i acad\u00e8mies isl\u00e0miques eren gaireb\u00e9 sempre molt t\u00edmides en la condemna d&#8217;aquestes derives. La condemna m\u00e9s arribava sol davant fets atro\u00e7os concrets de terrorisme, i es referia generalment un acte violent concret. Ara es dirigeix a tota la ideologia malalta que est\u00e0 darrere de les estrat\u00e8gies de l extremisme de marca islamista. \u00c9s un pas important, i esperem que produeixi resultats concrets \u00bb.<\/em><\/p>\n<\/blockquote>\n<p align=\"justify\">I caldria recordar tamb\u00e9 com, ja al mes de mar\u00e7 de 2005, la\u00a0<a href=\"http:\/\/www.webislam.com\/noticias\/43520-la_comision_islamica_de_espana_emite_una_fatua_condenando_el_terrorismo_y_al_gru.html\">COMISSI\u00d3 ISL\u00c0MICA D&#8217;ESPANYA<\/a>\u00a0va emetre una f\u00e0tua condemnant el terrorisme i el grup Al Qaeda. En un dia trist com el d\u2019avui caldria recordar-ho per no posar a tothom dins del mateix sac.<\/p>\n<\/div>\n","protected":false},"excerpt":{"rendered":"<p>Amb atemptats de l\u2019islamisme radical com el d\u2019avui a Par\u00eds sembla que la humanitat, no nom\u00e9s no avan\u00e7a, sin\u00f3 que retrocedeix una colla de segles. Tots tenim a la mem\u00f2ria les guerres santes -m\u00e9s o menys justificades per raons religioses- per part de quasi totes les religions. Les croades d\u2019infausta mem\u00f2ria; les persecucions de tota [&hellip;]<\/p>\n","protected":false},"author":214,"featured_media":0,"comment_status":"open","ping_status":"closed","sticky":false,"template":"","format":"standard","meta":{"_jetpack_memberships_contains_paid_content":false,"footnotes":"","jetpack_publicize_message":"","jetpack_publicize_feature_enabled":true,"jetpack_social_post_already_shared":false,"jetpack_social_options":{"image_generator_settings":{"template":"highway","default_image_id":0,"font":"","enabled":false},"version":2}},"categories":[5521,666],"tags":[31948,31854,31836],"class_list":["post-5141","post","type-post","status-publish","format-standard","hentry","category-islam","category-religio","tag-islam","tag-religio","tag-terrorisme"],"jetpack_publicize_connections":[],"jetpack_featured_media_url":"","jetpack_shortlink":"https:\/\/wp.me\/pagkjs-1kV","jetpack-related-posts":[],"jetpack_sharing_enabled":true,"_links":{"self":[{"href":"https:\/\/blogs.avui.cat\/jaumepubill\/wp-json\/wp\/v2\/posts\/5141","targetHints":{"allow":["GET"]}}],"collection":[{"href":"https:\/\/blogs.avui.cat\/jaumepubill\/wp-json\/wp\/v2\/posts"}],"about":[{"href":"https:\/\/blogs.avui.cat\/jaumepubill\/wp-json\/wp\/v2\/types\/post"}],"author":[{"embeddable":true,"href":"https:\/\/blogs.avui.cat\/jaumepubill\/wp-json\/wp\/v2\/users\/214"}],"replies":[{"embeddable":true,"href":"https:\/\/blogs.avui.cat\/jaumepubill\/wp-json\/wp\/v2\/comments?post=5141"}],"version-history":[{"count":2,"href":"https:\/\/blogs.avui.cat\/jaumepubill\/wp-json\/wp\/v2\/posts\/5141\/revisions"}],"predecessor-version":[{"id":5143,"href":"https:\/\/blogs.avui.cat\/jaumepubill\/wp-json\/wp\/v2\/posts\/5141\/revisions\/5143"}],"wp:attachment":[{"href":"https:\/\/blogs.avui.cat\/jaumepubill\/wp-json\/wp\/v2\/media?parent=5141"}],"wp:term":[{"taxonomy":"category","embeddable":true,"href":"https:\/\/blogs.avui.cat\/jaumepubill\/wp-json\/wp\/v2\/categories?post=5141"},{"taxonomy":"post_tag","embeddable":true,"href":"https:\/\/blogs.avui.cat\/jaumepubill\/wp-json\/wp\/v2\/tags?post=5141"}],"curies":[{"name":"wp","href":"https:\/\/api.w.org\/{rel}","templated":true}]}}