{"id":5093,"date":"2014-11-30T00:18:16","date_gmt":"2014-11-29T23:18:16","guid":{"rendered":"http:\/\/blogs.avui.cat\/jaumepubill\/?p=5093"},"modified":"2014-11-30T00:18:16","modified_gmt":"2014-11-29T23:18:16","slug":"mujica-un-president-unic-i-potser-irrepetible","status":"publish","type":"post","link":"https:\/\/blogs.avui.cat\/jaumepubill\/2014\/11\/30\/mujica-un-president-unic-i-potser-irrepetible\/","title":{"rendered":"Mujica: un President \u00fanic i (potser) irrepetible"},"content":{"rendered":"<p><img data-recalc-dims=\"1\" loading=\"lazy\" decoding=\"async\" style=\"margin-left: 5px;margin-right: 5px\" alt=\"\" src=\"https:\/\/i0.wp.com\/www.correodelorinoco.gob.ve\/wp-content\/uploads\/2014\/05\/Pepe-Mujica.jpg?resize=248%2C184\" width=\"248\" height=\"184\" align=\"left\" \/><\/p>\n<div id=\"post-body-5296979715218237195\">\n<p align=\"justify\">Ser\u00e0 dif\u00edcil que hi hagi un altre President de Govern (ni a l\u2019 Uruguai ni a cap altre lloc) semblant al\u00a0<strong>Pepe Mujica.<\/strong>\u00a0Dem\u00e0, en aquest petit pa\u00eds de 3.3 milions d\u2019habitants, s\u2019elegeix un nou President de la Rep\u00fablica que totes les estad\u00edstiques diuen que seguir\u00e0 sent del\u00a0<strong>Frente Amplio<\/strong>. Sembla que<strong>Tabar\u00e9 V\u00e1zquez<\/strong>\u00a0 (ja ho havia sigut) ser\u00e0 el nou President.<\/p>\n<p align=\"justify\">I no \u00e9s pas per qu\u00e8 s\u00ed que torna a guanyar el Frente. A m\u00e9s de Mujica, en t\u00e9 la culpa el tipus de pol\u00edtiques que han fet en aquests 5 anys: Uruguai \u00e9s avui un pa\u00eds amb una classe mitja que arriba fins al 68% de la poblaci\u00f3 i han aconseguit arribar a que hi hagi nom\u00e9s un 11% de pobresa i un 0,5% d\u2019indig\u00e8ncia. L\u2019economia va cr\u00e9ixer entre 2010 y 2013 a una mitja de 5,95%. La inflaci\u00f3 arriba al 9% i l\u2019atur al voltant del 6%. El PIB per c\u00e0pita \u00e9s de 16.351 d\u00f2lars.<\/p>\n<p align=\"justify\">Del Pepe Mujica ja s\u2019ha dit quasi tot \u2013tant de bo, com de dolent- i no cal repetir-ho perqu\u00e8 ja quasi b\u00e9 ho sap tothom. El seu nom els seus gestos i la seva figura han donat la volta al m\u00f3n i han sortir a tots els mitjans. En general, se n\u2019han dit d\u2019ell moltes m\u00e9s coses bones que no pas dolentes, tot i que t\u00e9 els seus furibunds detractors (sobretot dins del pa\u00eds) com acostuma a passar sempre. Per\u00f2 una cosa ha aconseguit: deixar\u00e0 el govern amb un alt grau de popularitat. Es enquestes diuen que un 62% d\u2019uruguaians simpatitzen amb ell i un 58% aprova la seva gesti\u00f3. Quants presidents no voldrien aquestes xifres!<\/p>\n<p align=\"justify\">El pa\u00eds que deixa\u00a0<strong>Pepe Mujica<\/strong>\u00a0jo trobo que est\u00e0, doncs, prou b\u00e9 i ell se\u2019n sent satisfet perqu\u00e8 ha baixat molt el nivell de pobresa: Tot i aix\u00f2, quan un dia li van preguntar quin balan\u00e7 en feia del seu mandat va dir que no li agradava gaire fer aquests tipus d\u2019an\u00e0lisis perqu\u00e8 \u201ceso es una cuesti\u00f3n de almacenero (tendero) y yo soy un luchador social\u201d.<\/p>\n<p align=\"justify\">\u00c9s aix\u00f2 el que el fa \u00fanic i irrepetible: \u00e9s un lluitador social, que sempre ha volgut ser molt proper al seu poble i ho ha aconseguit. L\u2019estil de vida senzilla, la manera de parlar planera i les formes de govern poc habituals entre els mandataris del m\u00f3n l\u2019han fet ser el que \u00e9s i han despertat l\u2019admiraci\u00f3 mundial.<\/p>\n<p align=\"justify\">Sort, doncs, Uruguai i tant de bo pugueu seguir per aquest mateix cam\u00ed una colla d\u2019anys m\u00e9s!<\/p>\n<\/div>\n","protected":false},"excerpt":{"rendered":"<p>Ser\u00e0 dif\u00edcil que hi hagi un altre President de Govern (ni a l\u2019 Uruguai ni a cap altre lloc) semblant al\u00a0Pepe Mujica.\u00a0Dem\u00e0, en aquest petit pa\u00eds de 3.3 milions d\u2019habitants, s\u2019elegeix un nou President de la Rep\u00fablica que totes les estad\u00edstiques diuen que seguir\u00e0 sent del\u00a0Frente Amplio. Sembla queTabar\u00e9 V\u00e1zquez\u00a0 (ja ho havia sigut) ser\u00e0 [&hellip;]<\/p>\n","protected":false},"author":214,"featured_media":0,"comment_status":"open","ping_status":"closed","sticky":false,"template":"","format":"standard","meta":{"_jetpack_memberships_contains_paid_content":false,"footnotes":"","jetpack_publicize_message":"","jetpack_publicize_feature_enabled":true,"jetpack_social_post_already_shared":false,"jetpack_social_options":{"image_generator_settings":{"template":"highway","default_image_id":0,"font":"","enabled":false},"version":2}},"categories":[5281,2937],"tags":[3836,31909],"class_list":["post-5093","post","type-post","status-publish","format-standard","hentry","category-pepe-mujica-uruguai-paisos","category-uruguai","tag-pepe-mujica","tag-uruguai"],"jetpack_publicize_connections":[],"jetpack_featured_media_url":"","jetpack_shortlink":"https:\/\/wp.me\/pagkjs-1k9","jetpack-related-posts":[],"jetpack_sharing_enabled":true,"_links":{"self":[{"href":"https:\/\/blogs.avui.cat\/jaumepubill\/wp-json\/wp\/v2\/posts\/5093","targetHints":{"allow":["GET"]}}],"collection":[{"href":"https:\/\/blogs.avui.cat\/jaumepubill\/wp-json\/wp\/v2\/posts"}],"about":[{"href":"https:\/\/blogs.avui.cat\/jaumepubill\/wp-json\/wp\/v2\/types\/post"}],"author":[{"embeddable":true,"href":"https:\/\/blogs.avui.cat\/jaumepubill\/wp-json\/wp\/v2\/users\/214"}],"replies":[{"embeddable":true,"href":"https:\/\/blogs.avui.cat\/jaumepubill\/wp-json\/wp\/v2\/comments?post=5093"}],"version-history":[{"count":1,"href":"https:\/\/blogs.avui.cat\/jaumepubill\/wp-json\/wp\/v2\/posts\/5093\/revisions"}],"predecessor-version":[{"id":5094,"href":"https:\/\/blogs.avui.cat\/jaumepubill\/wp-json\/wp\/v2\/posts\/5093\/revisions\/5094"}],"wp:attachment":[{"href":"https:\/\/blogs.avui.cat\/jaumepubill\/wp-json\/wp\/v2\/media?parent=5093"}],"wp:term":[{"taxonomy":"category","embeddable":true,"href":"https:\/\/blogs.avui.cat\/jaumepubill\/wp-json\/wp\/v2\/categories?post=5093"},{"taxonomy":"post_tag","embeddable":true,"href":"https:\/\/blogs.avui.cat\/jaumepubill\/wp-json\/wp\/v2\/tags?post=5093"}],"curies":[{"name":"wp","href":"https:\/\/api.w.org\/{rel}","templated":true}]}}