{"id":5033,"date":"2014-09-30T23:34:49","date_gmt":"2014-09-30T22:34:49","guid":{"rendered":"http:\/\/blogs.avui.cat\/jaumepubill\/?p=5033"},"modified":"2014-09-30T23:34:49","modified_gmt":"2014-09-30T22:34:49","slug":"democracia-vigilada","status":"publish","type":"post","link":"https:\/\/blogs.avui.cat\/jaumepubill\/2014\/09\/30\/democracia-vigilada\/","title":{"rendered":"Democr\u00e0cia vigilada"},"content":{"rendered":"<div id=\"post-body-5134524180709040768\">\n<p align=\"justify\"><img data-recalc-dims=\"1\" loading=\"lazy\" decoding=\"async\" style=\"margin-left: 5px;margin-right: 5px\" alt=\"\" src=\"https:\/\/i0.wp.com\/mpujante.com\/wp-content\/uploads\/2013\/04\/spain-is-different.jpg?resize=272%2C263\" width=\"272\" height=\"263\" align=\"left\" \/>Espanya segueix\u00a0 essent molt diferent. Els agrada que sigui diferent. Volen que sigui diferent. Recordeu aquell lema franquista que deia\u00a0<strong><em>Spain is different<\/em><\/strong>? Doncs, aix\u00f2. Segueix ben vigent en molts aspectes.<\/p>\n<p align=\"justify\">A Espanya segueixen havent-hi temes que no es poden tocar i que molts creuen que han de seguir com sempre. S\u00f3n temes tab\u00fas i, \u00e9s clar, el que creuen aquests governants amb ADN franquista que tenim \u00e9s dir NO. Sempre dir NO. Maria<strong>NO<\/strong>, Maria<strong>NO<\/strong>, Mari<strong>ANO<\/strong>Rajoy fa honor al seu nom i es veu que nom\u00e9s li van ensenyar a dir que NO.<\/p>\n<p align=\"justify\">Ens hi podem empipar, poden fer-nos agafar mala llet, poden mirar de fer-nos perdre la paci\u00e8ncia, poder mirar de cansar-nos. Ho faran. No hi ha dubte que ho faran de la manera que sigui. La seva democr\u00e0cia \u00e9s tan original que en podr\u00edem dir democr\u00e0cia vigilada. Ja ho va dir l\u2019 \u00ednclit Alfonso Guerra:\u00a0<em>\u201cMontesquieu ha muerto\u201d<\/em>. Els socialistes espanyols van ferit-lo de mort i aquests franquistes del PP l\u2019han acabat de rematar. Ara ja \u00e9s ben mort i enterrat. All\u00f2 de la divisi\u00f3 de poders ja no saben ni el que \u00e9s. Aquests dies ho hem tornat a veure un cop m\u00e9s i, de forma vergonyant, tots han corregut darrere l\u2019amo a llepar-li el cul i a dir que ells s\u00f3n els \u00fanics que poden dir qu\u00e8 \u00e9s o qu\u00e8 no \u00e9s la democr\u00e0cia. Ells en tenen la tutela perqu\u00e8 creuen que en s\u00f3n els amos.<\/p>\n<p align=\"justify\">I als que pensem que la democr\u00e0cia \u00e9s tota una altra cosa, nom\u00e9s ens queda el recurs de persistir sense desanimar-nos en la fidelitat a uns ideals de llibertat que creiem veritables.Creiem fermament tenir la ra\u00f3 i estem carregats d\u2019arguments. De part seva no n\u2019hem escoltat cap. Ens caldr\u00e0 molta paci\u00e8ncia i unitat\u2026 i anar fent el nostre cam\u00ed pas a pas. I que ens detinguin a tots, si poden! Ser\u00e0 dif\u00edcil que puguin detenir, jutjar i empresonar tot un poble. Perqu\u00e8 els mateixos que volem democr\u00e0cia som els que volem que hi hagi habitatge per tothom i serveis socials dignes. Els que exigeixen un sostre tamb\u00e9 exigiran democr\u00e0cia. Els que han perdut la feina i s\u2019han vist al carrer veuran que la situaci\u00f3 nom\u00e9s es podr\u00e0 arreglar amb m\u00e9s democr\u00e0cia i amb m\u00e9s just\u00edcia. I la gent cada cop exigir\u00e0 m\u00e9s i no podran emmordassar tothom, ni hi haur\u00e0 prou policia per controlar-ho tot a cops de porra.<\/p>\n<p align=\"justify\">No podran fer callar tots els que s\u2019adonin de mica en mica que tenim governants incapa\u00e7os i que, si dep\u00e8n d\u2019ells, no podrem sobreviure en aquestes condicions. No podran detenir a tots els que es queixin i cada dia n\u2019hi haur\u00e0 m\u00e9s que es queixaran. Perqu\u00e8 els joves es cansaran de no trobar feina, els treballadors que estan a l\u2019atur voldran treballar i les mares voldran donar menjar als seus fills. I els funcionaris es cansaran de no cobrar les pagues extres. I els metges es cansaran de no tenir mitjans. Els bombers de no poder apagar focs i els mestres de tenir les aules plenes i haver d\u2019ensenyar el que el ministre Wert els dicti. Dubto que ens puguin domesticar a tots. No s\u00e9 si podran tancar totes les boques. No s\u00e9 si podran desallotjar totes les places. No s\u00e9 si podran jutjar tots els desobedients\u2026<\/p>\n<p align=\"justify\">Perqu\u00e8, al cap i a la fi, potser l\u2019\u00faltim recurs ser\u00e0 la desobedi\u00e8ncia civil. I no podran detenir tots els desobedients. No tindran prou jutges ni prou presons. Aix\u00f2 s\u00ed: nom\u00e9s ens podran v\u00e8ncer si no anem units, si ens precipitem i si no sabem tenir paci\u00e8ncia. Despr\u00e9s de tants anys\u2026 ja no ens vindr\u00e0 d\u2019una mica m\u00e9s!<\/p>\n<\/div>\n","protected":false},"excerpt":{"rendered":"<p>Espanya segueix\u00a0 essent molt diferent. Els agrada que sigui diferent. Volen que sigui diferent. Recordeu aquell lema franquista que deia\u00a0Spain is different? Doncs, aix\u00f2. Segueix ben vigent en molts aspectes. A Espanya segueixen havent-hi temes que no es poden tocar i que molts creuen que han de seguir com sempre. S\u00f3n temes tab\u00fas i, \u00e9s [&hellip;]<\/p>\n","protected":false},"author":214,"featured_media":0,"comment_status":"open","ping_status":"closed","sticky":false,"template":"","format":"standard","meta":{"_jetpack_memberships_contains_paid_content":false,"footnotes":"","jetpack_publicize_message":"","jetpack_publicize_feature_enabled":true,"jetpack_social_post_already_shared":false,"jetpack_social_options":{"image_generator_settings":{"template":"highway","default_image_id":0,"font":"","enabled":false},"version":2}},"categories":[877,172],"tags":[31863,31828],"class_list":["post-5033","post","type-post","status-publish","format-standard","hentry","category-catalunya","category-politica","tag-catalunya","tag-politica"],"jetpack_publicize_connections":[],"jetpack_featured_media_url":"","jetpack_shortlink":"https:\/\/wp.me\/pagkjs-1jb","jetpack-related-posts":[],"jetpack_sharing_enabled":true,"_links":{"self":[{"href":"https:\/\/blogs.avui.cat\/jaumepubill\/wp-json\/wp\/v2\/posts\/5033","targetHints":{"allow":["GET"]}}],"collection":[{"href":"https:\/\/blogs.avui.cat\/jaumepubill\/wp-json\/wp\/v2\/posts"}],"about":[{"href":"https:\/\/blogs.avui.cat\/jaumepubill\/wp-json\/wp\/v2\/types\/post"}],"author":[{"embeddable":true,"href":"https:\/\/blogs.avui.cat\/jaumepubill\/wp-json\/wp\/v2\/users\/214"}],"replies":[{"embeddable":true,"href":"https:\/\/blogs.avui.cat\/jaumepubill\/wp-json\/wp\/v2\/comments?post=5033"}],"version-history":[{"count":1,"href":"https:\/\/blogs.avui.cat\/jaumepubill\/wp-json\/wp\/v2\/posts\/5033\/revisions"}],"predecessor-version":[{"id":5034,"href":"https:\/\/blogs.avui.cat\/jaumepubill\/wp-json\/wp\/v2\/posts\/5033\/revisions\/5034"}],"wp:attachment":[{"href":"https:\/\/blogs.avui.cat\/jaumepubill\/wp-json\/wp\/v2\/media?parent=5033"}],"wp:term":[{"taxonomy":"category","embeddable":true,"href":"https:\/\/blogs.avui.cat\/jaumepubill\/wp-json\/wp\/v2\/categories?post=5033"},{"taxonomy":"post_tag","embeddable":true,"href":"https:\/\/blogs.avui.cat\/jaumepubill\/wp-json\/wp\/v2\/tags?post=5033"}],"curies":[{"name":"wp","href":"https:\/\/api.w.org\/{rel}","templated":true}]}}