{"id":5030,"date":"2014-09-27T12:15:06","date_gmt":"2014-09-27T11:15:06","guid":{"rendered":"http:\/\/blogs.avui.cat\/jaumepubill\/?p=5030"},"modified":"2014-09-27T12:15:06","modified_gmt":"2014-09-27T11:15:06","slug":"houston-tenim-un-problema","status":"publish","type":"post","link":"https:\/\/blogs.avui.cat\/jaumepubill\/2014\/09\/27\/houston-tenim-un-problema\/","title":{"rendered":"Houston, tenim un problema"},"content":{"rendered":"<h2><img loading=\"lazy\" decoding=\"async\" style=\"font-size: 13px;margin-left: 5px;margin-right: 5px\" alt=\"\" src=\"http:\/\/upload.wikimedia.org\/wikipedia\/commons\/thumb\/a\/ac\/Apollo_13-insignia.png\/360px-Apollo_13-insignia.png\" width=\"168\" height=\"169\" align=\"left\" \/><\/h2>\n<div>\n<div id=\"post-body-8446870319500807990\">\n<p align=\"justify\">Quan\u00a0 el 13 abril 1970\u00a0<strong>l&#8217;astronauta Jack Swigert<\/strong>\u00a0va dir la famosa frase\u00a0<strong>\u201cHouston, tenim un problema\u201d<\/strong>\u00a0durant l&#8217;accidentat viatge de<strong>l&#8217;Apol\u00b7lo 13<\/strong>,\u00a0 just despr\u00e9s d&#8217;observar que una gran quantitat de llums d&#8217;advert\u00e8ncia es van encendre en s\u00e8rie indicant la p\u00e8rdua de dues de les tres fonts generadores d&#8217;energia tots es van posar en estat d\u2019alerta. A partir d\u2019aquell moment, tots \u2013els de dalt i els de baix- es van adonar que tenien un problema greu\u00a0 i es van disposar a entomar-lo per tal de poder-lo solucionar.<\/p>\n<p align=\"justify\">La frase ha fet fortuna i, des de llavors, s\u2019ha fet servir per mil situacions diferents quan sorgeix un problema imprevist en un moment determinat. Avui \u00e9s un dia important per Catalunya perqu\u00e8 fa nom\u00e9s una estona que el President Mas ha firmat el decret per convocar la consulta el proper 9 de novembre, una consulta per poder decidir el futur pol\u00edtic del nostre pa\u00eds.<\/p>\n<p align=\"justify\">\u00bfPodem dir, doncs, que tenim un problema (i aquest no \u00e9s pas imprevist, sin\u00f3 que era totalment previsible), sabent que el decret ser\u00e0 recorregut i que la maquin\u00e0ria de l\u2019 Estat s\u2019ha posat a treballar des de fa temps per evitar de la forma que sigui que les coses es puguin anar desenvolupant com una gran part de catalans volem? Potser s\u00ed.\u00a0<strong>Per\u00f2, com en el cas de l\u2019 Apol\u00b7lo 13, em sembla que el problema ser\u00e0 una mica de tots. No el tenim nom\u00e9s nosaltres.\u00a0<\/strong>Aniria b\u00e9 recordar una mica la hist\u00f2ria de com va anar aquella missi\u00f3. L&#8217;Apol\u00b7lo 13 era el set\u00e8 vol del programa Apol\u00b7lo, llan\u00e7at en direcci\u00f3 a la Lluna mitjan\u00e7ant un coet del tipus Saturn 5. Va ser una missi\u00f3 espacial que tenia com missi\u00f3 efectuar un allunatge a la regi\u00f3 Fra Mauro, per\u00f2 una explosi\u00f3 a bord de la nau en el seu cam\u00ed a la Lluna va obligar la tripulaci\u00f3 a avortar la missi\u00f3 i orbitar al voltant de la Lluna sense assolir la seva comesa de dur el cinqu\u00e8 i el sis\u00e8 \u00e9sser hum\u00e0 a la superf\u00edcie lunar. A l&#8217;Apol\u00b7lo 14 se li va re assignar aquesta tasca, que va completar amb \u00e8xit.<\/p>\n<p align=\"justify\">D\u2019aqu\u00ed potser en podr\u00edem treure uns quants\u00a0<strong>ensenyaments que m\u2019agradaria compartir:<\/strong><\/p>\n<p align=\"justify\"><strong>El primer<\/strong>\u00a0\u00e9s que els problemes no s\u2019han de negar ni amagar. Els problemes hi s\u00f3n i a la vida en trobem de tota mena. El que cal fer \u00e9s afrontar-los i buscar-los-hi solucions. I si el problema \u00e9s compartit, la soluci\u00f3 tamb\u00e9 s\u2019hauria de buscar de forma compartida, cosa que, en aquest cas, sembla que una part no est\u00e0 disposada a fer. Cal afrontar la realitat i veure que el m\u00f3n canvia i les aspiracions de la gent tamb\u00e9 poden ser unes altres de com eren uns anys enrere.<\/p>\n<p align=\"justify\"><strong>El segon<\/strong>\u00a0\u00e9s que cadasc\u00fa ha d\u2019assumir la seva pr\u00f2pia responsabilitat. En aquest moment els principals responsables de buscar sortides s\u00f3n Rajoy i Mas. Doncs que s\u2019hi posin ja! Segur que hi han sortides i solucions a aquest problema concret i segur que si es posen a dialogar seriosament les trobaran. El que no pot ser \u00e9s que tothom es quedi all\u00e0 on \u00e9s sense adonar-se que el problema persistir\u00e0\u00a0 en el temps i que si no es busca soluci\u00f3 ara, tornar\u00e0 a plantejar-se m\u00e9s endavant i haurem perdut el temps de forma miserable. En realitat, els problemes de la vida s\u00f3n desafiaments i oportunitats per cr\u00e9ixer, millorar i anar endavant. Resignar-se al que tenim, no voler tocar res, no fer res, no millorar res\u2026 \u00e9s una forma de morir. Tot l\u2019univers est\u00e0 en constant evoluci\u00f3 i els pobles i les persones formen part d\u2019aquest univers que hem de millorar tenint somnis que ens poden semblar impossibles per\u00f2 que no ho s\u00f3n si ens posem a treballar obstinadament per fer-los realitat. I els pobles \u2013com les persones- tenen el dret i el deure de triar el seu propi dest\u00ed i el seu propi cam\u00ed.<\/p>\n<p align=\"justify\"><strong>El tercer<\/strong>\u00a0pensament que em sorgeix en aquest moment tan important \u00e9s que ens cal tenir const\u00e0ncia, perseveran\u00e7a, treballar durament, paci\u00e8ncia, habilitat, unitat i segurament que encara em deixo moltes m\u00e9s virtuts necess\u00e0ries i indispensables per moments com aquests. Per\u00f2 hem de creure que les tenim aquestes virtuts i que som capa\u00e7os de tirar endavant perqu\u00e8 ens espera un futur que val la pena. Per aix\u00f2 ens cal veure aquest moment com un moment engrescador i fascinant.<\/p>\n<p align=\"justify\"><strong>El quart<\/strong>\u00a0\u00e9s que hem de pensar que no som m\u00e9s que ning\u00fa, ni millors que ning\u00fa. Simplement que som diferents i volem elegir el nostre futur perqu\u00e8 aquest present i aquesta realitat no ens agrada, ens t\u00e9 lligats de mans i peus i no ens deixa ser el que volem ser. Ens sentim m\u00e9s esclaus que no pas amos del nostre dest\u00ed i no hi estem d\u2019acord. Volem construir una realitat nova tot sabent que no ser\u00e0 perfecta \u2013la realitat mai \u00e9s perfecta-, que ens costar\u00e0 molt i que li haurem d\u2019anar polint els defectes. Per\u00f2 ser\u00e0 la nostra. Nom\u00e9s demanem que respectin la nostra identitat i que cada poble pugui ser all\u00f2 que vol ser. Per damunt de les lleis hi ha la voluntat, sabent que qualsevol llei es pot canviar si la voluntat d\u2019una majoria vol fer-ho.<\/p>\n<p align=\"justify\"><strong>I el cinqu\u00e8\u00a0<\/strong>i darrer pensament que vull expressar \u00e9s que ens hem d\u2019adonar del moment que estem vivint. Que \u00e9s un moment important, una oportunitat que ens ha arribat i que no hem de deixar escapar. I que, si se\u2019ns escapa ara, haurem de seguir treballant per aconseguir-la m\u00e9s endavant. Les oportunitats a la vida arriben a vegades sense voler; per\u00f2 moltes altres vegades (quasi sempre) perqu\u00e8 es busquen i es treballen. Per tant, ens hem de conv\u00e8ncer tots plegats que no hi ha res definitiu, que tot es va construint i que passaran governs, presidents, tribunals, i forces pol\u00edtiques majorit\u00e0ries.I que les oportunitats no s\u2019acaben mai del tot. Vol dir que hem d\u2019estar sempre preparats i ben preparats.<\/p>\n<\/div>\n<\/div>\n","protected":false},"excerpt":{"rendered":"<p>Quan\u00a0 el 13 abril 1970\u00a0l&#8217;astronauta Jack Swigert\u00a0va dir la famosa frase\u00a0\u201cHouston, tenim un problema\u201d\u00a0durant l&#8217;accidentat viatge del&#8217;Apol\u00b7lo 13,\u00a0 just despr\u00e9s d&#8217;observar que una gran quantitat de llums d&#8217;advert\u00e8ncia es van encendre en s\u00e8rie indicant la p\u00e8rdua de dues de les tres fonts generadores d&#8217;energia tots es van posar en estat d\u2019alerta. A partir d\u2019aquell moment, [&hellip;]<\/p>\n","protected":false},"author":214,"featured_media":0,"comment_status":"open","ping_status":"closed","sticky":false,"template":"","format":"standard","meta":{"_jetpack_memberships_contains_paid_content":false,"footnotes":"","jetpack_publicize_message":"","jetpack_publicize_feature_enabled":true,"jetpack_social_post_already_shared":false,"jetpack_social_options":{"image_generator_settings":{"template":"highway","default_image_id":0,"font":"","enabled":false},"version":2}},"categories":[877,643,172],"tags":[31863,31850,31828],"class_list":["post-5030","post","type-post","status-publish","format-standard","hentry","category-catalunya","category-independencia","category-politica","tag-catalunya","tag-independencia","tag-politica"],"jetpack_publicize_connections":[],"jetpack_featured_media_url":"","jetpack_shortlink":"https:\/\/wp.me\/pagkjs-1j8","jetpack-related-posts":[],"jetpack_sharing_enabled":true,"_links":{"self":[{"href":"https:\/\/blogs.avui.cat\/jaumepubill\/wp-json\/wp\/v2\/posts\/5030","targetHints":{"allow":["GET"]}}],"collection":[{"href":"https:\/\/blogs.avui.cat\/jaumepubill\/wp-json\/wp\/v2\/posts"}],"about":[{"href":"https:\/\/blogs.avui.cat\/jaumepubill\/wp-json\/wp\/v2\/types\/post"}],"author":[{"embeddable":true,"href":"https:\/\/blogs.avui.cat\/jaumepubill\/wp-json\/wp\/v2\/users\/214"}],"replies":[{"embeddable":true,"href":"https:\/\/blogs.avui.cat\/jaumepubill\/wp-json\/wp\/v2\/comments?post=5030"}],"version-history":[{"count":1,"href":"https:\/\/blogs.avui.cat\/jaumepubill\/wp-json\/wp\/v2\/posts\/5030\/revisions"}],"predecessor-version":[{"id":5031,"href":"https:\/\/blogs.avui.cat\/jaumepubill\/wp-json\/wp\/v2\/posts\/5030\/revisions\/5031"}],"wp:attachment":[{"href":"https:\/\/blogs.avui.cat\/jaumepubill\/wp-json\/wp\/v2\/media?parent=5030"}],"wp:term":[{"taxonomy":"category","embeddable":true,"href":"https:\/\/blogs.avui.cat\/jaumepubill\/wp-json\/wp\/v2\/categories?post=5030"},{"taxonomy":"post_tag","embeddable":true,"href":"https:\/\/blogs.avui.cat\/jaumepubill\/wp-json\/wp\/v2\/tags?post=5030"}],"curies":[{"name":"wp","href":"https:\/\/api.w.org\/{rel}","templated":true}]}}