{"id":5005,"date":"2014-09-06T16:22:46","date_gmt":"2014-09-06T15:22:46","guid":{"rendered":"http:\/\/blogs.avui.cat\/jaumepubill\/?p=5005"},"modified":"2014-09-06T16:22:46","modified_gmt":"2014-09-06T15:22:46","slug":"la-dona-ideal-conte-destiu","status":"publish","type":"post","link":"https:\/\/blogs.avui.cat\/jaumepubill\/2014\/09\/06\/la-dona-ideal-conte-destiu\/","title":{"rendered":"La dona ideal (Conte d\u2019estiu)"},"content":{"rendered":"<h3><img data-recalc-dims=\"1\" loading=\"lazy\" decoding=\"async\" style=\"font-size: 13px;margin-left: 5px;margin-right: 5px\" alt=\"\" src=\"https:\/\/i0.wp.com\/www.entrevistasdetrabajo.com\/images\/preguntas-respuestas\/entrevista-trabajo-preguntas-abiertas.jpg?resize=210%2C140\" width=\"210\" height=\"140\" align=\"left\" \/><\/h3>\n<div id=\"post-body-6722870652125021827\">\n<p align=\"justify\">&#8211; Aix\u00ed que vost\u00e8 busca parella?<br \/>\n&#8211; Es podria dir que s\u00ed. Potser no exactament buscant, per\u00f2 s\u00ed amb ganes de trobar-ne.<br \/>\n&#8211; I digui\u2019m, quin \u00e9s el tipus de dona que li agrada?<br \/>\n&#8211; B\u00e9 &#8230; no sabria dir-ho amb precisi\u00f3, per\u00f2 buscant algun factor com\u00fa entre les dones amb qu\u00e8 he estat, podria dir que m&#8217;agraden intel\u00b7ligents, per exemple.<br \/>\n&#8211; Ah si? Intel\u00b7ligents &#8230; totes aquestes dones han sigut intel\u00b7ligents?<br \/>\n&#8211; S\u00ed, totes. B\u00e9 &#8230;, gaireb\u00e9 &#8230;, excepte una potser &#8230; En realitat, ara que ho recordo, n\u2019hi va haver una rematadament est\u00fapida, per\u00f2 no em va durar gaireb\u00e9 gens &#8230; M\u2019atreviria a dir que s\u00ed, que totes amb les que vaig tenir relacions duradores eren intel\u00b7ligents.<br \/>\n&#8211; B\u00e9, per\u00f2 llavors &#8230; si eren intel\u00b7ligents, per qu\u00e8 el van escollir a vost\u00e8?. Vost\u00e8 \u00e9s intel\u00b7ligent?<br \/>\n&#8211; \u00d2bviament s\u00ed!. B\u00e9 &#8230; no s\u00f3c Einstein per\u00f2&#8230; generalment em defenso for\u00e7a b\u00e9.<br \/>\n&#8211; Es defensa prou b\u00e9 o \u00e9s intel \u00b7 ligent?<br \/>\n&#8211; Ambdues coses &#8230; crec.<br \/>\n&#8211; Molt b\u00e9, aix\u00ed que si s\u00f3n intel\u00b7ligents a vost\u00e8 li agraden.<br \/>\n&#8211; S\u00ed. B\u00e9, no&#8230; En realitat s\u00ed, per\u00f2 no n\u2019hi ha prou amb aix\u00f2 .. he he<br \/>\n&#8211; He he?<br \/>\n&#8211; Vull dir &#8230; que han de ser intel\u00b7ligents, per\u00f2 no nom\u00e9s intel\u00b7ligents. Ha d&#8217;haver-hi alguna cosa m\u00e9s, no s\u00e9 si\u00a0 m\u2019ent\u00e9n.\u00a0\u00a0\u00a0\u00a0\u00a0\u00a0\u00a0\u00a0\u00a0\u00a0\u00a0\u00a0\u00a0\u00a0\u00a0\u00a0\u00a0\u00a0\u00a0\u00a0\u00a0\u00a0\u00a0\u00a0\u00a0\u00a0\u00a0\u00a0\u00a0\u00a0\u00a0\u00a0\u00a0\u00a0\u00a0\u00a0\u00a0\u00a0\u00a0\u00a0\u00a0\u00a0\u00a0\u00a0\u00a0\u00a0\u00a0\u00a0\u00a0\u00a0\u00a0\u00a0\u00a0\u00a0\u00a0\u00a0\u00a0\u00a0\u00a0\u00a0\u00a0\u00a0\u00a0\u00a0\u00a0\u00a0\u00a0\u00a0\u00a0\u00a0\u00a0\u00a0\u00a0\u00a0\u00a0\u00a0\u00a0\u00a0\u00a0\u00a0\u00a0\u00a0\u00a0\u00a0\u00a0\u00a0\u00a0\u00a0\u00a0\u00a0\u00a0\u00a0\u00a0\u00a0\u00a0\u00a0\u00a0\u00a0\u00a0\u00a0\u00a0\u00a0\u00a0\u00a0\u00a0\u00a0\u00a0\u00a0\u00a0\u00a0\u00a0\u00a0\u00a0\u00a0\u00a0\u00a0\u00a0\u00a0\u00a0\u00a0\u00a0\u00a0\u00a0\u00a0\u00a0\u00a0\u00a0\u00a0\u00a0\u00a0\u00a0\u00a0\u00a0\u00a0\u00a0\u00a0\u00a0\u00a0\u00a0\u00a0\u00a0\u00a0\u00a0\u00a0\u00a0\u00a0\u00a0\u00a0\u00a0\u00a0\u00a0\u00a0\u00a0\u00a0 &#8211; Crec que s\u00ed. I, quines altres coses -a m\u00e9s de la intel\u00b7lig\u00e8ncia- li agraden a vost\u00e8 de les dones?<br \/>\n&#8211; Uff, moltes &#8230;.. La sensibilitat, han de ser persones sensibles.<br \/>\n&#8211; Sensibles en quin sentit? Que plorin sovint?<br \/>\n&#8211; Nooo, no no no, em refereixo a sensibles. Que no plorin per qualsevol ximpleria, per\u00f2 s\u00ed que siguin capaces de commoure\u2019s, que no siguin indiferents, m&#8217;explico?<br \/>\n&#8211; Possiblement. O sigui que vost\u00e8 es considera un tipus sensible tamb\u00e9?<br \/>\n&#8211; Estem parlant de les dones o de mi? S\u00ed, s\u00f3c sensible, si.<br \/>\n&#8211; Molt sensible?<br \/>\n&#8211; No &#8230;.. jo que s\u00e9, sensible normal, no compliquem les coses&#8230; S\u00f3c un tipus bastant sensible.<br \/>\n&#8211; Bastant sensible &#8230;<br \/>\n&#8211; B\u00e9, s\u00ed, bastant sensible. No ser\u00e9 la m\u00e0xima sensibilitat per\u00f2 tampoc un monstre, de nen vaig plorar veient Bambi &#8230;<br \/>\n&#8211; No li va agradar?<br \/>\n&#8211; No et passis de llest!. Vaig plorar perqu\u00e8 em va commoure, d\u2019acord?<br \/>\n&#8211; B\u00e9. Intel\u00b7ligents i sensibles.<br \/>\n&#8211; Pseee\u2026<br \/>\n&#8211; Alguna cosa m\u00e9s m\u00e9s?<br \/>\n&#8211; S\u00ed, \u00e9s clar.<br \/>\n&#8211; Qu\u00e8 m\u00e9s?<br \/>\n&#8211; Simp\u00e0tiques, han de ser simp\u00e0tiques, m&#8217;agraden simp\u00e0tiques.<br \/>\n&#8211; Simp\u00e0tiques &#8230; b\u00e9. I vost\u00e8 \u00e9s simp\u00e0tic?<br \/>\n&#8211; S\u00ed home, s\u00ed que ho s\u00f3c. Qu\u00e8 no ho veus? Si no fos simp\u00e0tic ja t&#8217;hauria partit la cara, no et sembla?<br \/>\n&#8211; Si vost\u00e8 ho diu &#8230; Resumint. Aix\u00ed que, intel\u00b7ligents, sensibles i simp\u00e0tiques. Ja est\u00e0?<br \/>\n&#8211; \u00c9s clar que no! Tamb\u00e9 dolces, amb sentit de l&#8217;humor, educades &#8230;<br \/>\n&#8211; Com vost\u00e8, \u00e9s clar &#8230;<br \/>\n&#8211; Ets ruc o te\u2019l fas?<br \/>\n&#8211; Disculpi.<br \/>\n&#8211; I han de ser atractives, molt atractives. Perqu\u00e8 fixa\u2019t que si no m&#8217;agradessin&#8230; nom\u00e9s podr\u00edem ser amics. no?<br \/>\n&#8211; Llavors tamb\u00e9 atractives. Qu\u00e8 vol dir amb aix\u00f2 d\u2019atractives?<br \/>\n&#8211; Que estiguin bones. Cal que t\u2019ho expliqui?<br \/>\n&#8211; Vost\u00e8 es refereix al fet que siguin boniques &#8230;<br \/>\n&#8211; \u00c9s clar. Que vens de l\u2019hort tu ?. Que estiguin bones, bon cos, cara bonica, bonics ulls, un bon parell de cames, sexys &#8230;<br \/>\n&#8211; I les seves relacions passades tenien tot aix\u00f2?<br \/>\n&#8211; S\u00ed. B\u00e9, algunes tenien m\u00e9s d&#8217;aix\u00f2 o d&#8217;all\u00f2, per\u00f2 es podria dir que s\u00ed.<br \/>\n&#8211; Vost\u00e8 es considera un tipus atractiu? Perqu\u00e8 sembla tenir moltes pretensions &#8230;<br \/>\n&#8211; I jo que s\u00e9. No m\u2019ha anat gens malament &#8230; No, o sigui, no s\u00f3c Brad Pitt, per\u00f2 b\u00e9, vost\u00e8 tampoc ho \u00e9s.<br \/>\n&#8211; Per\u00f2 jo no s\u00f3c tan primmirat.<br \/>\n&#8211; Pitjor per a vost\u00e8. Tinc clar que no s\u00f3c un Adonis, perqu\u00e8 si ho fos no estaria aqu\u00ed perdent el temps amb vost\u00e8 &#8230;<br \/>\n&#8211; Est\u00e0 b\u00e9, no s&#8217;enfadi. El que passa \u00e9s que vost\u00e8 em descriu una dona que ha de ser molt atractiva f\u00edsicament, intel\u00b7ligent, sensible, simp\u00e0tica, educada, i vost\u00e8 \u2013si vol que li sigui franc-, \u00e9s bastant lleig, no sembla massa brillant, \u00e9s groller, antip\u00e0tic i bastant mal educat\u2026 Com pensa que una dona aix\u00ed es podria fixar en vost\u00e8?<br \/>\n&#8211; B\u00e9 &#8230; \u00e9s que vost\u00e8 est\u00e0 oblidant un detall important<br \/>\n&#8211; S\u00ed? Quin?<br \/>\n&#8211; En cap moment he dit que ella havia de tenir bon gust.<\/p>\n<\/div>\n","protected":false},"excerpt":{"rendered":"<p>&#8211; Aix\u00ed que vost\u00e8 busca parella? &#8211; Es podria dir que s\u00ed. Potser no exactament buscant, per\u00f2 s\u00ed amb ganes de trobar-ne. &#8211; I digui\u2019m, quin \u00e9s el tipus de dona que li agrada? &#8211; B\u00e9 &#8230; no sabria dir-ho amb precisi\u00f3, per\u00f2 buscant algun factor com\u00fa entre les dones amb qu\u00e8 he estat, podria [&hellip;]<\/p>\n","protected":false},"author":214,"featured_media":0,"comment_status":"open","ping_status":"closed","sticky":false,"template":"","format":"standard","meta":{"_jetpack_memberships_contains_paid_content":false,"footnotes":"","jetpack_publicize_message":"","jetpack_publicize_feature_enabled":true,"jetpack_social_post_already_shared":false,"jetpack_social_options":{"image_generator_settings":{"template":"highway","default_image_id":0,"font":"","enabled":false},"version":2}},"categories":[440],"tags":[31840],"class_list":["post-5005","post","type-post","status-publish","format-standard","hentry","category-literatura","tag-literatura"],"jetpack_publicize_connections":[],"jetpack_featured_media_url":"","jetpack_shortlink":"https:\/\/wp.me\/pagkjs-1iJ","jetpack-related-posts":[],"jetpack_sharing_enabled":true,"_links":{"self":[{"href":"https:\/\/blogs.avui.cat\/jaumepubill\/wp-json\/wp\/v2\/posts\/5005","targetHints":{"allow":["GET"]}}],"collection":[{"href":"https:\/\/blogs.avui.cat\/jaumepubill\/wp-json\/wp\/v2\/posts"}],"about":[{"href":"https:\/\/blogs.avui.cat\/jaumepubill\/wp-json\/wp\/v2\/types\/post"}],"author":[{"embeddable":true,"href":"https:\/\/blogs.avui.cat\/jaumepubill\/wp-json\/wp\/v2\/users\/214"}],"replies":[{"embeddable":true,"href":"https:\/\/blogs.avui.cat\/jaumepubill\/wp-json\/wp\/v2\/comments?post=5005"}],"version-history":[{"count":1,"href":"https:\/\/blogs.avui.cat\/jaumepubill\/wp-json\/wp\/v2\/posts\/5005\/revisions"}],"predecessor-version":[{"id":5006,"href":"https:\/\/blogs.avui.cat\/jaumepubill\/wp-json\/wp\/v2\/posts\/5005\/revisions\/5006"}],"wp:attachment":[{"href":"https:\/\/blogs.avui.cat\/jaumepubill\/wp-json\/wp\/v2\/media?parent=5005"}],"wp:term":[{"taxonomy":"category","embeddable":true,"href":"https:\/\/blogs.avui.cat\/jaumepubill\/wp-json\/wp\/v2\/categories?post=5005"},{"taxonomy":"post_tag","embeddable":true,"href":"https:\/\/blogs.avui.cat\/jaumepubill\/wp-json\/wp\/v2\/tags?post=5005"}],"curies":[{"name":"wp","href":"https:\/\/api.w.org\/{rel}","templated":true}]}}