{"id":4929,"date":"2014-06-30T12:11:28","date_gmt":"2014-06-30T11:11:28","guid":{"rendered":"http:\/\/blogs.avui.cat\/jaumepubill\/?p=4929"},"modified":"2014-06-30T12:11:28","modified_gmt":"2014-06-30T11:11:28","slug":"augment-preocupant-del-racisme-i-la-xenofobia","status":"publish","type":"post","link":"https:\/\/blogs.avui.cat\/jaumepubill\/2014\/06\/30\/augment-preocupant-del-racisme-i-la-xenofobia\/","title":{"rendered":"Augment preocupant del racisme i la xenof\u00f2bia"},"content":{"rendered":"<div id=\"post-body-2878870983018426109\">\n<p align=\"justify\"><img data-recalc-dims=\"1\" loading=\"lazy\" decoding=\"async\" style=\"margin-left: 5px;margin-right: 5px\" alt=\"\" src=\"https:\/\/i0.wp.com\/www.324.cat\/multimedia\/jpg\/4\/9\/1404054453894.jpg?resize=240%2C120\" width=\"240\" height=\"120\" align=\"left\" \/>Els que han visitat el camp d\u2019extermini d\u2019Auschwitz expliquen que \u00e9s una visita que no es pot oblidar mai m\u00e9s. Cal fer-la amb silenci, lentament i amb esperit observador i reflexiu, perqu\u00e8 \u00e9s un lloc on s\u2019hi poden aprendre moltes coses. \u00c9s el temple de l\u2019horror i del dolor hum\u00e0. Un testimoni viu d\u2019on pot arribar la maldat humana. Un lloc de dolor i vergonya, per causa de les idees delirants d\u2019un boig, que va voler dur-es fins a unes conseq\u00fc\u00e8ncies extremes. El resultat ja el sabem: m\u00e9s de tres milions de persones mortes nom\u00e9s en els camps d\u2019extermini.<\/p>\n<p align=\"justify\">\u00c9s una mica preocupant el que estem veient a Europa aquests darrers anys: sembla que augmenta la xenof\u00f2bia, el racisme, els discursos populistes i sembla que cada vegada hi ha m\u00e9s gent que pot expressar sense cap mena de pudor que \u00e9s nazi. I la societat qu\u00e8 fa? D\u00f3na prou respostes i prou contundents a aquestes formes intolerables de viol\u00e8ncia? A vegades sembla que encara vivim en situaci\u00f3 d\u2019amn\u00e8sia col\u00b7lectiva i mirant cap a un altre costat fent-nos els desentesos. I la cosa \u00e9s prou greu per tal de que comencem a reaccionar.<\/p>\n<p align=\"justify\">L\u2019agressi\u00f3 racista al metro de Barcelona que els mitjans de comunicaci\u00f3 expliquen aquests dies n\u2019\u00e9s una mostra m\u00e9s. Cada dia hi ha m\u00e9s beneits que graven i pengen \u2013sense cap tipus de pudor i sense massa por- a les xarxes socials aquest tipus d\u2019agressions. I, perqu\u00e8 normalment no passa res, ho segueixen fent i sembla que la cosa va en augment. El mateix noi que va penjar aquesta agressi\u00f3 titulava el video penjat a Youtube:\u00a0 \u201cNazis agredint un xin\u00e8s al metro de Barcelona\u201d.\u00a0 Quan va adonar-se que hi comen\u00e7aven a haver reaccions va afegir: \u201cEl del v\u00eddeo no s\u00f3c jo, jo s\u00f3c el que grava, ell \u00e9s un camarada rus, el xin\u00e8s ens estava insultant i el rus el va fer callar\u201d.\u00a0 I quedava tan tranquil\u2026<\/p>\n<p align=\"justify\">El m\u00e9s positiu que trobo d\u2019aquest trista hist\u00f2ria \u00e9s que sembla que la gent ha comen\u00e7at a reaccionar. Se n\u2019ha fet ress\u00f2 de la noticia, s\u2019ha seguit aquesta mala gent fins a saber qui s\u00f3n, com s&#8217;organitzen i amb quina impunitat actuen. \u00c9s una not\u00edcia excel\u00b7lent que hi hagi reaccions d\u2019aquest tipus. \u00c9s bo i \u00e9s signe de que , sortosament, no est\u00e0 tot perdut. La guerra no est\u00e0 guanyada encara, per\u00f2 potser anem guanyant petites batalles.<\/p>\n<p align=\"justify\">Partits com\u00a0 Plataforma per Catalunya (PxC), partit xen\u00f2fob i d\u2019extrema dreta, i personatges sinistres d&#8217;altres partits \u2013com Garc\u00eda Albiol del PP de Badalona, o alguns personatges de Ciudadanos que tenen relacions \u00edntimes amb aquests grups pro-nazis- haurien de ser posats a la llum, que tothom pogu\u00e9s saber qui s\u00f3n, bandejats obertament per la ciutadania, denunciats de seguida, i perseguits per la policia. En pa\u00efsos que es proclamen democr\u00e0tics aquestes coses no succeeixen. A Alemanya tenen ben present on porten aquests camins i ho tallen radicalment. Caldria fer igual aqu\u00ed perqu\u00e8, com m\u00e9s temps passem, m\u00e9s costar\u00e0 eradicar aquesta plaga.<\/p>\n<p align=\"justify\">A tots aquests nois tan eixerits i tan pinxos que es declaren obertament nazis, una de les coses que els jutges haurien de fer quan els portin al seu davant \u00e9s fer-los fer una visita \u2013guiada i ben explicada- als diferents camps d&#8217;extermini que encara es poden visitar a Europa. Potser aprendrien qu\u00e8 s&#8217;hi amaga sota la la paraula d&#8217;origen grec Holocaust (\u201csacrifici per foc\u201d), qu\u00e8 \u00e9s aix\u00f2 de \u201craces pures\u201d,\u201craces superiors i inferiors\u201d i qu\u00e8 vol dir respecte als drets de les persones i dels pobles.<\/p>\n<\/div>\n","protected":false},"excerpt":{"rendered":"<p>Els que han visitat el camp d\u2019extermini d\u2019Auschwitz expliquen que \u00e9s una visita que no es pot oblidar mai m\u00e9s. Cal fer-la amb silenci, lentament i amb esperit observador i reflexiu, perqu\u00e8 \u00e9s un lloc on s\u2019hi poden aprendre moltes coses. \u00c9s el temple de l\u2019horror i del dolor hum\u00e0. Un testimoni viu d\u2019on pot [&hellip;]<\/p>\n","protected":false},"author":214,"featured_media":0,"comment_status":"open","ping_status":"closed","sticky":false,"template":"","format":"standard","meta":{"_jetpack_memberships_contains_paid_content":false,"footnotes":"","jetpack_publicize_message":"","jetpack_publicize_feature_enabled":true,"jetpack_social_post_already_shared":false,"jetpack_social_options":{"image_generator_settings":{"template":"highway","default_image_id":0,"font":"","enabled":false},"version":2}},"categories":[431,160,80],"tags":[31839,31904,31827,31821],"class_list":["post-4929","post","type-post","status-publish","format-standard","hentry","category-drets-humans","category-societat","category-xenofobia","tag-drets-humans","tag-racisme","tag-societat","tag-xenofobia"],"jetpack_publicize_connections":[],"jetpack_featured_media_url":"","jetpack_shortlink":"https:\/\/wp.me\/pagkjs-1hv","jetpack-related-posts":[],"jetpack_sharing_enabled":true,"_links":{"self":[{"href":"https:\/\/blogs.avui.cat\/jaumepubill\/wp-json\/wp\/v2\/posts\/4929","targetHints":{"allow":["GET"]}}],"collection":[{"href":"https:\/\/blogs.avui.cat\/jaumepubill\/wp-json\/wp\/v2\/posts"}],"about":[{"href":"https:\/\/blogs.avui.cat\/jaumepubill\/wp-json\/wp\/v2\/types\/post"}],"author":[{"embeddable":true,"href":"https:\/\/blogs.avui.cat\/jaumepubill\/wp-json\/wp\/v2\/users\/214"}],"replies":[{"embeddable":true,"href":"https:\/\/blogs.avui.cat\/jaumepubill\/wp-json\/wp\/v2\/comments?post=4929"}],"version-history":[{"count":2,"href":"https:\/\/blogs.avui.cat\/jaumepubill\/wp-json\/wp\/v2\/posts\/4929\/revisions"}],"predecessor-version":[{"id":4932,"href":"https:\/\/blogs.avui.cat\/jaumepubill\/wp-json\/wp\/v2\/posts\/4929\/revisions\/4932"}],"wp:attachment":[{"href":"https:\/\/blogs.avui.cat\/jaumepubill\/wp-json\/wp\/v2\/media?parent=4929"}],"wp:term":[{"taxonomy":"category","embeddable":true,"href":"https:\/\/blogs.avui.cat\/jaumepubill\/wp-json\/wp\/v2\/categories?post=4929"},{"taxonomy":"post_tag","embeddable":true,"href":"https:\/\/blogs.avui.cat\/jaumepubill\/wp-json\/wp\/v2\/tags?post=4929"}],"curies":[{"name":"wp","href":"https:\/\/api.w.org\/{rel}","templated":true}]}}