{"id":490,"date":"2009-09-01T09:00:39","date_gmt":"2009-09-01T08:00:39","guid":{"rendered":"http:\/\/blogs.avui.cat\/jaumepubill\/2009\/09\/01\/captaires\/"},"modified":"2009-09-01T09:00:39","modified_gmt":"2009-09-01T08:00:39","slug":"captaires","status":"publish","type":"post","link":"https:\/\/blogs.avui.cat\/jaumepubill\/2009\/09\/01\/captaires\/","title":{"rendered":"Captaires."},"content":{"rendered":"<p><img data-recalc-dims=\"1\" loading=\"lazy\" decoding=\"async\" src=\"https:\/\/i0.wp.com\/www.agendadereflexion.com.ar\/fotos\/305\/Mendigos.jpg?resize=177%2C155\" width=\"177\" height=\"155\" \/> <\/p>\n<p>Demanar almoina a les portes dels temples deu ser una de les coses m\u00e9s antigues que existeixen. Tamb\u00e9 \u00e9s ben antiga l&#8217;exist\u00e8ncia d&#8217;aquelles persones que anaven de casa en casa i que jo recordo b\u00e9 de quan petit al meu poble. En d\u00e8iem &quot;demanar caritat&quot;.<\/p>\n<p>Un dels records ben patents tamb\u00e9 en mi, \u00e9s quan de ben petitet anava a passar l&#8217;estiu a la masia de la meva \u00e0via -al Solson\u00e8s- i com els captaires passaven peri\u00f2dicament i com se&#8217;ls donava sopar calent i un ja\u00e7 on poder passar la nit. Era una cosa acostumada, normal, familiar. Ja els coneixien i la relaci\u00f3 era molt bona.<\/p>\n<p>Ara les coses han canviat radicalment. Llegia, no fa gaire, que a la Parr\u00f2quia de Santa Susanna del Mercadal a Girona els problemes amb els mossens i amb els parroquians eren greus i constants. I veig que no \u00e9s un cas a\u00efllat, sin\u00f3 que \u00e9s ben present a tot arreu i cada dia. Moltes vegades han d&#8217;intervenir els municipals per baralles i conflictes.<\/p>\n<p>Al Full Parroquial de la Parr\u00f2quia de Sant Feliu de Girona s&#8217;hi llegia el seg\u00fcent comentari, amb el t\u00edtol&#160; &quot;Demanar &#8216;caritat&#8217; a la porta de l&#8217;esgl\u00e9sia&quot;:<\/p>\n<p>&quot;Sovint a les portes de les esgl\u00e9sies hi ha algun transe\u00fcnt, algun sense sostre, algun alcoh\u00f2lic, algun emigrant. . . que pidola &#8216;caritat&#8217;. I n&#8217;hi ha alguns que es mostren especialment empipadors i, fins i tot, violents. Hi ha hagut feligresos que s&#8217;han sentit insultats i intimidats. Hi ha queixes de ve\u00efns i, fins i tot, a algun pidolaire provocador se l&#8217;ha hagut de denunciar&quot;. En aquest cas, els capellans assenyalen que &quot;el tema s&#8217;ha comentat als responsables municipals i confiem que -entre tots- hi sapiguem trobar sortides humanes i positives&quot;.    <br \/>Els capellans denuncien que s&#8217;ha intentat el di\u00e0leg amb els captaires, per\u00f2 afirmen que no volen entendre la situaci\u00f3. \u00c9s un tema gens f\u00e0cil de solucionar i que s&#8217;hauria de treballar des d&#8217;\u00e0mbits diferents, encara que els resultats no s\u00f3n garantits, ni de bon tros. Entre aquesta gent hi trobes persones ben educades, amb bona fe i amb necessitats reals. Tamb\u00e9 hi trobes gent aprofitada, amb vicis i costums&#160; molt arrelats i amb clares malalties mentals i sense cap ganes de ser ajudats; a vegades amb mala fe i molt mala educaci\u00f3. Els voluntaris que treballen a les C\u00e0ritas Parroquials ho saben prou b\u00e9 i se&#8217;ls hauria de fer un monument per la paci\u00e8ncia que tenen quan els han de tractar.<\/p>\n<div>Etiquetes de Technorati: <a href=\"http:\/\/technorati.com\/tags\/Relacions+humanes\" rel=\"tag\">Relacions humanes<\/a>,<a href=\"http:\/\/technorati.com\/tags\/C%c3%a0ritas\" rel=\"tag\">C&#224;ritas<\/a>,<a href=\"http:\/\/technorati.com\/tags\/Malaltia+mental\" rel=\"tag\">Malaltia mental<\/a>,<a href=\"http:\/\/technorati.com\/tags\/Voluntariat\" rel=\"tag\">Voluntariat<\/a>,<a href=\"http:\/\/technorati.com\/tags\/Societat\" rel=\"tag\">Societat<\/a><\/div>\n","protected":false},"excerpt":{"rendered":"<p>Demanar almoina a les portes dels temples deu ser una de les coses m\u00e9s antigues que existeixen. Tamb\u00e9 \u00e9s ben antiga l&#8217;exist\u00e8ncia d&#8217;aquelles persones que anaven de casa en casa i que jo recordo b\u00e9 de quan petit al meu poble. En d\u00e8iem &quot;demanar caritat&quot;. Un dels records ben patents tamb\u00e9 en mi, \u00e9s quan [&hellip;]<\/p>\n","protected":false},"author":214,"featured_media":0,"comment_status":"open","ping_status":"open","sticky":false,"template":"","format":"standard","meta":{"_jetpack_memberships_contains_paid_content":false,"footnotes":"","jetpack_publicize_message":"","jetpack_publicize_feature_enabled":true,"jetpack_social_post_already_shared":false,"jetpack_social_options":{"image_generator_settings":{"template":"highway","default_image_id":0,"font":"","enabled":false},"version":2}},"categories":[2534,4785,2939,5009,160,753,2533],"tags":[],"class_list":["post-490","post","type-post","status-publish","format-standard","hentry","category-caritas","category-malaltia-mental","category-recursos","category-relacions-humanes","category-societat","category-violencia","category-voluntariat"],"jetpack_publicize_connections":[],"jetpack_featured_media_url":"","jetpack_shortlink":"https:\/\/wp.me\/pagkjs-7U","jetpack-related-posts":[],"jetpack_sharing_enabled":true,"_links":{"self":[{"href":"https:\/\/blogs.avui.cat\/jaumepubill\/wp-json\/wp\/v2\/posts\/490","targetHints":{"allow":["GET"]}}],"collection":[{"href":"https:\/\/blogs.avui.cat\/jaumepubill\/wp-json\/wp\/v2\/posts"}],"about":[{"href":"https:\/\/blogs.avui.cat\/jaumepubill\/wp-json\/wp\/v2\/types\/post"}],"author":[{"embeddable":true,"href":"https:\/\/blogs.avui.cat\/jaumepubill\/wp-json\/wp\/v2\/users\/214"}],"replies":[{"embeddable":true,"href":"https:\/\/blogs.avui.cat\/jaumepubill\/wp-json\/wp\/v2\/comments?post=490"}],"version-history":[{"count":0,"href":"https:\/\/blogs.avui.cat\/jaumepubill\/wp-json\/wp\/v2\/posts\/490\/revisions"}],"wp:attachment":[{"href":"https:\/\/blogs.avui.cat\/jaumepubill\/wp-json\/wp\/v2\/media?parent=490"}],"wp:term":[{"taxonomy":"category","embeddable":true,"href":"https:\/\/blogs.avui.cat\/jaumepubill\/wp-json\/wp\/v2\/categories?post=490"},{"taxonomy":"post_tag","embeddable":true,"href":"https:\/\/blogs.avui.cat\/jaumepubill\/wp-json\/wp\/v2\/tags?post=490"}],"curies":[{"name":"wp","href":"https:\/\/api.w.org\/{rel}","templated":true}]}}