{"id":4835,"date":"2014-05-13T16:37:29","date_gmt":"2014-05-13T15:37:29","guid":{"rendered":"http:\/\/blogs.avui.cat\/jaumepubill\/?p=4835"},"modified":"2014-05-29T20:17:05","modified_gmt":"2014-05-29T19:17:05","slug":"han-tallat-una-branca-pero-no-podran-matar-les-arrels","status":"publish","type":"post","link":"https:\/\/blogs.avui.cat\/jaumepubill\/2014\/05\/13\/han-tallat-una-branca-pero-no-podran-matar-les-arrels\/","title":{"rendered":"Han tallat una branca, per\u00f2 no podran matar les arrels"},"content":{"rendered":"<h2><a href=\"http:\/\/blogs.avui.cat\/jaumepubill\/2014\/05\/13\/han-tallat-una-branca-pero-no-podran-matar-les-arrels\/el-pi-de-les-tres-branques-1905\/\" rel=\"attachment wp-att-4865\"><img data-recalc-dims=\"1\" loading=\"lazy\" decoding=\"async\" data-attachment-id=\"4865\" data-permalink=\"https:\/\/blogs.avui.cat\/jaumepubill\/2014\/05\/13\/han-tallat-una-branca-pero-no-podran-matar-les-arrels\/el-pi-de-les-tres-branques-1905\/\" data-orig-file=\"https:\/\/i0.wp.com\/blogs.avui.cat\/jaumepubill\/files\/2014\/05\/El-Pi-de-les-tres-branques-1905.jpg?fit=640%2C647&amp;ssl=1\" data-orig-size=\"640,647\" data-comments-opened=\"1\" data-image-meta=\"{&quot;aperture&quot;:&quot;0&quot;,&quot;credit&quot;:&quot;&quot;,&quot;camera&quot;:&quot;&quot;,&quot;caption&quot;:&quot;&quot;,&quot;created_timestamp&quot;:&quot;0&quot;,&quot;copyright&quot;:&quot;&quot;,&quot;focal_length&quot;:&quot;0&quot;,&quot;iso&quot;:&quot;0&quot;,&quot;shutter_speed&quot;:&quot;0&quot;,&quot;title&quot;:&quot;&quot;}\" data-image-title=\"El Pi de les tres branques-1905\" data-image-description=\"\" data-image-caption=\"\" data-medium-file=\"https:\/\/i0.wp.com\/blogs.avui.cat\/jaumepubill\/files\/2014\/05\/El-Pi-de-les-tres-branques-1905.jpg?fit=296%2C300&amp;ssl=1\" data-large-file=\"https:\/\/i0.wp.com\/blogs.avui.cat\/jaumepubill\/files\/2014\/05\/El-Pi-de-les-tres-branques-1905.jpg?fit=640%2C647&amp;ssl=1\" class=\"alignleft size-thumbnail wp-image-4865\" alt=\"El Pi de les tres branques-1905\" src=\"https:\/\/i0.wp.com\/blogs.avui.cat\/jaumepubill\/files\/2014\/05\/El-Pi-de-les-tres-branques-1905-150x150.jpg?resize=150%2C150\" width=\"150\" height=\"150\" srcset=\"https:\/\/i0.wp.com\/blogs.avui.cat\/jaumepubill\/files\/2014\/05\/El-Pi-de-les-tres-branques-1905.jpg?resize=150%2C150&amp;ssl=1 150w, https:\/\/i0.wp.com\/blogs.avui.cat\/jaumepubill\/files\/2014\/05\/El-Pi-de-les-tres-branques-1905.jpg?zoom=2&amp;resize=150%2C150&amp;ssl=1 300w, https:\/\/i0.wp.com\/blogs.avui.cat\/jaumepubill\/files\/2014\/05\/El-Pi-de-les-tres-branques-1905.jpg?zoom=3&amp;resize=150%2C150&amp;ssl=1 450w\" sizes=\"auto, (max-width: 150px) 100vw, 150px\" \/><\/a><\/h2>\n<div>\n<div>\n<div>\n<div id=\"post-body-6405860113032139392\">\n<p align=\"right\"><em>El Pi de les Tres branques-1905<\/em><\/p>\n<p><em>&#8212;&#8212;&#8212;&#8212;&#8212;&#8212;&#8212;&#8212;&#8212;&#8212;&#8212;&#8212;&#8211;<\/em><\/p>\n<p align=\"justify\">Aquesta matinada han serrat una de les tres branques del m\u00edtic pi que cant\u00e0 Jacint Verdaguer com a s\u00edmbol de la unitat dels territoris de parla catalana.<\/p>\n<p align=\"justify\">Aquests territoris de Catalunya, Pa\u00eds Valenci\u00e0 i les Illes es veuen simbolitzats en les tres branques que surten del tronc com\u00fa d&#8217;aquest pi monumental, esdevenint aix\u00ed una met\u00e0fora de la unitat dels Pa\u00efsos Catalans.<\/p>\n<p align=\"justify\">Situat al Pla de Campllong (Bergued\u00e0), el Pi, amb m\u00e9s de 25 metres d&#8217;al\u00e7ada, presideix una esplanada i al seu voltant s&#8217;organitza cada any un aplec de contingut patri\u00f2tic i reivindicatiu de la unitat dels Pa\u00efsos Catalans. Algunes creences populars assenyalen que la seva naixen\u00e7a es remunta al segle XVI, assolint al segle XVIII una grand\u00e0ria considerable. El Pi va \u00e9sser durant la seva hist\u00f2ria testimoni de les batalles de les guerres carlines. M\u00e9s endavant, durant la Renaixen\u00e7a, esdev\u00e9 un s\u00edmbol pel moviment excursionista catal\u00e0, que el converteix en un indret de pelegrinatge i visita.<\/p>\n<p align=\"justify\"><strong>Jacint Verdaguer<\/strong>, a trav\u00e9s del seu poema &#8220;El Pi de les Tres Branques&#8221;, el dota del car\u00e0cter de s\u00edmbol nacional, tot i rememorant un suposat somni del rei en Jaume I que, al peu del Pi, augurava les conquestes i regnat de Catalunya, Mallorca i Val\u00e8ncia.<\/p>\n<p align=\"justify\"><strong style=\"font-size: 13px\">LO PI DE LES TRES BRANQUES<\/strong><\/p>\n<p align=\"justify\"><strong><a href=\"http:\/\/blogs.avui.cat\/jaumepubill\/2014\/05\/13\/han-tallat-una-branca-pero-no-podran-matar-les-arrels\/olympus-digital-camera-4\/\" rel=\"attachment wp-att-4866\"><img data-recalc-dims=\"1\" loading=\"lazy\" decoding=\"async\" data-attachment-id=\"4866\" data-permalink=\"https:\/\/blogs.avui.cat\/jaumepubill\/2014\/05\/13\/han-tallat-una-branca-pero-no-podran-matar-les-arrels\/olympus-digital-camera-4\/\" data-orig-file=\"https:\/\/i0.wp.com\/blogs.avui.cat\/jaumepubill\/files\/2014\/05\/P8200175.jpg?fit=1200%2C1600&amp;ssl=1\" data-orig-size=\"1200,1600\" data-comments-opened=\"1\" data-image-meta=\"{&quot;aperture&quot;:&quot;2.8&quot;,&quot;credit&quot;:&quot;&quot;,&quot;camera&quot;:&quot;X550,D545Z,C480Z&quot;,&quot;caption&quot;:&quot;&quot;,&quot;created_timestamp&quot;:&quot;1250753651&quot;,&quot;copyright&quot;:&quot;&quot;,&quot;focal_length&quot;:&quot;6.3&quot;,&quot;iso&quot;:&quot;50&quot;,&quot;shutter_speed&quot;:&quot;0.0025&quot;,&quot;title&quot;:&quot;OLYMPUS DIGITAL CAMERA&quot;}\" data-image-title=\"OLYMPUS DIGITAL CAMERA\" data-image-description=\"\" data-image-caption=\"\" data-medium-file=\"https:\/\/i0.wp.com\/blogs.avui.cat\/jaumepubill\/files\/2014\/05\/P8200175.jpg?fit=225%2C300&amp;ssl=1\" data-large-file=\"https:\/\/i0.wp.com\/blogs.avui.cat\/jaumepubill\/files\/2014\/05\/P8200175.jpg?fit=768%2C1024&amp;ssl=1\" class=\"alignright size-thumbnail wp-image-4866\" alt=\"OLYMPUS DIGITAL CAMERA\" src=\"https:\/\/i0.wp.com\/blogs.avui.cat\/jaumepubill\/files\/2014\/05\/P8200175-150x150.jpg?resize=150%2C150\" width=\"150\" height=\"150\" srcset=\"https:\/\/i0.wp.com\/blogs.avui.cat\/jaumepubill\/files\/2014\/05\/P8200175.jpg?resize=150%2C150&amp;ssl=1 150w, https:\/\/i0.wp.com\/blogs.avui.cat\/jaumepubill\/files\/2014\/05\/P8200175.jpg?zoom=2&amp;resize=150%2C150&amp;ssl=1 300w, https:\/\/i0.wp.com\/blogs.avui.cat\/jaumepubill\/files\/2014\/05\/P8200175.jpg?zoom=3&amp;resize=150%2C150&amp;ssl=1 450w\" sizes=\"auto, (max-width: 150px) 100vw, 150px\" \/><\/a><\/strong><br \/>\n<em>&#8220;Com una torre \u00e9s son tronc<br \/>\nque s&#8217;esbadia en tres branques<br \/>\ncom tres titans rabassuts<br \/>\nque sobre els n\u00favols s&#8217;abracen,<br \/>\nper sostenir en lo cel<br \/>\nuna c\u00fapula de rama<br \/>\nque fa ombra a tot lo pla<br \/>\ncom una nova muntanya. (&#8230;)<\/em><\/p>\n<p align=\"justify\"><em>Unides veu a les tres<br \/>\ncom les tres cordes d&#8217;una arpa<br \/>\ncom les tres nimfes d&#8217;eixa mar,<br \/>\nd&#8217;aqueix jard\u00ed les tres Gr\u00e0cies.<br \/>\nMes al veure desvetllar<br \/>\nlo lligador d&#8217;eixa garba,<br \/>\nprofeta, al Conqueridor<br \/>\nsols li diu eixa paraula:<br \/>\n-Preguem, que sols D\u00e9u \u00e9s gran,<br \/>\nlos h\u00f2mens s\u00f3n ombra vana;<br \/>\n<\/em>preguem que sia aqueix pi<br \/>\nl&#8217;arbre sagrat de la p\u00e0tria&#8221;.<\/p>\n<p align=\"justify\"><strong>Fragment del poema<\/strong><\/p>\n<p align=\"justify\"><b>Jacint Verdaguer (1845-1902)<\/b><\/p>\n<p>&nbsp;<\/p>\n<p align=\"justify\"><a href=\"http:\/\/blogs.avui.cat\/jaumepubill\/2014\/05\/13\/han-tallat-una-branca-pero-no-podran-matar-les-arrels\/img_5623\/\" rel=\"attachment wp-att-4867\"><img data-recalc-dims=\"1\" loading=\"lazy\" decoding=\"async\" data-attachment-id=\"4867\" data-permalink=\"https:\/\/blogs.avui.cat\/jaumepubill\/2014\/05\/13\/han-tallat-una-branca-pero-no-podran-matar-les-arrels\/img_5623\/\" data-orig-file=\"https:\/\/i0.wp.com\/blogs.avui.cat\/jaumepubill\/files\/2014\/05\/IMG_5623.jpg?fit=800%2C597&amp;ssl=1\" data-orig-size=\"800,597\" data-comments-opened=\"1\" data-image-meta=\"{&quot;aperture&quot;:&quot;0&quot;,&quot;credit&quot;:&quot;&quot;,&quot;camera&quot;:&quot;&quot;,&quot;caption&quot;:&quot;&quot;,&quot;created_timestamp&quot;:&quot;0&quot;,&quot;copyright&quot;:&quot;&quot;,&quot;focal_length&quot;:&quot;0&quot;,&quot;iso&quot;:&quot;0&quot;,&quot;shutter_speed&quot;:&quot;0&quot;,&quot;title&quot;:&quot;&quot;}\" data-image-title=\"IMG_5623\" data-image-description=\"\" data-image-caption=\"\" data-medium-file=\"https:\/\/i0.wp.com\/blogs.avui.cat\/jaumepubill\/files\/2014\/05\/IMG_5623.jpg?fit=300%2C223&amp;ssl=1\" data-large-file=\"https:\/\/i0.wp.com\/blogs.avui.cat\/jaumepubill\/files\/2014\/05\/IMG_5623.jpg?fit=800%2C597&amp;ssl=1\" class=\"alignleft size-thumbnail wp-image-4867\" alt=\"IMG_5623\" src=\"https:\/\/i0.wp.com\/blogs.avui.cat\/jaumepubill\/files\/2014\/05\/IMG_5623-150x150.jpg?resize=150%2C150\" width=\"150\" height=\"150\" srcset=\"https:\/\/i0.wp.com\/blogs.avui.cat\/jaumepubill\/files\/2014\/05\/IMG_5623.jpg?resize=150%2C150&amp;ssl=1 150w, https:\/\/i0.wp.com\/blogs.avui.cat\/jaumepubill\/files\/2014\/05\/IMG_5623.jpg?zoom=2&amp;resize=150%2C150&amp;ssl=1 300w, https:\/\/i0.wp.com\/blogs.avui.cat\/jaumepubill\/files\/2014\/05\/IMG_5623.jpg?zoom=3&amp;resize=150%2C150&amp;ssl=1 450w\" sizes=\"auto, (max-width: 150px) 100vw, 150px\" \/><\/a>A principis del segle XX, s&#8217;hi comencen a celebrar trobades de joves patriotes separatistes, majorit\u00e0riament de la Uni\u00f3 Catalanista, que edifiquen una torreta de protecci\u00f3 del tronc en ser-los cedit el terreny per part del propietari. A partir d&#8217;aleshores, cada any s&#8217;hi celebrar\u00e0 un aplec patri\u00f2tic, fins el 1924 en qu\u00e8, sota la dictadura de Primo de Rivera, l&#8217;acte de veneraci\u00f3 fou prohibit. Re empresa la celebraci\u00f3 de l&#8217;Aplec amb la Rep\u00fablica, fou altre cop prohibida amb la dictadura del general Franco, que coincideix amb la mort de l&#8217;arbre. Malgrat la mort, ja fa m\u00e9s de 50 anys, s&#8217;hi continua celebrant cada any el tradicional Aplec del Pi de les Tres Branques com un s\u00edmbol de lluita per les llibertats nacionals<\/p>\n<p align=\"justify\">Salvat diverses vegades d&#8217;\u00e9sser talat, ha superat al llarg dels anys tota mena d&#8217;agressions i maltempsades, com es pot veure en aquesta foto, en que es veuen els peus dels troncs tots rostats per les agressions rebudes. Aquesta matinada passada l\u2019agressi\u00f3 ha anat una mica m\u00e9s enll\u00e0 i han serrat tota sencera una de les branques. No s\u2019adonen que podran fer tots els intents possibles per tallar les branques i fer desapar\u00e8ixer el pi, per\u00f2 mai podran matar del tot les arrels catalanes que simbolitza aquest arbre. De moment,\u00a0<strong>amb les dues branques que queden, el<\/strong>\u00a0<strong>PI dibuixa la V de Vict\u00f2ria, de Votar i de Valors<\/strong>\u00a0i ens diu a tots que\u00a0<strong>VENCEREM!<\/strong><\/p>\n<p align=\"justify\">El primitiu pi va morir ja fa anys, per\u00f2 a uns 200 metres d&#8217;on es troba situat el Pi, hi ha un altre pi amb tres branques, conegut popularment com el Pi Jove, amb prop de 20 metres d&#8217;al\u00e7ada, ben viu, tot i les agressions que tamb\u00e9 ha rebut, i que simbolitza la renascuda lluita de les noves generacions per la unitat del nostre territori nacional, de Salses a Guardamar i de Fraga a Ma\u00f3.<\/p>\n<p align=\"justify\"><a href=\"http:\/\/blogs.avui.cat\/jaumepubill\/2014\/05\/13\/han-tallat-una-branca-pero-no-podran-matar-les-arrels\/olympus-digital-camera-5\/\" rel=\"attachment wp-att-4868\"><img data-recalc-dims=\"1\" loading=\"lazy\" decoding=\"async\" data-attachment-id=\"4868\" data-permalink=\"https:\/\/blogs.avui.cat\/jaumepubill\/2014\/05\/13\/han-tallat-una-branca-pero-no-podran-matar-les-arrels\/olympus-digital-camera-5\/\" data-orig-file=\"https:\/\/i0.wp.com\/blogs.avui.cat\/jaumepubill\/files\/2014\/05\/P8200178.jpg?fit=1200%2C1600&amp;ssl=1\" data-orig-size=\"1200,1600\" data-comments-opened=\"1\" data-image-meta=\"{&quot;aperture&quot;:&quot;2.8&quot;,&quot;credit&quot;:&quot;&quot;,&quot;camera&quot;:&quot;X550,D545Z,C480Z&quot;,&quot;caption&quot;:&quot;&quot;,&quot;created_timestamp&quot;:&quot;1250754394&quot;,&quot;copyright&quot;:&quot;&quot;,&quot;focal_length&quot;:&quot;6.3&quot;,&quot;iso&quot;:&quot;50&quot;,&quot;shutter_speed&quot;:&quot;0.005&quot;,&quot;title&quot;:&quot;OLYMPUS DIGITAL CAMERA&quot;}\" data-image-title=\"OLYMPUS DIGITAL CAMERA\" data-image-description=\"\" data-image-caption=\"\" data-medium-file=\"https:\/\/i0.wp.com\/blogs.avui.cat\/jaumepubill\/files\/2014\/05\/P8200178.jpg?fit=225%2C300&amp;ssl=1\" data-large-file=\"https:\/\/i0.wp.com\/blogs.avui.cat\/jaumepubill\/files\/2014\/05\/P8200178.jpg?fit=768%2C1024&amp;ssl=1\" class=\"alignleft size-thumbnail wp-image-4868\" alt=\"OLYMPUS DIGITAL CAMERA\" src=\"https:\/\/i0.wp.com\/blogs.avui.cat\/jaumepubill\/files\/2014\/05\/P8200178-150x150.jpg?resize=150%2C150\" width=\"150\" height=\"150\" srcset=\"https:\/\/i0.wp.com\/blogs.avui.cat\/jaumepubill\/files\/2014\/05\/P8200178.jpg?resize=150%2C150&amp;ssl=1 150w, https:\/\/i0.wp.com\/blogs.avui.cat\/jaumepubill\/files\/2014\/05\/P8200178.jpg?zoom=2&amp;resize=150%2C150&amp;ssl=1 300w, https:\/\/i0.wp.com\/blogs.avui.cat\/jaumepubill\/files\/2014\/05\/P8200178.jpg?zoom=3&amp;resize=150%2C150&amp;ssl=1 450w\" sizes=\"auto, (max-width: 150px) 100vw, 150px\" \/><\/a>El dos Pins han patit constants i simb\u00f2lics atacs de \u201cpatriotes espanyolistes\u201d que, des de la ignor\u00e0ncia i la barb\u00e0rie \u2013molt caracter\u00edstics en ells- han cregut que amb l&#8217;odi perpetu podran matar l\u2019esperit dels pa\u00efsos de parla catalana. Per\u00f2 no ho aconseguiran. Tot al contrari: aquesta mena d\u2019atacs -tant f\u00edsics com morals-, no fan m\u00e9s que refor\u00e7ar el nostre convenciment que que guanyarem la lluita, tot i que ens costi anys i molta suor. Guanyarem la lluita perqu\u00e8 sabem fefaentment que les nostres arrels s\u00f3n tan importants com les arrels d&#8217;un arbre; que el nostre passat \u00e9s tan imprescindible com el nostre futur i que l\u2019un i l\u2019altre van indefectiblement units.<\/p>\n<p align=\"justify\">Refarem el Pi tallat i cada una de les rames dels pa\u00efsos de parla catalana tamb\u00e9 es refaran i faran el seu cam\u00ed. Que ning\u00fa en tingui cap mena de dubte!<\/p>\n<\/div>\n<\/div>\n<\/div>\n<\/div>\n<p>Read more:\u00a0<a href=\"http:\/\/jaumepubill.blogspot.com\/#ixzz31btOINdJ\">http:\/\/jaumepubill.blogspot.com\/#ixzz31btOINdJ<\/a><\/p>\n","protected":false},"excerpt":{"rendered":"<p>El Pi de les Tres branques-1905 &#8212;&#8212;&#8212;&#8212;&#8212;&#8212;&#8212;&#8212;&#8212;&#8212;&#8212;&#8212;&#8211; Aquesta matinada han serrat una de les tres branques del m\u00edtic pi que cant\u00e0 Jacint Verdaguer com a s\u00edmbol de la unitat dels territoris de parla catalana. Aquests territoris de Catalunya, Pa\u00eds Valenci\u00e0 i les Illes es veuen simbolitzats en les tres branques que surten del tronc com\u00fa [&hellip;]<\/p>\n","protected":false},"author":214,"featured_media":0,"comment_status":"open","ping_status":"closed","sticky":false,"template":"","format":"standard","meta":{"_jetpack_memberships_contains_paid_content":false,"footnotes":"","jetpack_publicize_message":"","jetpack_publicize_feature_enabled":true,"jetpack_social_post_already_shared":false,"jetpack_social_options":{"image_generator_settings":{"template":"highway","default_image_id":0,"font":"","enabled":false},"version":2}},"categories":[643],"tags":[31850,1515],"class_list":["post-4835","post","type-post","status-publish","format-standard","hentry","category-independencia","tag-independencia","tag-paisos-catalans"],"jetpack_publicize_connections":[],"jetpack_featured_media_url":"","jetpack_shortlink":"https:\/\/wp.me\/pagkjs-1fZ","jetpack-related-posts":[],"jetpack_sharing_enabled":true,"_links":{"self":[{"href":"https:\/\/blogs.avui.cat\/jaumepubill\/wp-json\/wp\/v2\/posts\/4835","targetHints":{"allow":["GET"]}}],"collection":[{"href":"https:\/\/blogs.avui.cat\/jaumepubill\/wp-json\/wp\/v2\/posts"}],"about":[{"href":"https:\/\/blogs.avui.cat\/jaumepubill\/wp-json\/wp\/v2\/types\/post"}],"author":[{"embeddable":true,"href":"https:\/\/blogs.avui.cat\/jaumepubill\/wp-json\/wp\/v2\/users\/214"}],"replies":[{"embeddable":true,"href":"https:\/\/blogs.avui.cat\/jaumepubill\/wp-json\/wp\/v2\/comments?post=4835"}],"version-history":[{"count":5,"href":"https:\/\/blogs.avui.cat\/jaumepubill\/wp-json\/wp\/v2\/posts\/4835\/revisions"}],"predecessor-version":[{"id":4864,"href":"https:\/\/blogs.avui.cat\/jaumepubill\/wp-json\/wp\/v2\/posts\/4835\/revisions\/4864"}],"wp:attachment":[{"href":"https:\/\/blogs.avui.cat\/jaumepubill\/wp-json\/wp\/v2\/media?parent=4835"}],"wp:term":[{"taxonomy":"category","embeddable":true,"href":"https:\/\/blogs.avui.cat\/jaumepubill\/wp-json\/wp\/v2\/categories?post=4835"},{"taxonomy":"post_tag","embeddable":true,"href":"https:\/\/blogs.avui.cat\/jaumepubill\/wp-json\/wp\/v2\/tags?post=4835"}],"curies":[{"name":"wp","href":"https:\/\/api.w.org\/{rel}","templated":true}]}}